{"id":30814,"date":"2023-01-30T12:19:59","date_gmt":"2023-01-30T15:19:59","guid":{"rendered":"https:\/\/www.ilheusnoticias.net.br\/v1\/?p=30814"},"modified":"2023-01-30T12:22:18","modified_gmt":"2023-01-30T15:22:18","slug":"30814","status":"publish","type":"post","link":"https:\/\/www.ilheusnoticias.net.br\/v1\/2023\/01\/30\/30814\/","title":{"rendered":"Jer\u00f4nimo Rodrigues prestigia a 42\u00aa Noite da Beleza Negra, realizada pelo bloco afro Il\u00ea Aiy\u00ea"},"content":{"rendered":"<div class=\"Post\">\n<div class=\"Post-body\">\n<div class=\"Post-inner article\">\n<div class=\"PostFooterIcons metadata-icons\">\n<div align=\"center\"><\/div>\n<\/div>\n<\/div>\n<\/div>\n<\/div>\n<div class=\"Post\">\n<div class=\"Post-body\">\n<div class=\"Post-inner article\">\n<div class=\"PostHeaderIcons metadata-icons\"><\/div>\n<div class=\"PostContent\">\n<p><img src=\"http:\/\/www.blogdothame.blog.br\/v1\/wp-content\/uploads\/2023\/01\/beleza-negra-2-300x200.jpg\" \/><\/p>\n<p>Depois de dois anos suspensa por causa da pandemia da Covid-19, o bloco afro Il\u00ea Aiy\u00ea voltou a realizar a Noite da Beleza Negra. A 42\u00aa edi\u00e7\u00e3o do evento ocorreu, na noite deste s\u00e1bado (28), na Senzala do Barro Preto, no bairro Curuzu, em Salvador, e elegeu Dalila Santos, de 20 anos, como a Deusa do \u00c9bano para o Carnaval 2023. A concorrida cerim\u00f4nia contou com a presen\u00e7a do governador Jer\u00f4nimo Rodrigues, do secret\u00e1rio da Cultura, Bruno Monteiro,\u00a0 e demais autoridades.<\/p>\n<p>\u201cA Beleza Negra, al\u00e9m de uma festa cultural bonita do Il\u00ea Aiy\u00ea, tem como destaque, a preocupa\u00e7\u00e3o com a mulher. O papel da mulher em um cen\u00e1rio, em um lugar estrat\u00e9gico\u201d, declarou Jer\u00f4nimo. O governador refor\u00e7ou a emo\u00e7\u00e3o de comparecer a esta noite festiva: \u201cN\u00e3o poderia deixar de participar desta celebra\u00e7\u00e3o como uma forma de agradecimento e reconhecimento, mas revelando o meu compromisso com a cultura negra do estado da Bahia\u201d.<\/p>\n<p>O centen\u00e1rio de M\u00e3e Hilda Jitolu, l\u00edder espiritual do Il\u00ea Aiy\u00ea, e uma das fundadoras do bloco foi celebrado com leitura de texto do ator Suliv\u00e3 Bispo, com a representa\u00e7\u00e3o do orix\u00e1 Omolu, dono de significado profundo relacionado \u00e0 vida e \u00e0 morte. J\u00e1 o her\u00f3i angolano, Agostinho Neto, tema do bloco neste ano, foi representado pelo ator Diogo Lopes Filho. Outro homenagem realizada durante a noite foi \u00e0 mem\u00f3ria de S\u00e9rgio Roberto dos Santos, idealizador da Noite da Beleza Negra, que faleceu no \u00faltimo dia 22 de janeiro.<\/p>\n<\/div>\n<\/div>\n<\/div>\n<\/div>\n","protected":false},"excerpt":{"rendered":"<p>Depois de dois anos suspensa por causa da pandemia da Covid-19, o bloco afro Il\u00ea Aiy\u00ea voltou a realizar a Noite da Beleza Negra. A 42\u00aa edi\u00e7\u00e3o do evento ocorreu, na noite deste s\u00e1bado (28), na Senzala do Barro Preto, no bairro Curuzu, em Salvador, e elegeu Dalila Santos, de 20 anos, como a Deusa [&hellip;]<\/p>\n","protected":false},"author":2,"featured_media":0,"comment_status":"open","ping_status":"open","sticky":false,"template":"","format":"standard","meta":{"_links_to":"","_links_to_target":""},"categories":[7,9,8,1],"tags":[],"_links":{"self":[{"href":"https:\/\/www.ilheusnoticias.net.br\/v1\/wp-json\/wp\/v2\/posts\/30814"}],"collection":[{"href":"https:\/\/www.ilheusnoticias.net.br\/v1\/wp-json\/wp\/v2\/posts"}],"about":[{"href":"https:\/\/www.ilheusnoticias.net.br\/v1\/wp-json\/wp\/v2\/types\/post"}],"author":[{"embeddable":true,"href":"https:\/\/www.ilheusnoticias.net.br\/v1\/wp-json\/wp\/v2\/users\/2"}],"replies":[{"embeddable":true,"href":"https:\/\/www.ilheusnoticias.net.br\/v1\/wp-json\/wp\/v2\/comments?post=30814"}],"version-history":[{"count":3,"href":"https:\/\/www.ilheusnoticias.net.br\/v1\/wp-json\/wp\/v2\/posts\/30814\/revisions"}],"predecessor-version":[{"id":30817,"href":"https:\/\/www.ilheusnoticias.net.br\/v1\/wp-json\/wp\/v2\/posts\/30814\/revisions\/30817"}],"wp:attachment":[{"href":"https:\/\/www.ilheusnoticias.net.br\/v1\/wp-json\/wp\/v2\/media?parent=30814"}],"wp:term":[{"taxonomy":"category","embeddable":true,"href":"https:\/\/www.ilheusnoticias.net.br\/v1\/wp-json\/wp\/v2\/categories?post=30814"},{"taxonomy":"post_tag","embeddable":true,"href":"https:\/\/www.ilheusnoticias.net.br\/v1\/wp-json\/wp\/v2\/tags?post=30814"}],"curies":[{"name":"wp","href":"https:\/\/api.w.org\/{rel}","templated":true}]}}