{"id":30812,"date":"2023-01-30T12:18:47","date_gmt":"2023-01-30T15:18:47","guid":{"rendered":"https:\/\/www.ilheusnoticias.net.br\/v1\/?p=30812"},"modified":"2023-01-30T12:18:47","modified_gmt":"2023-01-30T15:18:47","slug":"sinjorba-e-abi-convocam-audiencia-publica-para-discutir-violencia-contra-a-imprensa","status":"publish","type":"post","link":"https:\/\/www.ilheusnoticias.net.br\/v1\/2023\/01\/30\/sinjorba-e-abi-convocam-audiencia-publica-para-discutir-violencia-contra-a-imprensa\/","title":{"rendered":"Sinjorba e ABI convocam Audi\u00eancia P\u00fablica para discutir viol\u00eancia contra a imprensa"},"content":{"rendered":"<div class=\"PostHeaderIcons metadata-icons\">Convocada pelo Sinjorba e pela ABI-BA, acontece na ter\u00e7a-feira (31), em Salvador, uma Audi\u00eancia P\u00fablica que tem como pauta o aumento da viol\u00eancia contra profissionais da imprensa. A reuni\u00e3o est\u00e1 marcada para as 10h, na sede da Associa\u00e7\u00e3o Bahiana de Imprensa, com a presen\u00e7a de representantes da \u00e1rea de seguran\u00e7a p\u00fablica.<\/div>\n<div class=\"PostContent\">\n<p>Na audi\u00eancia, Sinjorba e ABI v\u00e3o apresentar uma proposta de protocolo que proteja os trabalhadores da imprensa no exerc\u00edcio profissional . \u201cPrecisamos criar, urgentemente, mecanismos eficazes de prote\u00e7\u00e3o aos colegas jornalistas\u201d, enfatiza o presidente do Sinjorba, Moacy Neves. \u201cPara isso, \u00e9 indispens\u00e1vel o apoio dos \u00f3rg\u00e3os de seguran\u00e7a p\u00fablica\u201d.\u201d<\/p>\n<p>Em Salvador, somente neste m\u00eas de janeiro, j\u00e1 houve dois registros de viol\u00eancia contra profissionais da imprensa. No dia 11,\u00a0uma equipe da TV Aratu sofreu intimida\u00e7\u00e3o\u00a0quando cobria atos antidemocr\u00e1ticos na Barra. E, menos de uma semana depois, no dia 16,\u00a0a rep\u00f3rter Tarsilla Alvarindo, da RecordTV Itapoan, foi agredida fisicamente\u00a0durante reportagem na Avenida Orlando Gomes.<\/p>\n<\/div>\n","protected":false},"excerpt":{"rendered":"<p>Convocada pelo Sinjorba e pela ABI-BA, acontece na ter\u00e7a-feira (31), em Salvador, uma Audi\u00eancia P\u00fablica que tem como pauta o aumento da viol\u00eancia contra profissionais da imprensa. A reuni\u00e3o est\u00e1 marcada para as 10h, na sede da Associa\u00e7\u00e3o Bahiana de Imprensa, com a presen\u00e7a de representantes da \u00e1rea de seguran\u00e7a p\u00fablica. Na audi\u00eancia, Sinjorba e [&hellip;]<\/p>\n","protected":false},"author":2,"featured_media":0,"comment_status":"open","ping_status":"open","sticky":false,"template":"","format":"standard","meta":{"_links_to":"","_links_to_target":""},"categories":[7,9,8,1],"tags":[],"_links":{"self":[{"href":"https:\/\/www.ilheusnoticias.net.br\/v1\/wp-json\/wp\/v2\/posts\/30812"}],"collection":[{"href":"https:\/\/www.ilheusnoticias.net.br\/v1\/wp-json\/wp\/v2\/posts"}],"about":[{"href":"https:\/\/www.ilheusnoticias.net.br\/v1\/wp-json\/wp\/v2\/types\/post"}],"author":[{"embeddable":true,"href":"https:\/\/www.ilheusnoticias.net.br\/v1\/wp-json\/wp\/v2\/users\/2"}],"replies":[{"embeddable":true,"href":"https:\/\/www.ilheusnoticias.net.br\/v1\/wp-json\/wp\/v2\/comments?post=30812"}],"version-history":[{"count":1,"href":"https:\/\/www.ilheusnoticias.net.br\/v1\/wp-json\/wp\/v2\/posts\/30812\/revisions"}],"predecessor-version":[{"id":30813,"href":"https:\/\/www.ilheusnoticias.net.br\/v1\/wp-json\/wp\/v2\/posts\/30812\/revisions\/30813"}],"wp:attachment":[{"href":"https:\/\/www.ilheusnoticias.net.br\/v1\/wp-json\/wp\/v2\/media?parent=30812"}],"wp:term":[{"taxonomy":"category","embeddable":true,"href":"https:\/\/www.ilheusnoticias.net.br\/v1\/wp-json\/wp\/v2\/categories?post=30812"},{"taxonomy":"post_tag","embeddable":true,"href":"https:\/\/www.ilheusnoticias.net.br\/v1\/wp-json\/wp\/v2\/tags?post=30812"}],"curies":[{"name":"wp","href":"https:\/\/api.w.org\/{rel}","templated":true}]}}