{"id":30810,"date":"2023-01-30T12:16:28","date_gmt":"2023-01-30T15:16:28","guid":{"rendered":"https:\/\/www.ilheusnoticias.net.br\/v1\/?p=30810"},"modified":"2023-01-30T12:16:28","modified_gmt":"2023-01-30T15:16:28","slug":"tradicional-festa-do-senhor-do-bonfim-atrai-grande-publico-e-movimenta-distrito-de-banco-do-pedro","status":"publish","type":"post","link":"https:\/\/www.ilheusnoticias.net.br\/v1\/2023\/01\/30\/tradicional-festa-do-senhor-do-bonfim-atrai-grande-publico-e-movimenta-distrito-de-banco-do-pedro\/","title":{"rendered":"Tradicional festa do Senhor do Bonfim atrai grande p\u00fablico e movimenta distrito de Banco do Pedro"},"content":{"rendered":"<div class=\"imagem thumbnail col-xs-12 col-sm-8 col-md-6 col-lg-6 imagem-materia\"><a class=\"fresco\" title=\"\" href=\"https:\/\/portalfacilarquivos.blob.core.windows.net\/uploads\/ILHEUS\/imgOrig\/%7BE2C67ACB-3BDD-88AD-B7A1-7C73CCECB0EE%7D.jpeg\" data-fresco-caption=\"\"><img loading=\"lazy\" title=\"\" src=\"https:\/\/portalfacilarquivos.blob.core.windows.net\/uploads\/ILHEUS\/img\/%7BE2C67ACB-3BDD-88AD-B7A1-7C73CCECB0EE%7D\/%7BE2C67ACB-3BDD-88AD-B7A1-7C73CCECB0EE%7D_650X450.jpeg\" alt=\"festa do senhor do bonfim\" width=\"650\" height=\"450\" \/><\/a><\/p>\n<p class=\"bg-primary\">O movimento foi grande no \u00faltimo domingo (29), no distrito de Banco do Pedro. Fi\u00e9is de toda a regi\u00e3o participaram da missa festiva em homenagem ao padroeiro Senhor do Bonfim, padroeiro da localidade. Presente nas celebra\u00e7\u00f5es, o prefeito M\u00e1rio Alexandre destacou a import\u00e2ncia do fortalecimento das manifesta\u00e7\u00f5es religiosas e culturais, com foco no fomento \u00e0 atividade econ\u00f4mica e tur\u00edstica do munic\u00edpio.<\/p>\n<\/div>\n<p>\u201cUm momento emocionante, que tem uma grande simbologia religiosa e movimenta a nossa cidade neste ver\u00e3o. Mas acima de tudo, viemos pedir a Deus muita f\u00e9 e for\u00e7a para continuar trabalhando todos os dias pelo nosso povo\u201d, salientou M\u00e1rio Alexandre, que acompanhou os festejos ao lado de secret\u00e1rios, comunidade cat\u00f3lica e moradores.<\/p>\n<p>&nbsp;<\/p>\n<div class=\"imagem thumbnail col-xs-12 col-sm-8 col-md-6 col-lg-6 imagem-materia\"><a class=\"fresco\" title=\"\" href=\"https:\/\/portalfacilarquivos.blob.core.windows.net\/uploads\/ILHEUS\/imgOrig\/%7B0A06BA14-2B38-ADBC-EB03-B18C52ABC61B%7D.jpeg\" data-fresco-caption=\"\"><img loading=\"lazy\" src=\"https:\/\/portalfacilarquivos.blob.core.windows.net\/uploads\/ILHEUS\/img\/%7B0A06BA14-2B38-ADBC-EB03-B18C52ABC61B%7D\/%7B0A06BA14-2B38-ADBC-EB03-B18C52ABC61B%7D_450X650.jpeg\" alt=\"festa do senhor do bonfim\" width=\"450\" height=\"650\" \/><\/a>&nbsp;<\/p>\n<\/div>\n<p>Com o apoio da Prefeitura de Ilh\u00e9us, a tradicional festa contou com uma programa\u00e7\u00e3o extensa, que incluiu missa solene, prociss\u00e3o e shows com as bandas Stampa do Forr\u00f3, T\u00e1ssio Freitas, Top Gan e Banda Revoada, al\u00e9m\u00a0do Bloco Encontro dos Amigos.\u00a0O p\u00fablico se divertiu com as atividades do projeto Vem Viver Ver\u00e3o Interior, sob o comando do Grupo Thy Dance.<\/p>\n<p>A iniciativa conta com o apoio\u00a0da Centel Brasil, Drogarias Velanes e Bahia FM Sul. A programa\u00e7\u00e3o tamb\u00e9m levou brincadeiras, banho de espuma, bambol\u00ea e futebol, al\u00e9m da distribui\u00e7\u00e3o de picol\u00e9s e protetor solar.<\/p>\n<p>&nbsp;<\/p>\n<div class=\"imagem thumbnail col-xs-12 col-sm-8 col-md-6 col-lg-6 imagem-materia\"><a class=\"fresco\" title=\"\" href=\"https:\/\/portalfacilarquivos.blob.core.windows.net\/uploads\/ILHEUS\/imgOrig\/%7BEDE1D0CE-50C4-3C4A-EE40-DC72B7BDD1BE%7D.jpeg\" data-fresco-caption=\"\"><img loading=\"lazy\" title=\"\" src=\"https:\/\/portalfacilarquivos.blob.core.windows.net\/uploads\/ILHEUS\/img\/%7BEDE1D0CE-50C4-3C4A-EE40-DC72B7BDD1BE%7D\/%7BEDE1D0CE-50C4-3C4A-EE40-DC72B7BDD1BE%7D_650X450.jpeg\" alt=\"festa do senhor do bonfim\" width=\"650\" height=\"450\" \/><\/a><\/p>\n<p class=\"bg-primary\">A homenagem ao padroeiro \u00e9 uma das festividades mais tradicionais de Ilh\u00e9us. Todos os anos, a manifesta\u00e7\u00e3o popular re\u00fane grupos religiosos, art\u00edsticos, culturais, fam\u00edlias e centenas de turistas.<\/p>\n<\/div>\n","protected":false},"excerpt":{"rendered":"<p>O movimento foi grande no \u00faltimo domingo (29), no distrito de Banco do Pedro. Fi\u00e9is de toda a regi\u00e3o participaram da missa festiva em homenagem ao padroeiro Senhor do Bonfim, padroeiro da localidade. Presente nas celebra\u00e7\u00f5es, o prefeito M\u00e1rio Alexandre destacou a import\u00e2ncia do fortalecimento das manifesta\u00e7\u00f5es religiosas e culturais, com foco no fomento \u00e0 [&hellip;]<\/p>\n","protected":false},"author":2,"featured_media":0,"comment_status":"open","ping_status":"open","sticky":false,"template":"","format":"standard","meta":{"_links_to":"","_links_to_target":""},"categories":[7,9,8,1],"tags":[],"_links":{"self":[{"href":"https:\/\/www.ilheusnoticias.net.br\/v1\/wp-json\/wp\/v2\/posts\/30810"}],"collection":[{"href":"https:\/\/www.ilheusnoticias.net.br\/v1\/wp-json\/wp\/v2\/posts"}],"about":[{"href":"https:\/\/www.ilheusnoticias.net.br\/v1\/wp-json\/wp\/v2\/types\/post"}],"author":[{"embeddable":true,"href":"https:\/\/www.ilheusnoticias.net.br\/v1\/wp-json\/wp\/v2\/users\/2"}],"replies":[{"embeddable":true,"href":"https:\/\/www.ilheusnoticias.net.br\/v1\/wp-json\/wp\/v2\/comments?post=30810"}],"version-history":[{"count":1,"href":"https:\/\/www.ilheusnoticias.net.br\/v1\/wp-json\/wp\/v2\/posts\/30810\/revisions"}],"predecessor-version":[{"id":30811,"href":"https:\/\/www.ilheusnoticias.net.br\/v1\/wp-json\/wp\/v2\/posts\/30810\/revisions\/30811"}],"wp:attachment":[{"href":"https:\/\/www.ilheusnoticias.net.br\/v1\/wp-json\/wp\/v2\/media?parent=30810"}],"wp:term":[{"taxonomy":"category","embeddable":true,"href":"https:\/\/www.ilheusnoticias.net.br\/v1\/wp-json\/wp\/v2\/categories?post=30810"},{"taxonomy":"post_tag","embeddable":true,"href":"https:\/\/www.ilheusnoticias.net.br\/v1\/wp-json\/wp\/v2\/tags?post=30810"}],"curies":[{"name":"wp","href":"https:\/\/api.w.org\/{rel}","templated":true}]}}