{"id":30799,"date":"2023-01-28T09:32:42","date_gmt":"2023-01-28T12:32:42","guid":{"rendered":"https:\/\/www.ilheusnoticias.net.br\/v1\/?p=30799"},"modified":"2023-01-28T09:32:42","modified_gmt":"2023-01-28T12:32:42","slug":"prefeito-mario-alexandre-visita-obras-de-iluminacao-de-trecho-da-br-415","status":"publish","type":"post","link":"https:\/\/www.ilheusnoticias.net.br\/v1\/2023\/01\/28\/prefeito-mario-alexandre-visita-obras-de-iluminacao-de-trecho-da-br-415\/","title":{"rendered":"Prefeito M\u00e1rio Alexandre visita obras de ilumina\u00e7\u00e3o de trecho da BR-415"},"content":{"rendered":"<h3><\/h3>\n<p class=\"ds_chamada\">O servi\u00e7o compreende a instala\u00e7\u00e3o de 180 novos postes e lumin\u00e1rias com l\u00e2mpadas de LED, entre os bairros Teot\u00f4nio Vilela e Banco da Vit\u00f3ria<\/p>\n<p>Acompanhado de vereadores e equipe t\u00e9cnica, o prefeito M\u00e1rio Alexandre visitou na \u00faltima sexta-feira (27) as obras de ilumina\u00e7\u00e3o de trecho da BR-415, rodovia que liga Ilh\u00e9us a Itabuna. O servi\u00e7o compreende a instala\u00e7\u00e3o de 180 novos postes e lumin\u00e1rias com l\u00e2mpadas de LED, entre os bairros Teot\u00f4nio Vilela e Banco da Vit\u00f3ria, em uma extens\u00e3o de sete quil\u00f4metros.<\/p>\n<p>Na ocasi\u00e3o, o gestor destacou a import\u00e2ncia da representatividade do munic\u00edpio na Assembleia Legislativa da Bahia, visto que a obra \u00e9 proveniente de emenda da ex-deputada estadual \u00c2ngela Sousa. Os recursos somam R$ 1,3 milh\u00e3o.<\/p>\n<p>&nbsp;<\/p>\n<div class=\"imagem thumbnail col-xs-12 col-sm-8 col-md-6 col-lg-6 imagem-materia\">\n<p><a class=\"fresco\" title=\"\" href=\"https:\/\/portalfacilarquivos.blob.core.windows.net\/uploads\/ILHEUS\/imgOrig\/%7BCDAA2BCA-E6EB-C5C1-BDEE-E7DDB4C5B8E3%7D.jpg\" data-fresco-caption=\"\"><img loading=\"lazy\" title=\"\" src=\"https:\/\/portalfacilarquivos.blob.core.windows.net\/uploads\/ILHEUS\/img\/%7BCDAA2BCA-E6EB-C5C1-BDEE-E7DDB4C5B8E3%7D\/%7BCDAA2BCA-E6EB-C5C1-BDEE-E7DDB4C5B8E3%7D_650X450.jpg\" alt=\"visita; br-415; ilumina\u00e7\u00e3o\" width=\"650\" height=\"450\" \/><\/a><\/p>\n<\/div>\n<p>\u201cUma obra extremamente importante para o desenvolvimento da nossa cidade, fruto de emenda do \u00faltimo mandato da nossa deputada \u00c2ngela Sousa. Lutamos junto ao nosso ex-governador e agora ministro Rui Costa e ele entendeu que havia uma necessidade muito grande de realizar os servi\u00e7os. Os postes j\u00e1 est\u00e3o instalados, mas a ilumina\u00e7\u00e3o \u00e9 de responsabilidade da Prefeitura. Ent\u00e3o, essa parceria \u00e9 fundamental para garantir bem-estar, seguran\u00e7a e conforto aos motoristas, ciclistas e pedestres que utilizam a rodovia. Eu agrade\u00e7o todos os dias a Deus por me dar sa\u00fade para cuidar do nosso povo\u201d, destacou M\u00e1rio Alexandre.<\/p>\n<p>A entrega est\u00e1 prevista para o m\u00eas de fevereiro. M\u00e1rio Alexandre reiterou que com apoio da deputada estadual Soane Galv\u00e3o e do governador Jer\u00f4nimo Rodrigues, a cidade de Ilh\u00e9us continuar\u00e1 sendo beneficiada com investimentos nas \u00e1reas de Infraestrutura, Sa\u00fade e Educa\u00e7\u00e3o. \u201cTrabalhar com uni\u00e3o. \u00c9 isso que faz as coisas acontecerem\u201d.<\/p>\n<p>&nbsp;<\/p>\n<div class=\"imagem thumbnail col-xs-12 col-sm-8 col-md-6 col-lg-6 imagem-materia\">\n<p><a class=\"fresco\" title=\"\" href=\"https:\/\/portalfacilarquivos.blob.core.windows.net\/uploads\/ILHEUS\/imgOrig\/%7B4EDA3DEE-510C-5EAE-33D5-A33ABBD56EC5%7D.jpg\" data-fresco-caption=\"\"><img loading=\"lazy\" title=\"\" src=\"https:\/\/portalfacilarquivos.blob.core.windows.net\/uploads\/ILHEUS\/img\/%7B4EDA3DEE-510C-5EAE-33D5-A33ABBD56EC5%7D\/%7B4EDA3DEE-510C-5EAE-33D5-A33ABBD56EC5%7D_650X450.jpg\" alt=\"visita; br-415; ilumina\u00e7\u00e3o\" width=\"650\" height=\"450\" \/><\/a><\/p>\n<p class=\"bg-primary\">O trecho da rodovia abriga o Hospital Costa do Cacau e futuramente a Policl\u00ednica Regional de Sa\u00fade. No Banco da Vit\u00f3ria, em parceria com o Governo do Estado, a Prefeitura est\u00e1 construindo duas Unidades B\u00e1sicas de Sa\u00fade (UBSs), com foco na amplia\u00e7\u00e3o da assist\u00eancia \u00e0 comunidade local e de \u00e1reas adjacentes.<\/p>\n<\/div>\n<p>\u201cEsse corredor mostra a import\u00e2ncia que o governo tem dado ao munic\u00edpio de Ilh\u00e9us, prezando pela seguran\u00e7a e garantindo melhorias para a popula\u00e7\u00e3o que reside no entorno\u201d, completou o vereador Ivo Evangelista.<\/p>\n","protected":false},"excerpt":{"rendered":"<p>O servi\u00e7o compreende a instala\u00e7\u00e3o de 180 novos postes e lumin\u00e1rias com l\u00e2mpadas de LED, entre os bairros Teot\u00f4nio Vilela e Banco da Vit\u00f3ria Acompanhado de vereadores e equipe t\u00e9cnica, o prefeito M\u00e1rio Alexandre visitou na \u00faltima sexta-feira (27) as obras de ilumina\u00e7\u00e3o de trecho da BR-415, rodovia que liga Ilh\u00e9us a Itabuna. O servi\u00e7o [&hellip;]<\/p>\n","protected":false},"author":2,"featured_media":0,"comment_status":"open","ping_status":"open","sticky":false,"template":"","format":"standard","meta":{"_links_to":"","_links_to_target":""},"categories":[7,9,8,1],"tags":[],"_links":{"self":[{"href":"https:\/\/www.ilheusnoticias.net.br\/v1\/wp-json\/wp\/v2\/posts\/30799"}],"collection":[{"href":"https:\/\/www.ilheusnoticias.net.br\/v1\/wp-json\/wp\/v2\/posts"}],"about":[{"href":"https:\/\/www.ilheusnoticias.net.br\/v1\/wp-json\/wp\/v2\/types\/post"}],"author":[{"embeddable":true,"href":"https:\/\/www.ilheusnoticias.net.br\/v1\/wp-json\/wp\/v2\/users\/2"}],"replies":[{"embeddable":true,"href":"https:\/\/www.ilheusnoticias.net.br\/v1\/wp-json\/wp\/v2\/comments?post=30799"}],"version-history":[{"count":1,"href":"https:\/\/www.ilheusnoticias.net.br\/v1\/wp-json\/wp\/v2\/posts\/30799\/revisions"}],"predecessor-version":[{"id":30803,"href":"https:\/\/www.ilheusnoticias.net.br\/v1\/wp-json\/wp\/v2\/posts\/30799\/revisions\/30803"}],"wp:attachment":[{"href":"https:\/\/www.ilheusnoticias.net.br\/v1\/wp-json\/wp\/v2\/media?parent=30799"}],"wp:term":[{"taxonomy":"category","embeddable":true,"href":"https:\/\/www.ilheusnoticias.net.br\/v1\/wp-json\/wp\/v2\/categories?post=30799"},{"taxonomy":"post_tag","embeddable":true,"href":"https:\/\/www.ilheusnoticias.net.br\/v1\/wp-json\/wp\/v2\/tags?post=30799"}],"curies":[{"name":"wp","href":"https:\/\/api.w.org\/{rel}","templated":true}]}}