{"id":30797,"date":"2023-01-28T09:29:34","date_gmt":"2023-01-28T12:29:34","guid":{"rendered":"https:\/\/www.ilheusnoticias.net.br\/v1\/?p=30797"},"modified":"2023-01-28T09:29:34","modified_gmt":"2023-01-28T12:29:34","slug":"seguranca-publica-e-pauta-de-reuniao-entre-prefeito-mario-alexandre-e-policia-militar-da-bahia","status":"publish","type":"post","link":"https:\/\/www.ilheusnoticias.net.br\/v1\/2023\/01\/28\/seguranca-publica-e-pauta-de-reuniao-entre-prefeito-mario-alexandre-e-policia-militar-da-bahia\/","title":{"rendered":"Seguran\u00e7a P\u00fablica \u00e9 pauta de reuni\u00e3o entre prefeito M\u00e1rio Alexandre e Pol\u00edcia Militar da Bahia"},"content":{"rendered":"<p>&nbsp;<\/p>\n<div class=\"imagem thumbnail col-xs-12 col-sm-8 col-md-6 col-lg-6 imagem-materia\"><a class=\"fresco\" title=\"\" href=\"https:\/\/portalfacilarquivos.blob.core.windows.net\/uploads\/ILHEUS\/imgOrig\/%7B32EEC6CE-AAAB-BBA6-D6ED-ADBC105EC76B%7D.jpg\" data-fresco-caption=\"\"><img loading=\"lazy\" title=\"\" src=\"https:\/\/portalfacilarquivos.blob.core.windows.net\/uploads\/ILHEUS\/img\/%7B32EEC6CE-AAAB-BBA6-D6ED-ADBC105EC76B%7D\/%7B32EEC6CE-AAAB-BBA6-D6ED-ADBC105EC76B%7D_650X450.jpg\" alt=\"Seguran\u00e7a P\u00fablica\" width=\"650\" height=\"450\" \/><\/a><\/div>\n<p>Seguran\u00e7a do Est\u00e1dio M\u00e1rio Pessoa e medidas protetivas contra arrombamentos de estabelecimentos comerciais e cl\u00ednicas foram alguns dos pontos abordados durante reuni\u00e3o entre o prefeito M\u00e1rio Alexandre e autoridades da Pol\u00edcia Militar da Bahia.<\/p>\n<p>O encontro aconteceu nesta sexta-feira (27), no gabinete do Centro Administrativo da Conquista.<\/p>\n<p>Conforme o gestor, o objetivo \u00e9 discutir e propor solu\u00e7\u00f5es, com foco em uma atua\u00e7\u00e3o conjunta para promover a seguran\u00e7a na cidade. Os secret\u00e1rios Jo\u00e3o Aquino (Servi\u00e7os Urbanos); Mozart Arag\u00e3o (Casa Civil) e Marcelo Barreto (Ordem P\u00fablica) tamb\u00e9m participaram da reuni\u00e3o.<\/p>\n<p>&nbsp;<\/p>\n<div class=\"imagem thumbnail col-xs-12 col-sm-8 col-md-6 col-lg-6 imagem-materia\"><a class=\"fresco\" title=\"\" href=\"https:\/\/portalfacilarquivos.blob.core.windows.net\/uploads\/ILHEUS\/imgOrig\/%7BC8AAD1AD-01AD-B3AC-C0CE-AD6B4BC8A6AC%7D.jpg\" data-fresco-caption=\"\"><img loading=\"lazy\" title=\"\" src=\"https:\/\/portalfacilarquivos.blob.core.windows.net\/uploads\/ILHEUS\/img\/%7BC8AAD1AD-01AD-B3AC-C0CE-AD6B4BC8A6AC%7D\/%7BC8AAD1AD-01AD-B3AC-C0CE-AD6B4BC8A6AC%7D_650X450.jpg\" alt=\"Seguran\u00e7a P\u00fablica\" width=\"650\" height=\"450\" \/><\/a><\/div>\n<p>Na ocasi\u00e3o, o gestor ilheense reiterou o compromisso do Munic\u00edpio em apoiar as for\u00e7as policiais no combate ao crime.<\/p>\n<p>\u201cReuni\u00e3o importante para alinhar estrat\u00e9gias em prol da seguran\u00e7a do nosso povo. Queremos desenvolver um trabalho qualificado, com fiscaliza\u00e7\u00e3o constante e um policiamento integrado em todos os pontos da nossa cidade\u201d.<\/p>\n<p>Estiveram presentes o\u00a0coronel C\u00e2mara;\u00a0tenente-coronel Riccio e os capit\u00e3es Dantas e Am\u00e9rico. A Pol\u00edcia Militar tem atuado com intelig\u00eancia para desvendar crimes cometidos em Ilh\u00e9us, culminando na pris\u00e3o de um indiv\u00edduo com mandado de pris\u00e3o em aberto e morte de outro ap\u00f3s confronto.<\/p>\n<p>A pauta tamb\u00e9m discutiu quest\u00f5es ligadas \u00e0 desocupa\u00e7\u00e3o de pr\u00e9dios p\u00fablicos, cujos espa\u00e7os est\u00e3o sendo utilizados por pessoas em situa\u00e7\u00e3o de rua.<\/p>\n","protected":false},"excerpt":{"rendered":"<p>&nbsp; Seguran\u00e7a do Est\u00e1dio M\u00e1rio Pessoa e medidas protetivas contra arrombamentos de estabelecimentos comerciais e cl\u00ednicas foram alguns dos pontos abordados durante reuni\u00e3o entre o prefeito M\u00e1rio Alexandre e autoridades da Pol\u00edcia Militar da Bahia. O encontro aconteceu nesta sexta-feira (27), no gabinete do Centro Administrativo da Conquista. Conforme o gestor, o objetivo \u00e9 discutir [&hellip;]<\/p>\n","protected":false},"author":2,"featured_media":0,"comment_status":"open","ping_status":"open","sticky":false,"template":"","format":"standard","meta":{"_links_to":"","_links_to_target":""},"categories":[7,9,8,1],"tags":[],"_links":{"self":[{"href":"https:\/\/www.ilheusnoticias.net.br\/v1\/wp-json\/wp\/v2\/posts\/30797"}],"collection":[{"href":"https:\/\/www.ilheusnoticias.net.br\/v1\/wp-json\/wp\/v2\/posts"}],"about":[{"href":"https:\/\/www.ilheusnoticias.net.br\/v1\/wp-json\/wp\/v2\/types\/post"}],"author":[{"embeddable":true,"href":"https:\/\/www.ilheusnoticias.net.br\/v1\/wp-json\/wp\/v2\/users\/2"}],"replies":[{"embeddable":true,"href":"https:\/\/www.ilheusnoticias.net.br\/v1\/wp-json\/wp\/v2\/comments?post=30797"}],"version-history":[{"count":1,"href":"https:\/\/www.ilheusnoticias.net.br\/v1\/wp-json\/wp\/v2\/posts\/30797\/revisions"}],"predecessor-version":[{"id":30798,"href":"https:\/\/www.ilheusnoticias.net.br\/v1\/wp-json\/wp\/v2\/posts\/30797\/revisions\/30798"}],"wp:attachment":[{"href":"https:\/\/www.ilheusnoticias.net.br\/v1\/wp-json\/wp\/v2\/media?parent=30797"}],"wp:term":[{"taxonomy":"category","embeddable":true,"href":"https:\/\/www.ilheusnoticias.net.br\/v1\/wp-json\/wp\/v2\/categories?post=30797"},{"taxonomy":"post_tag","embeddable":true,"href":"https:\/\/www.ilheusnoticias.net.br\/v1\/wp-json\/wp\/v2\/tags?post=30797"}],"curies":[{"name":"wp","href":"https:\/\/api.w.org\/{rel}","templated":true}]}}