{"id":30794,"date":"2023-01-28T09:27:34","date_gmt":"2023-01-28T12:27:34","guid":{"rendered":"https:\/\/www.ilheusnoticias.net.br\/v1\/?p=30794"},"modified":"2023-01-28T09:27:34","modified_gmt":"2023-01-28T12:27:34","slug":"seduc-recebe-novo-onibus-para-transporte-de-alunos-da-rede-municipal-de-ilheus","status":"publish","type":"post","link":"https:\/\/www.ilheusnoticias.net.br\/v1\/2023\/01\/28\/seduc-recebe-novo-onibus-para-transporte-de-alunos-da-rede-municipal-de-ilheus\/","title":{"rendered":"Seduc recebe novo \u00f4nibus para transporte de alunos da rede municipal de Ilh\u00e9us"},"content":{"rendered":"<p class=\"ds_chamada\">O ve\u00edculo 0 KM \u00e9 adaptado e possui capacidade para transportar 29 pessoas<\/p>\n<p class=\"dt_materia\">\u00a0Ilh\u00e9us ganhou mais um \u00f4nibus para o transporte escolar. O prefeito M\u00e1rio Alexandre e a secretaria de Educa\u00e7\u00e3o, Eliane Oliveira, realizaram a entrega na manh\u00e3 desta sexta-feira (27), no p\u00e1tio do Centro Administrativo da Conquista. O ve\u00edculo vai atender os estudantes, n\u00e3o apenas no deslocamento para as unidades escolares, mas tamb\u00e9m para as a\u00e7\u00f5es pedag\u00f3gicas que s\u00e3o promovidas com frequ\u00eancia pela pasta.<\/p>\n<p>&nbsp;<\/p>\n<div class=\"imagem thumbnail col-xs-12 col-sm-8 col-md-6 col-lg-6 imagem-materia\"><a class=\"fresco\" title=\"\" href=\"https:\/\/portalfacilarquivos.blob.core.windows.net\/uploads\/ILHEUS\/imgOrig\/%7B5340774D-00AA-CCDC-CBB6-08BDBAA4D2BA%7D.jpeg\" data-fresco-caption=\"\"><img loading=\"lazy\" title=\"\" src=\"https:\/\/portalfacilarquivos.blob.core.windows.net\/uploads\/ILHEUS\/img\/%7B5340774D-00AA-CCDC-CBB6-08BDBAA4D2BA%7D\/%7B5340774D-00AA-CCDC-CBB6-08BDBAA4D2BA%7D_650X450.jpeg\" alt=\"entrega do onibus\" width=\"650\" height=\"450\" \/><\/a><\/div>\n<p>O ve\u00edculo 0 KM \u00e9 adaptado e possui capacidade para transportar 29 pessoas. O \u00f4nibus vai renovar a frota da Educa\u00e7\u00e3o, atendendo principalmente as crian\u00e7as com defici\u00eancia e oferecendo transporte de qualidade e inclusivo.<\/p>\n<div class=\"imagem thumbnail col-xs-12 col-sm-8 col-md-6 col-lg-6 imagem-materia\"><a class=\"fresco\" title=\"\" href=\"https:\/\/portalfacilarquivos.blob.core.windows.net\/uploads\/ILHEUS\/imgOrig\/%7B27A15AEE-B0BA-ECAA-8D8D-3C7EE33D5C38%7D.jpeg\" data-fresco-caption=\"\"><img loading=\"lazy\" title=\"\" src=\"https:\/\/portalfacilarquivos.blob.core.windows.net\/uploads\/ILHEUS\/img\/%7B27A15AEE-B0BA-ECAA-8D8D-3C7EE33D5C38%7D\/%7B27A15AEE-B0BA-ECAA-8D8D-3C7EE33D5C38%7D_650X450.jpeg\" alt=\"entrega de onibus\" width=\"650\" height=\"450\" \/><\/a><\/p>\n<p class=\"bg-primary\">O autom\u00f3vel faz parte de emenda do deputado estadual Jurailton Santos, que na ocasi\u00e3o foi representado pelo vereador Ivo Evangelista.<\/p>\n<\/div>\n<p>\u201cCom o recebimento desse \u00f4nibus, a rede municipal de ensino amplia a sua oferta de transporte \u00a0com acessibilidade para os nossos estudantes. Agrade\u00e7o a parceria do deputado \u00a0atrav\u00e9s do vereador Ivo Evangelista. Ilh\u00e9us ganha e n\u00f3s ficamos muito felizes, salientou o gestor.<\/p>\n","protected":false},"excerpt":{"rendered":"<p>O ve\u00edculo 0 KM \u00e9 adaptado e possui capacidade para transportar 29 pessoas \u00a0Ilh\u00e9us ganhou mais um \u00f4nibus para o transporte escolar. O prefeito M\u00e1rio Alexandre e a secretaria de Educa\u00e7\u00e3o, Eliane Oliveira, realizaram a entrega na manh\u00e3 desta sexta-feira (27), no p\u00e1tio do Centro Administrativo da Conquista. O ve\u00edculo vai atender os estudantes, n\u00e3o [&hellip;]<\/p>\n","protected":false},"author":2,"featured_media":0,"comment_status":"open","ping_status":"open","sticky":false,"template":"","format":"standard","meta":{"_links_to":"","_links_to_target":""},"categories":[7,9,8,1],"tags":[],"_links":{"self":[{"href":"https:\/\/www.ilheusnoticias.net.br\/v1\/wp-json\/wp\/v2\/posts\/30794"}],"collection":[{"href":"https:\/\/www.ilheusnoticias.net.br\/v1\/wp-json\/wp\/v2\/posts"}],"about":[{"href":"https:\/\/www.ilheusnoticias.net.br\/v1\/wp-json\/wp\/v2\/types\/post"}],"author":[{"embeddable":true,"href":"https:\/\/www.ilheusnoticias.net.br\/v1\/wp-json\/wp\/v2\/users\/2"}],"replies":[{"embeddable":true,"href":"https:\/\/www.ilheusnoticias.net.br\/v1\/wp-json\/wp\/v2\/comments?post=30794"}],"version-history":[{"count":1,"href":"https:\/\/www.ilheusnoticias.net.br\/v1\/wp-json\/wp\/v2\/posts\/30794\/revisions"}],"predecessor-version":[{"id":30795,"href":"https:\/\/www.ilheusnoticias.net.br\/v1\/wp-json\/wp\/v2\/posts\/30794\/revisions\/30795"}],"wp:attachment":[{"href":"https:\/\/www.ilheusnoticias.net.br\/v1\/wp-json\/wp\/v2\/media?parent=30794"}],"wp:term":[{"taxonomy":"category","embeddable":true,"href":"https:\/\/www.ilheusnoticias.net.br\/v1\/wp-json\/wp\/v2\/categories?post=30794"},{"taxonomy":"post_tag","embeddable":true,"href":"https:\/\/www.ilheusnoticias.net.br\/v1\/wp-json\/wp\/v2\/tags?post=30794"}],"curies":[{"name":"wp","href":"https:\/\/api.w.org\/{rel}","templated":true}]}}