{"id":30790,"date":"2023-01-27T06:55:22","date_gmt":"2023-01-27T09:55:22","guid":{"rendered":"https:\/\/www.ilheusnoticias.net.br\/v1\/?p=30790"},"modified":"2023-01-27T06:55:22","modified_gmt":"2023-01-27T09:55:22","slug":"entenda-o-que-sao-as-vacinas-bivalentes-contra-a-covid","status":"publish","type":"post","link":"https:\/\/www.ilheusnoticias.net.br\/v1\/2023\/01\/27\/entenda-o-que-sao-as-vacinas-bivalentes-contra-a-covid\/","title":{"rendered":"Entenda o que s\u00e3o as vacinas bivalentes contra a Covid"},"content":{"rendered":"<div class=\"row content-head non-featured \">\n<div class=\"title\" data-block-type=\"title\" data-block-id=\"0\">\n<h1 class=\"content-head__title\"><em>I<\/em><span style=\"font-size: 16px;\">munizantes da Pfizer foram elaborados para oferecer uma prote\u00e7\u00e3o extra contra a \u00f4micron e as suas subvariantes. Minist\u00e9rio da Sa\u00fade divulgou plano de vacina\u00e7\u00e3o para 2023.<\/span><\/h1>\n<\/div>\n<\/div>\n<div class=\"content__signa-share\">\n<div class=\"content__signature\">\n<div class=\"content-publication-data\">\n<div class=\"content-publication-data__text\">\n<p class=\"content-publication-data__from\" title=\"g1\">Por g1<\/p>\n<p class=\"content-publication-data__updated\"><img class=\"content-video__placeholder__thumb\" title=\"Covid-19: entenda as diferen\u00e7as entra as vacinas atuais e as bivalentes\" src=\"https:\/\/s01.video.glbimg.com\/x240\/11142116.jpg\" alt=\"Covid-19: entenda as diferen\u00e7as entra as vacinas atuais e as bivalentes\" \/><\/p>\n<\/div>\n<\/div>\n<\/div>\n<\/div>\n<div class=\"mc-article-body\">\n<article>\n<div id=\"chunk-atggm\">\n<div class=\"bs-video-block mc-column  content-media content-video\" data-block-type=\"backstage-video\" data-block-id=\"1\">\n<div class=\"content-media__container\">\n<div class=\"content-video__bigger-player-description-fixer\">\n<article class=\"content-video\">\n<section class=\"content-video__video-container\">\n<div class=\"content-video__video\">\n<div id=\"wp3-player-2\" class=\"clappr-player\" tabindex=\"9999\" data-player=\"\">\n<div class=\"dfp-ad-overlay dfp-ad-overlay--poster-mode\">\n<div><\/div>\n<\/div>\n<\/div>\n<\/div>\n<\/section>\n<\/article>\n<\/div>\n<p class=\"content-media__description\">Covid-19: entenda as diferen\u00e7as entra as vacinas atuais e as bivalentes<\/p>\n<\/div>\n<\/div>\n<\/div>\n<div id=\"chunk-5666a\">\n<div class=\"mc-column content-text active-extra-styles \" data-block-type=\"unstyled\" data-block-weight=\"24\" data-block-id=\"3\">\n<p class=\"content-text__container \" data-track-category=\"Link no Texto\" data-track-links=\"\">O Minist\u00e9rio da Sa\u00fade divulgou nesta quinta-feira (26)\u00a0<a href=\"https:\/\/g1.globo.com\/saude\/coronavirus\/noticia\/2023\/01\/26\/ministerio-da-saude-divulga-plano-de-vacinacao-contra-covid-19-para-2023.ghtml\">o plano de vacina\u00e7\u00e3o contra a Covid-19 para 2023 com as vacinas bivalentes da Pfizer.<\/a><\/p>\n<\/div>\n<\/div>\n<div class=\"wall protected-content\">\n<div class=\"mc-column content-text active-extra-styles\" data-block-type=\"raw\" data-block-weight=\"6\" data-block-id=\"4\">\n<p><strong>&#x1f489; O que s\u00e3o as vacinas bivalentes? <\/strong>Os imunizantes foram elaborados para oferecer uma prote\u00e7\u00e3o extra contra a \u00f4micron e suas subvariantes.<\/p>\n<\/div>\n<div class=\"mc-column content-text active-extra-styles\" data-block-type=\"raw\" data-block-weight=\"64\" data-block-id=\"6\">\n<ul class=\"content-unordered-list\">\n<li>Desde o in\u00edcio da pandemia, o coronav\u00edrus vem sofrendo muta\u00e7\u00f5es (o que \u00e9 normal).<\/li>\n<li>Atualmente, a variante que domina o mundo \u00e9 a \u00f4micron, que \u00e9 bem diferente do v\u00edrus original.<\/li>\n<li>As primeiras vacinas usadas no combate \u00e0 pandemia, tamb\u00e9m chamadas de\u00a0<strong>&#8220;monovalentes&#8221;<\/strong>, fornecem menos prote\u00e7\u00e3o frente \u00e0 variante dominante.<\/li>\n<li>Ainda assim,\u00a0<span class=\"highlight highlighted\">as vacinas monovalentes continuam sendo eficazes contra casos graves, \u00f3bitos e hospitaliza\u00e7\u00f5es.<\/span><\/li>\n<\/ul>\n<\/div>\n<div id=\"chunk-cl89h\">\n<div class=\"mc-column content-text active-extra-styles \" data-block-type=\"unstyled\" data-block-weight=\"24\" data-block-id=\"8\">\n<p class=\"content-text__container \" data-track-category=\"Link no Texto\" data-track-links=\"\">&#x1f489;\u00a0<strong>Para quem as vacinas bivalentes s\u00e3o indicadas?\u00a0<\/strong>A\u00a0<a href=\"https:\/\/g1.globo.com\/tudo-sobre\/anvisa\/\">Anvisa<\/a> aprovou o imunizante para a popula\u00e7\u00e3o a partir de 12 anos de idade.<\/p>\n<\/div>\n<\/div>\n<div class=\"mc-column content-text active-extra-styles\" data-block-type=\"raw\" data-block-weight=\"45\" data-block-id=\"9\">\n<ul class=\"content-unordered-list\">\n<li>Elas s\u00e3o indicadas como dose de refor\u00e7o e devem ser aplicadas a partir de tr\u00eas meses ap\u00f3s a s\u00e9rie prim\u00e1ria de vacina ou refor\u00e7o anterior.<\/li>\n<li>Receber\u00e1 o refor\u00e7o com a bivalente quem j\u00e1 tiver conclu\u00eddo o esquema vacinal de duas doses com a vacina monovalente.<\/li>\n<\/ul>\n<\/div>\n<div id=\"chunk-d95o7\">\n<div class=\"mc-column content-text active-extra-styles \" data-block-type=\"unstyled\" data-block-weight=\"25\" data-block-id=\"10\">\n<p class=\"content-text__container \" data-track-category=\"Link no Texto\" data-track-links=\"\">&#x1f489;\u00a0<strong>As vacinas bivalentes j\u00e1 est\u00e3o dispon\u00edveis no Brasil?\u00a0<\/strong>Sim e far\u00e3o parte do plano de vacina\u00e7\u00e3o de 2023 divulgado pelo Minist\u00e9rio da Sa\u00fade.<\/p>\n<\/div>\n<\/div>\n<div class=\"mc-column content-text active-extra-styles\" data-block-type=\"raw\" data-block-weight=\"72\" data-block-id=\"11\">\n<ul class=\"content-unordered-list\">\n<li>O imunizante bivalente da Pfizer come\u00e7ar\u00e1 a ser usado no Brasil a partir de\u00a0<strong>27 de fevereiro<\/strong>.<\/li>\n<li>O Minist\u00e9rio da Sa\u00fade informou que grupos mais expostos ao risco da doen\u00e7a, como idosos e profissionais de sa\u00fade, ser\u00e3o os primeiros a serem vacinados.<\/li>\n<li>Vale lembrar que as vacinas bivalentes da Pfizer t\u00eam a tampa de cor cinza, enquanto a monovalente tem a tampa roxa.<\/li>\n<\/ul>\n<p>&nbsp;<\/p>\n<\/div>\n<div id=\"chunk-ekh00\">\n<div class=\"mc-column content-text active-extra-styles \" data-block-type=\"unstyled\" data-block-weight=\"2\" data-block-id=\"12\">\n<p class=\"content-text__container \" data-track-category=\"Link no Texto\" data-track-links=\"\"><strong>LEIA TAMB\u00c9M<\/strong><\/p>\n<\/div>\n<\/div>\n<div id=\"chunk-5ibf8\">\n<div class=\"row medium-uncollapsed content-media content-photo\" data-block-type=\"backstage-photo\" data-block-id=\"14\">\n<div class=\"mc-column content-media__container\">\n<div class=\"content-media-container glb-skeleton-box\">\n<figure class=\"content-media-figure\"><img class=\"i-amphtml-fill-content i-amphtml-replaced-content\" src=\"https:\/\/s2.glbimg.com\/Z7cRpHqzF1lPZ4hONqI22nApORs=\/0x0:595x420\/984x0\/smart\/filters:strip_icc()\/i.s3.glbimg.com\/v1\/AUTH_59edd422c0c84a879bd37670ae4f538a\/internal_photos\/bs\/2022\/t\/A\/rdEADVTNi7wOwJWMYEQw\/2cd6d8e1-4c85-4dd9-ad58-2e4749e31571.jpeg\" sizes=\"(max-width: 1707px) 648px, 100vw\" srcset=\"https:\/\/s2.glbimg.com\/IInqO26tDxq1QkVWLLncpuxuZ6w=\/0x0:595x420\/1000x0\/smart\/filters:strip_icc()\/i.s3.glbimg.com\/v1\/AUTH_59edd422c0c84a879bd37670ae4f538a\/internal_photos\/bs\/2022\/t\/A\/rdEADVTNi7wOwJWMYEQw\/2cd6d8e1-4c85-4dd9-ad58-2e4749e31571.jpeg 1000w, https:\/\/s2.glbimg.com\/Z7cRpHqzF1lPZ4hONqI22nApORs=\/0x0:595x420\/984x0\/smart\/filters:strip_icc()\/i.s3.glbimg.com\/v1\/AUTH_59edd422c0c84a879bd37670ae4f538a\/internal_photos\/bs\/2022\/t\/A\/rdEADVTNi7wOwJWMYEQw\/2cd6d8e1-4c85-4dd9-ad58-2e4749e31571.jpeg 984w, https:\/\/s2.glbimg.com\/7nNFZecnsFXBYdOxMejDGsNW8-k=\/0x0:595x420\/640x0\/smart\/filters:strip_icc()\/i.s3.glbimg.com\/v1\/AUTH_59edd422c0c84a879bd37670ae4f538a\/internal_photos\/bs\/2022\/t\/A\/rdEADVTNi7wOwJWMYEQw\/2cd6d8e1-4c85-4dd9-ad58-2e4749e31571.jpeg 640w, https:\/\/s2.glbimg.com\/a-CpGbyX3ehgwyJ8etFsfcvB_zg=\/0x0:595x420\/600x0\/smart\/filters:strip_icc()\/i.s3.glbimg.com\/v1\/AUTH_59edd422c0c84a879bd37670ae4f538a\/internal_photos\/bs\/2022\/t\/A\/rdEADVTNi7wOwJWMYEQw\/2cd6d8e1-4c85-4dd9-ad58-2e4749e31571.jpeg 600w\" alt=\"Vacinas da Pfizer monovalente e bivalente \u2014 Foto: Reprodu\u00e7\u00e3o\/Anvisa\" \/><\/figure>\n<\/div>\n<p class=\"content-media__description \">Vacinas da Pfizer monovalente e bivalente \u2014 Foto: Reprodu\u00e7\u00e3o\/Anvisa<\/p>\n<\/div>\n<\/div>\n<\/div>\n<div id=\"chunk-nhtd\">\n<div class=\"content-ads content-ads--reveal\" data-block-type=\"ads\" data-block-id=\"15\">\n<div id=\"banner_materia__417bdb2e-3003-4a07-879f-bfbf9cc565bf\" class=\"tag-manager-publicidade-container mc-has-reveal mc-has-ad-lazyload tag-manager-publicidade-banner_materia__417bdb2e-3003-4a07-879f-bfbf9cc565bf tag-manager-publicidade-container--carregado tag-manager-publicidade-container--visivel\" data-id=\"banner_materia__417bdb2e-3003-4a07-879f-bfbf9cc565bf\" data-google-query-id=\"CMCS9JC95_wCFfC5lQId3EYKEw\">\n<div id=\"google_ads_iframe_\/95377733\/tvg_G1\/Saude_4__container__\"><\/div>\n<\/div>\n<\/div>\n<\/div>\n<div class=\"mc-column content-text active-extra-styles\" data-block-type=\"raw\" data-block-weight=\"3\" data-block-id=\"16\">\n<div class=\"content-intertitle\">\n<h2>Aprova\u00e7\u00e3o pela Anvisa<\/h2>\n<\/div>\n<\/div>\n<div id=\"chunk-gj83\">\n<div class=\"mc-column content-text active-extra-styles \" data-block-type=\"unstyled\" data-block-weight=\"18\" data-block-id=\"17\">\n<p class=\"content-text__container \" data-track-category=\"Link no Texto\" data-track-links=\"\">A nova vers\u00e3o da vacina foi\u00a0<a href=\"https:\/\/g1.globo.com\/saude\/coronavirus\/noticia\/2022\/11\/22\/anvisa-forma-maioria-para-autorizar-uso-das-vacinas-da-pfizer-que-protegem-contra-a-omicron.ghtml\">aprovada\u00a0<\/a>pela Ag\u00eancia Nacional de Vigil\u00e2ncia Sanit\u00e1ria (Anvisa) em novembro de 2022.<\/p>\n<\/div>\n<\/div>\n<div id=\"chunk-7eq8i\">\n<div class=\"mc-column content-text active-extra-styles \" data-block-type=\"unstyled\" data-block-weight=\"22\" data-block-id=\"18\">\n<p class=\"content-text__container \" data-track-category=\"Link no Texto\" data-track-links=\"\"><strong>&#x1f489; Novo refor\u00e7o:\u00a0<\/strong>Na aprova\u00e7\u00e3o da Anvisa, a diretora Meiruze Freitas explicou que\u00a0<strong><span class=\"highlight highlighted\">o objetivo do refor\u00e7o com a vacina bivalente ser\u00e1:<\/span><\/strong><\/p>\n<\/div>\n<\/div>\n<div class=\"mc-column content-text active-extra-styles\" data-block-type=\"raw\" data-block-weight=\"13\" data-block-id=\"19\">\n<p class=\"content-text__container\">\n<ul class=\"content-unordered-list\">\n<li>Expandir a resposta imune espec\u00edfica \u00e0 variante \u00f4micron;<\/li>\n<li>Melhorar a prote\u00e7\u00e3o da popula\u00e7\u00e3o.<\/li>\n<\/ul>\n<p>&nbsp;<\/p>\n<\/div>\n<div id=\"chunk-c2m31\">\n<div class=\"mc-column content-text active-extra-styles \" data-block-type=\"unstyled\" data-block-weight=\"28\" data-block-id=\"20\">\n<p class=\"content-text__container \" data-track-category=\"Link no Texto\" data-track-links=\"\"><strong>&#x1f489; Vacinas dispon\u00edveis continuam sendo importantes:\u00a0<\/strong>Meiruze alertou que as pessoas n\u00e3o devem atrasar a vacina\u00e7\u00e3o com as doses de refor\u00e7o atualmente dispon\u00edveis para esperar pela vacina bivalente.<\/p>\n<\/div>\n<\/div>\n<div class=\"mc-column content-text active-extra-styles\" data-block-type=\"raw\" data-block-weight=\"51\" data-block-id=\"21\">\n<p class=\"content-text__container\">\n<ul class=\"content-unordered-list\">\n<li>O alerta foi voltado principalmente para os grupos de maior risco.<\/li>\n<li>Segundo a diretora, &#8220;todas as vacinas de refor\u00e7o\u202faprovadas ajudam a melhorar a prote\u00e7\u00e3o contra casos graves e morte por Covid-19\u201d.<\/li>\n<li>A Pfizer, assim como a Anvisa, refor\u00e7a que\u00a0<span class=\"highlight highlighted\">a vacina monovalente original continua sendo importante instrumento no combate \u00e0 Covid-19.<\/span><\/li>\n<\/ul>\n<\/div>\n<\/div>\n<\/article>\n<\/div>\n","protected":false},"excerpt":{"rendered":"<p>Imunizantes da Pfizer foram elaborados para oferecer uma prote\u00e7\u00e3o extra contra a \u00f4micron e as suas subvariantes. Minist\u00e9rio da Sa\u00fade divulgou plano de vacina\u00e7\u00e3o para 2023. Por g1 Covid-19: entenda as diferen\u00e7as entra as vacinas atuais e as bivalentes O Minist\u00e9rio da Sa\u00fade divulgou nesta quinta-feira (26)\u00a0o plano de vacina\u00e7\u00e3o contra a Covid-19 para 2023 [&hellip;]<\/p>\n","protected":false},"author":2,"featured_media":0,"comment_status":"open","ping_status":"open","sticky":false,"template":"","format":"standard","meta":{"_links_to":"","_links_to_target":""},"categories":[7,9,8,1],"tags":[],"_links":{"self":[{"href":"https:\/\/www.ilheusnoticias.net.br\/v1\/wp-json\/wp\/v2\/posts\/30790"}],"collection":[{"href":"https:\/\/www.ilheusnoticias.net.br\/v1\/wp-json\/wp\/v2\/posts"}],"about":[{"href":"https:\/\/www.ilheusnoticias.net.br\/v1\/wp-json\/wp\/v2\/types\/post"}],"author":[{"embeddable":true,"href":"https:\/\/www.ilheusnoticias.net.br\/v1\/wp-json\/wp\/v2\/users\/2"}],"replies":[{"embeddable":true,"href":"https:\/\/www.ilheusnoticias.net.br\/v1\/wp-json\/wp\/v2\/comments?post=30790"}],"version-history":[{"count":1,"href":"https:\/\/www.ilheusnoticias.net.br\/v1\/wp-json\/wp\/v2\/posts\/30790\/revisions"}],"predecessor-version":[{"id":30791,"href":"https:\/\/www.ilheusnoticias.net.br\/v1\/wp-json\/wp\/v2\/posts\/30790\/revisions\/30791"}],"wp:attachment":[{"href":"https:\/\/www.ilheusnoticias.net.br\/v1\/wp-json\/wp\/v2\/media?parent=30790"}],"wp:term":[{"taxonomy":"category","embeddable":true,"href":"https:\/\/www.ilheusnoticias.net.br\/v1\/wp-json\/wp\/v2\/categories?post=30790"},{"taxonomy":"post_tag","embeddable":true,"href":"https:\/\/www.ilheusnoticias.net.br\/v1\/wp-json\/wp\/v2\/tags?post=30790"}],"curies":[{"name":"wp","href":"https:\/\/api.w.org\/{rel}","templated":true}]}}