{"id":30788,"date":"2023-01-27T06:51:06","date_gmt":"2023-01-27T09:51:06","guid":{"rendered":"https:\/\/www.ilheusnoticias.net.br\/v1\/?p=30788"},"modified":"2023-01-27T06:51:06","modified_gmt":"2023-01-27T09:51:06","slug":"eleicao-na-camara-partidos-que-apoiam-lira-articulam-bloco-unico-com-pt-e-pl","status":"publish","type":"post","link":"https:\/\/www.ilheusnoticias.net.br\/v1\/2023\/01\/27\/eleicao-na-camara-partidos-que-apoiam-lira-articulam-bloco-unico-com-pt-e-pl\/","title":{"rendered":"Elei\u00e7\u00e3o na C\u00e2mara: partidos que apoiam Lira articulam bloco \u00fanico, com PT e PL"},"content":{"rendered":"<div class=\"row content-head non-featured profiled\">\n<div class=\"title\" data-block-type=\"title\" data-block-id=\"0\">\n<h1 class=\"content-head__title\"><span style=\"font-size: 16px;\">Por Elisa Clavery<\/span><\/h1>\n<\/div>\n<\/div>\n<div class=\"mc-article-body\">\n<article>\n<div id=\"chunk-af7i6\">\n<div class=\"row medium-uncollapsed content-media content-photo\" data-block-type=\"backstage-photo\" data-block-id=\"1\">\n<div class=\"mc-column content-media__container\">\n<div class=\"content-media-container glb-skeleton-box\">\n<figure class=\"content-media-figure\"><img class=\"i-amphtml-fill-content i-amphtml-replaced-content\" src=\"https:\/\/s2.glbimg.com\/mK6PNj6ekuHOEVPOpB1abIpC7AE=\/17x0:1156x526\/984x0\/smart\/filters:strip_icc()\/i.s3.glbimg.com\/v1\/AUTH_59edd422c0c84a879bd37670ae4f538a\/internal_photos\/bs\/2023\/u\/D\/V97ZosQpCtSER9GRW3wQ\/montagem-bolsonaro-lira-lula-g1.jpg\" sizes=\"(max-width: 1707px) 648px, 100vw\" srcset=\"https:\/\/s2.glbimg.com\/MkbAovtmsVlyNT1WI21t8F7AToA=\/17x0:1156x526\/1000x0\/smart\/filters:strip_icc()\/i.s3.glbimg.com\/v1\/AUTH_59edd422c0c84a879bd37670ae4f538a\/internal_photos\/bs\/2023\/u\/D\/V97ZosQpCtSER9GRW3wQ\/montagem-bolsonaro-lira-lula-g1.jpg 1000w, https:\/\/s2.glbimg.com\/mK6PNj6ekuHOEVPOpB1abIpC7AE=\/17x0:1156x526\/984x0\/smart\/filters:strip_icc()\/i.s3.glbimg.com\/v1\/AUTH_59edd422c0c84a879bd37670ae4f538a\/internal_photos\/bs\/2023\/u\/D\/V97ZosQpCtSER9GRW3wQ\/montagem-bolsonaro-lira-lula-g1.jpg 984w, https:\/\/s2.glbimg.com\/4yn-DPEBzvxMKJ2fa7oMgG2_wh0=\/17x0:1156x526\/640x0\/smart\/filters:strip_icc()\/i.s3.glbimg.com\/v1\/AUTH_59edd422c0c84a879bd37670ae4f538a\/internal_photos\/bs\/2023\/u\/D\/V97ZosQpCtSER9GRW3wQ\/montagem-bolsonaro-lira-lula-g1.jpg 640w, https:\/\/s2.glbimg.com\/tpgrW8ojXrgnELtswJTXS8XpyqI=\/17x0:1156x526\/600x0\/smart\/filters:strip_icc()\/i.s3.glbimg.com\/v1\/AUTH_59edd422c0c84a879bd37670ae4f538a\/internal_photos\/bs\/2023\/u\/D\/V97ZosQpCtSER9GRW3wQ\/montagem-bolsonaro-lira-lula-g1.jpg 600w\" alt=\"Montagem com fotos do presidente da C\u00e2mara, Arthur Lira (PP-AL), com Bolsonaro e Lula \u2014 Foto: Reuters via BBC e F\u00c1TIMA MEIRA\/FUTURA PRESS\/ESTAD\u00c3O CONTE\u00daDO\" \/><\/figure>\n<\/div>\n<p class=\"content-media__description \">Montagem com fotos do presidente da C\u00e2mara, Arthur Lira (PP-AL), com Bolsonaro e Lula \u2014 Foto: Reuters via BBC e F\u00c1TIMA MEIRA\/FUTURA PRESS\/ESTAD\u00c3O CONTE\u00daDO<\/p>\n<\/div>\n<\/div>\n<\/div>\n<div id=\"chunk-10tub\">\n<div class=\"mc-column mc-side-item__container\" data-block-type=\"ads\" data-block-id=\"2\">\n<div class=\"mc-side-item mc-side-item--right content-ads content-ads--side-ad\">\n<div id=\"banner_materia1\" class=\"tag-manager-publicidade-container tag-manager-publicidade-banner_materia1 tag-manager-publicidade-container--carregado tag-manager-publicidade-container--visivel\" data-google-query-id=\"CPzt_LG85_wCFeSJlQId27UAEg\">\n<div id=\"google_ads_iframe_\/95377733\/tvg_G1\/Blogs_e_Colunas_0__container__\"><\/div>\n<\/div>\n<\/div>\n<\/div>\n<\/div>\n<div id=\"chunk-mvgn\">\n<div class=\"mc-column content-text active-extra-styles \" data-block-type=\"unstyled\" data-block-weight=\"28\" data-block-id=\"3\">\n<p class=\"content-text__container \" data-track-category=\"Link no Texto\" data-track-links=\"\">A alian\u00e7a parlamentar formada por\u00a0<a href=\"https:\/\/g1.globo.com\/politica\/politico\/arthur-lira\/\">Arthur Lira<\/a>\u00a0(<a href=\"https:\/\/g1.globo.com\/politica\/partido\/pp\/\">PP<\/a>-AL) \u00e9 t\u00e3o hegem\u00f4nica que tem potencial de unir dois partidos que estiveram em lados opostos na elei\u00e7\u00e3o presidencial de 2022.<\/p>\n<\/div>\n<\/div>\n<div class=\"wall protected-content\">\n<div id=\"chunk-8r8i0\">\n<div class=\"mc-column content-text active-extra-styles \" data-block-type=\"unstyled\" data-block-weight=\"30\" data-block-id=\"4\">\n<p class=\"content-text__container \" data-track-category=\"Link no Texto\" data-track-links=\"\">Legendas que apoiam a reelei\u00e7\u00e3o do presidente da C\u00e2mara articulam a forma\u00e7\u00e3o de um bloco \u00fanico, que reunir\u00e1 o\u00a0<a href=\"https:\/\/g1.globo.com\/politica\/partido\/pt\/\">PT<\/a>, do presidente\u00a0<a href=\"https:\/\/g1.globo.com\/politica\/politico\/lula\/\">Lula<\/a>, e o\u00a0<a href=\"https:\/\/g1.globo.com\/politica\/partido\/pl\/\">PL<\/a>, do ex-presidente\u00a0<a href=\"https:\/\/g1.globo.com\/politica\/politico\/jair-bolsonaro\/\">Jair Bolsonaro<\/a>.<\/p>\n<\/div>\n<\/div>\n<div id=\"chunk-1ljtt\">\n<div class=\"mc-column content-text active-extra-styles \" data-block-type=\"unstyled\" data-block-weight=\"15\" data-block-id=\"5\">\n<p class=\"content-text__container \" data-track-category=\"Link no Texto\" data-track-links=\"\">Outros partidos tamb\u00e9m devem integrar o bloco, como\u00a0<a href=\"https:\/\/g1.globo.com\/politica\/partido\/uniao-brasil\/\">Uni\u00e3o Brasil<\/a>, PP,\u00a0<a href=\"https:\/\/g1.globo.com\/politica\/partido\/psd\/\">PSD<\/a>,\u00a0<a href=\"https:\/\/g1.globo.com\/politica\/partido\/mdb\/\">MDB<\/a>\u00a0e\u00a0<a href=\"https:\/\/g1.globo.com\/politica\/partido\/republicanos\/\">Republicanos<\/a>.<\/p>\n<\/div>\n<\/div>\n<div id=\"chunk-buke7\">\n<div class=\"mc-column content-text active-extra-styles \" data-block-type=\"unstyled\" data-block-weight=\"23\" data-block-id=\"6\">\n<p class=\"content-text__container \" data-track-category=\"Link no Texto\" data-track-links=\"\">A ideia \u00e9 a constru\u00e7\u00e3o de um acordo para a distribui\u00e7\u00e3o dos cargos da Mesa Diretora e das presid\u00eancias das comiss\u00f5es da Casa.<\/p>\n<\/div>\n<\/div>\n<div id=\"chunk-118jm\">\n<div class=\"mc-column content-text active-extra-styles \" data-block-type=\"unstyled\" data-block-weight=\"31\" data-block-id=\"7\">\n<p class=\"content-text__container \" data-track-category=\"Link no Texto\" data-track-links=\"\">O tamanho das bancadas \u00e9 levado em conta para a defini\u00e7\u00e3o das vagas. Regimentalmente, os maiores blocos ou partidos t\u00eam prefer\u00eancia na escolha dos cargos e dos comandos das comiss\u00f5es.<\/p>\n<\/div>\n<\/div>\n<div id=\"chunk-aeubk\">\n<div class=\"content-ads content-ads--reveal\" data-block-type=\"ads\" data-block-id=\"8\">\n<div id=\"banner_materia2\" class=\"tag-manager-publicidade-container mc-has-reveal mc-has-ad-lazyload tag-manager-publicidade-banner_materia2 tag-manager-publicidade-container--carregado tag-manager-publicidade-container--visivel\" data-id=\"banner_materia2\" data-google-query-id=\"CK3OlbW85_wCFQiylQIdsKkIUg\">\n<div id=\"google_ads_iframe_\/95377733\/tvg_G1\/Blogs_e_Colunas_3__container__\">As decis\u00f5es tamb\u00e9m passam por negocia\u00e7\u00f5es entre os partidos.<\/div>\n<\/div>\n<\/div>\n<\/div>\n<div class=\"mc-column content-text active-extra-styles\" data-block-type=\"raw\" data-block-weight=\"5\" data-block-id=\"10\">\n<p class=\"content-text__container\">\n<div class=\"content-intertitle\">\n<h2>Lira \u00e9 contra isolar PL<\/h2>\n<\/div>\n<p>&nbsp;<\/p>\n<\/div>\n<div id=\"chunk-fkllv\">\n<div class=\"mc-column content-text active-extra-styles \" data-block-type=\"unstyled\" data-block-weight=\"34\" data-block-id=\"11\">\n<p class=\"content-text__container \" data-track-category=\"Link no Texto\" data-track-links=\"\">No in\u00edcio das conversas, alguns parlamentares do PT chegaram a defender a forma\u00e7\u00e3o de um bloco que isolasse o PL, e que contaria apenas com siglas que fazem parte da base do governo.<\/p>\n<\/div>\n<\/div>\n<div id=\"chunk-2n3jd\">\n<div class=\"mc-column content-text active-extra-styles \" data-block-type=\"unstyled\" data-block-weight=\"25\" data-block-id=\"12\">\n<p class=\"content-text__container \" data-track-category=\"Link no Texto\" data-track-links=\"\">Essa, contudo, nunca foi a ideia de Lira, que sempre se posicionou favoravelmente \u00e0 forma\u00e7\u00e3o de um bloco com todos os partidos que o apoiam.<\/p>\n<\/div>\n<\/div>\n<div id=\"chunk-7efh0\">\n<div class=\"mc-column content-text active-extra-styles \" data-block-type=\"unstyled\" data-block-weight=\"23\" data-block-id=\"13\">\n<p class=\"content-text__container \" data-track-category=\"Link no Texto\" data-track-links=\"\">Na mesma linha, o presidente do PL,\u00a0<a href=\"https:\/\/g1.globo.com\/tudo-sobre\/valdemar-costa-neto\/\">Valdemar Costa Neto<\/a>, disse em entrevistas que\u00a0<span class=\"highlight highlighted\">n\u00e3o seria poss\u00edvel isolar uma<\/span><a href=\"https:\/\/g1.globo.com\/politica\/eleicoes\/2020\/eleicao-em-numeros\/noticia\/2022\/10\/03\/perfil-bancada-eleita-camara-dos-deputados.ghtml\"><span class=\"highlight highlighted\">\u00a0bancada de 99 deputados<\/span><\/a>.<\/p>\n<\/div>\n<\/div>\n<div class=\"mc-column content-text active-extra-styles\" data-block-type=\"raw\" data-block-weight=\"3\" data-block-id=\"14\">\n<p class=\"content-text__container\">\n<div class=\"content-intertitle\">\n<h2>Resist\u00eancia de bolsonaristas<\/h2>\n<\/div>\n<p>&nbsp;<\/p>\n<\/div>\n<div id=\"chunk-f683g\">\n<div class=\"mc-column content-text active-extra-styles \" data-block-type=\"unstyled\" data-block-weight=\"21\" data-block-id=\"15\">\n<p class=\"content-text__container \" data-track-category=\"Link no Texto\" data-track-links=\"\">A negocia\u00e7\u00e3o por um bloco \u00fanico tamb\u00e9m encontra oposi\u00e7\u00e3o dentro PL, que formou boa parte da bancada com deputados bolsonaristas.<\/p>\n<\/div>\n<\/div>\n<div id=\"chunk-7t5ln\">\n<div class=\"mc-column content-text active-extra-styles \" data-block-type=\"unstyled\" data-block-weight=\"39\" data-block-id=\"16\">\n<p class=\"content-text__container \" data-track-category=\"Link no Texto\" data-track-links=\"\">Para vencer essa resist\u00eancia, o discurso dentro do partido \u00e9 de que o bloco ser\u00e1 de apoio a Arthur Lira, e n\u00e3o ao governo Lula. E de que as negocia\u00e7\u00f5es ser\u00e3o feitas diretamente com o presidente da Casa.<\/p>\n<\/div>\n<\/div>\n<div id=\"chunk-80g88\">\n<div class=\"mc-column content-text active-extra-styles \" data-block-type=\"unstyled\" data-block-weight=\"15\" data-block-id=\"17\">\n<p class=\"content-text__container \" data-track-category=\"Link no Texto\" data-track-links=\"\">Parlamentares do partido avaliam que, fora do bloco,\u00a0<span class=\"highlight highlighted\">perderiam espa\u00e7o para escolha de cargos<\/span>.<\/p>\n<\/div>\n<\/div>\n<div id=\"chunk-4gvb1\">\n<div class=\"mc-column content-text active-extra-styles \" data-block-type=\"unstyled\" data-block-weight=\"36\" data-block-id=\"18\">\n<p class=\"content-text__container \" data-track-category=\"Link no Texto\" data-track-links=\"\">Alguns deputados que est\u00e3o na base de Lula dizem que a forma\u00e7\u00e3o de um bloco com o PL pode ser um erro pol\u00edtico. Isso porque o movimento pode desagradar parlamentares da base, como os do MDB.<\/p>\n<\/div>\n<\/div>\n<div id=\"chunk-8pnrt\">\n<div class=\"content-ads content-ads--reveal\" data-block-type=\"ads\" data-block-id=\"19\">\n<div id=\"banner_materia__f00dbecc-b237-4267-b189-5b8565ab7fd5\" class=\"tag-manager-publicidade-container mc-has-reveal mc-has-ad-lazyload tag-manager-publicidade-banner_materia__f00dbecc-b237-4267-b189-5b8565ab7fd5 tag-manager-publicidade-container--carregado tag-manager-publicidade-container--visivel\" data-id=\"banner_materia__f00dbecc-b237-4267-b189-5b8565ab7fd5\" data-google-query-id=\"CJabm7W85_wCFZ-6lQIdb54HmA\">\n<div id=\"google_ads_iframe_\/95377733\/tvg_G1\/Blogs_e_Colunas_4__container__\"><\/div>\n<\/div>\n<\/div>\n<\/div>\n<div id=\"chunk-5878e\">\n<div class=\"mc-column content-text active-extra-styles \" data-block-type=\"unstyled\" data-block-weight=\"12\" data-block-id=\"20\">\n<p class=\"content-text__container \" data-track-category=\"Link no Texto\" data-track-links=\"\">Com a entrada do PL, emedebistas perderiam posi\u00e7\u00f5es na escolha dos cargos.<\/p>\n<\/div>\n<\/div>\n<div class=\"mc-column content-text active-extra-styles\" data-block-type=\"raw\" data-block-weight=\"3\" data-block-id=\"21\">\n<p class=\"content-text__container\">\n<div class=\"content-intertitle\">\n<h2>Cargos e comiss\u00f5es<\/h2>\n<\/div>\n<p>&nbsp;<\/p>\n<\/div>\n<div id=\"chunk-fuiiu\">\n<div class=\"mc-column content-text active-extra-styles \" data-block-type=\"unstyled\" data-block-weight=\"26\" data-block-id=\"22\">\n<p class=\"content-text__container \" data-track-category=\"Link no Texto\" data-track-links=\"\">A partir da forma\u00e7\u00e3o do bloco, ser\u00e3o distribu\u00eddas as vagas na Mesa Diretora da C\u00e2mara. At\u00e9 o momento, as conversas se encaminham para a seguinte divis\u00e3o:<\/p>\n<\/div>\n<\/div>\n<div class=\"mc-column content-text active-extra-styles\" data-block-type=\"raw\" data-block-weight=\"93\" data-block-id=\"23\">\n<p class=\"content-text__container\">\n<ul class=\"content-unordered-list\">\n<li><strong>presid\u00eancia<\/strong>: Arthur Lira<\/li>\n<li><strong>1\u00aa e 2\u00aa vice-presid\u00eancias<\/strong>: as vagas seriam distribu\u00eddas ao Republicanos, com o deputado\u00a0<a href=\"http:\/\/g1.globo.com\/politica\/politico\/marcos-pereira.html\">Marcos Pereira<\/a>\u00a0(SP), e ao PL, que indicaria o deputado S\u00f3stenes Cavalcante (RJ) ou Altineu C\u00f4rtes (RJ). Ainda se negocia qual fun\u00e7\u00e3o ir\u00e1 para qual partido<\/li>\n<li><strong>1\u00aa secretaria<\/strong>: ficaria com o Uni\u00e3o Brasil, que deve indicar Luciano Bivar (PE)<\/li>\n<li><strong>2\u00aa secretaria<\/strong>: pelas negocia\u00e7\u00f5es, seria do PT, que indicar\u00e1 a deputada\u00a0<a href=\"http:\/\/g1.globo.com\/politica\/politico\/maria-do-rosario-nunes.html\">Maria do Ros\u00e1rio<\/a>\u00a0(RS)<\/li>\n<li><strong>3\u00aa e 4\u00aa secretarias<\/strong>: as duas vagas pertenceriam ao MDB e ao PSD, ainda sem defini\u00e7\u00e3o de qual fun\u00e7\u00e3o ficaria com cada partido<\/li>\n<\/ul>\n<p>&nbsp;<\/p>\n<\/div>\n<div id=\"chunk-32vf6\">\n<div class=\"mc-column content-text active-extra-styles \" data-block-type=\"unstyled\" data-block-weight=\"20\" data-block-id=\"24\">\n<p class=\"content-text__container \" data-track-category=\"Link no Texto\" data-track-links=\"\">Segundo o regimento, deputados tamb\u00e9m podem concorrer de forma avulsa aos cargos da Mesa que pertencerem aos seus partidos.<\/p>\n<\/div>\n<\/div>\n<div class=\"mc-column content-text active-extra-styles\" data-block-type=\"raw\" data-block-weight=\"3\" data-block-id=\"25\">\n<p class=\"content-text__container\">\n<div class=\"content-intertitle\">\n<h2>CCJ e CMO<\/h2>\n<\/div>\n<p>&nbsp;<\/p>\n<\/div>\n<div id=\"chunk-6am1n\">\n<div class=\"mc-column content-text active-extra-styles \" data-block-type=\"unstyled\" data-block-weight=\"43\" data-block-id=\"26\">\n<p class=\"content-text__container \" data-track-category=\"Link no Texto\" data-track-links=\"\">Os comandos das duas principais comiss\u00f5es \u2013 a Comiss\u00e3o de Constitui\u00e7\u00e3o, Justi\u00e7a e Cidadania (CCJ) e a Comiss\u00e3o Mista do Or\u00e7amento (CMO) \u2013 seriam revezados entre os partidos com as quatro maiores bancadas da Casa: PL, PT, Uni\u00e3o Brasil e PP.<\/p>\n<\/div>\n<\/div>\n<div id=\"chunk-4vn0n\">\n<div class=\"content-ads content-ads--reveal\" data-block-type=\"ads\" data-block-id=\"27\">\n<div id=\"banner_materia__8d04edd0-9c4b-499a-9f20-7d5bb3b0de27\" class=\"tag-manager-publicidade-container mc-has-reveal mc-has-ad-lazyload tag-manager-publicidade-banner_materia__8d04edd0-9c4b-499a-9f20-7d5bb3b0de27 tag-manager-publicidade-container--carregado tag-manager-publicidade-container--visivel\" data-id=\"banner_materia__8d04edd0-9c4b-499a-9f20-7d5bb3b0de27\" data-google-query-id=\"CMjqwbW85_wCFaxQuAQdETAC5Q\">\n<div id=\"google_ads_iframe_\/95377733\/tvg_G1\/Blogs_e_Colunas_5__container__\"><\/div>\n<\/div>\n<\/div>\n<\/div>\n<div id=\"chunk-9kd9m\">\n<div class=\"mc-column content-text active-extra-styles \" data-block-type=\"unstyled\" data-block-weight=\"15\" data-block-id=\"28\">\n<p class=\"content-text__container \" data-track-category=\"Link no Texto\" data-track-links=\"\">Pelo acordo que se desenha, segundo parlamentares, o PT comandaria a CCJ em 2023.<\/p>\n<\/div>\n<\/div>\n<div id=\"chunk-8l76g\">\n<div class=\"mc-column content-text active-extra-styles \" data-block-type=\"unstyled\" data-block-weight=\"15\" data-block-id=\"29\">\n<p class=\"content-text__container \" data-track-category=\"Link no Texto\" data-track-links=\"\">O Uni\u00e3o Brasil, terceira maior bancada da Casa, quer a relatoria do Or\u00e7amento de 2024.<\/p>\n<\/div>\n<\/div>\n<div id=\"chunk-53mqr\">\n<div class=\"mc-column content-text active-extra-styles \" data-block-type=\"unstyled\" data-block-weight=\"33\" data-block-id=\"30\">\n<p class=\"content-text__container \" data-track-category=\"Link no Texto\" data-track-links=\"\">No pr\u00f3ximo ano, a relatoria da CMO caber\u00e1 a um deputado. Como a comiss\u00e3o \u00e9 vinculada ao Congresso, presid\u00eancia e relatoria s\u00e3o revezadas a cada ano entre um senador e um deputado.<\/p>\n<\/div>\n<\/div>\n<div class=\"mc-column content-text active-extra-styles\" data-block-type=\"raw\" data-block-weight=\"2\" data-block-id=\"31\">\n<p class=\"content-text__container\">\n<div class=\"content-intertitle\">\n<h2>Novas comiss\u00f5es<\/h2>\n<\/div>\n<p>&nbsp;<\/p>\n<\/div>\n<div id=\"chunk-1m0ld\">\n<div class=\"mc-column content-text active-extra-styles \" data-block-type=\"unstyled\" data-block-weight=\"37\" data-block-id=\"32\">\n<p class=\"content-text__container \" data-track-category=\"Link no Texto\" data-track-links=\"\">Em outra frente, deputados afirmam que Lira pretende criar, j\u00e1 no come\u00e7o da legislatura, cinco novas comiss\u00f5es permanentes na Casa &#8211; saltando das atuais 25 para 30. O movimento permitiria acomodar mais partidos a frente dos colegiados.<\/p>\n<\/div>\n<\/div>\n<div id=\"chunk-fl0h0\">\n<div class=\"mc-column content-text active-extra-styles \" data-block-type=\"unstyled\" data-block-weight=\"8\" data-block-id=\"33\">\n<p class=\"content-text__container \" data-track-category=\"Link no Texto\" data-track-links=\"\">Segundo t\u00e9cnicos e parlamentares, as novas comiss\u00f5es seriam:<\/p>\n<\/div>\n<\/div>\n<div class=\"mc-column content-text active-extra-styles\" data-block-type=\"raw\" data-block-weight=\"73\" data-block-id=\"34\">\n<p class=\"content-text__container\">\n<ul class=\"content-unordered-list\">\n<li><strong>Comiss\u00e3o de Sa\u00fade<\/strong>\u00a0e\u00a0<strong>Comiss\u00e3o de Seguridade<\/strong>, que resultariam da divis\u00e3o da Comiss\u00e3o de Seguridade Social e Fam\u00edlia<\/li>\n<li><strong>Comiss\u00e3o de Ci\u00eancia e Tecnologia<\/strong>\u00a0e\u00a0<strong>Comiss\u00e3o de Inform\u00e1tica<\/strong>, resultado do desmembramento da Comiss\u00e3o de Ci\u00eancia, Tecnologia, Comunica\u00e7\u00e3o e Inform\u00e1tica<\/li>\n<li><strong>Comiss\u00e3o de Integra\u00e7\u00e3o Nacional\u00a0<\/strong>e\u00a0<strong>Comiss\u00e3o da Amaz\u00f4nia<\/strong>, derivadas da atual Comiss\u00e3o de Integra\u00e7\u00e3o Nacional, Desenvolvimento Regional e da Amaz\u00f4nia<\/li>\n<li>um colegiado para tratar de\u00a0<strong>povos origin\u00e1rios<\/strong><\/li>\n<li>e uma\u00a0<strong>outra comiss\u00e3o<\/strong>\u00a0ainda a ser definida<\/li>\n<\/ul>\n<\/div>\n<\/div>\n<\/article>\n<\/div>\n","protected":false},"excerpt":{"rendered":"<p>Por Elisa Clavery Montagem com fotos do presidente da C\u00e2mara, Arthur Lira (PP-AL), com Bolsonaro e Lula \u2014 Foto: Reuters via BBC e F\u00c1TIMA MEIRA\/FUTURA PRESS\/ESTAD\u00c3O CONTE\u00daDO A alian\u00e7a parlamentar formada por\u00a0Arthur Lira\u00a0(PP-AL) \u00e9 t\u00e3o hegem\u00f4nica que tem potencial de unir dois partidos que estiveram em lados opostos na elei\u00e7\u00e3o presidencial de 2022. Legendas que [&hellip;]<\/p>\n","protected":false},"author":2,"featured_media":0,"comment_status":"open","ping_status":"open","sticky":false,"template":"","format":"standard","meta":{"_links_to":"","_links_to_target":""},"categories":[7,9,8,1],"tags":[],"_links":{"self":[{"href":"https:\/\/www.ilheusnoticias.net.br\/v1\/wp-json\/wp\/v2\/posts\/30788"}],"collection":[{"href":"https:\/\/www.ilheusnoticias.net.br\/v1\/wp-json\/wp\/v2\/posts"}],"about":[{"href":"https:\/\/www.ilheusnoticias.net.br\/v1\/wp-json\/wp\/v2\/types\/post"}],"author":[{"embeddable":true,"href":"https:\/\/www.ilheusnoticias.net.br\/v1\/wp-json\/wp\/v2\/users\/2"}],"replies":[{"embeddable":true,"href":"https:\/\/www.ilheusnoticias.net.br\/v1\/wp-json\/wp\/v2\/comments?post=30788"}],"version-history":[{"count":1,"href":"https:\/\/www.ilheusnoticias.net.br\/v1\/wp-json\/wp\/v2\/posts\/30788\/revisions"}],"predecessor-version":[{"id":30789,"href":"https:\/\/www.ilheusnoticias.net.br\/v1\/wp-json\/wp\/v2\/posts\/30788\/revisions\/30789"}],"wp:attachment":[{"href":"https:\/\/www.ilheusnoticias.net.br\/v1\/wp-json\/wp\/v2\/media?parent=30788"}],"wp:term":[{"taxonomy":"category","embeddable":true,"href":"https:\/\/www.ilheusnoticias.net.br\/v1\/wp-json\/wp\/v2\/categories?post=30788"},{"taxonomy":"post_tag","embeddable":true,"href":"https:\/\/www.ilheusnoticias.net.br\/v1\/wp-json\/wp\/v2\/tags?post=30788"}],"curies":[{"name":"wp","href":"https:\/\/api.w.org\/{rel}","templated":true}]}}