{"id":30784,"date":"2023-01-26T16:59:49","date_gmt":"2023-01-26T19:59:49","guid":{"rendered":"https:\/\/www.ilheusnoticias.net.br\/v1\/?p=30784"},"modified":"2023-01-26T16:59:49","modified_gmt":"2023-01-26T19:59:49","slug":"prefeitura-de-ilheus-e-senac-dialogam-sobre-parceria-para-oferta-de-cursos-profissionalizantes","status":"publish","type":"post","link":"https:\/\/www.ilheusnoticias.net.br\/v1\/2023\/01\/26\/prefeitura-de-ilheus-e-senac-dialogam-sobre-parceria-para-oferta-de-cursos-profissionalizantes\/","title":{"rendered":"Prefeitura de Ilh\u00e9us e SENAC dialogam sobre parceria para oferta de cursos profissionalizantes"},"content":{"rendered":"<p class=\"ds_chamada\">Na ocasi\u00e3o, foram discutidas a viabilidade do projeto e as op\u00e7\u00f5es que atendem as necessidades das gest\u00e3o<\/p>\n<p class=\"dt_materia\">Representantes da Prefeitura de Ilh\u00e9us e equipe do Servi\u00e7o Nacional de Aprendizagem Comercial (SENAC Bahia) se reuniram para dialogar sobre a formaliza\u00e7\u00e3o de parceria com foco na oferta de cursos gratuitos voltados \u00e0 capacita\u00e7\u00e3o profissional e gera\u00e7\u00e3o de renda na cidade.<\/p>\n<p>O encontro aconteceu na manh\u00e3 desta quinta-feira (26), no Centro Administrativo da Conquista, e contou com a participa\u00e7\u00e3o dos secret\u00e1rios Mozart Arag\u00e3o (Casa Civil); Marcelo Barreto (Ordem P\u00fablica); Geraldo Magela (Cultura)<\/p>\n<p>Na ocasi\u00e3o, foram discutidas a viabilidade do projeto e as op\u00e7\u00f5es que atendem as necessidades das gest\u00e3o. O rol integra os cursos de Moda; Turismo e Hospitalidade; Beleza e Gastronomia. A ideia \u00e9 garantir a inser\u00e7\u00e3o no mercado de trabalho do p\u00fablico assistido pela iniciativa.<\/p>\n<p>\u201cO prefeito M\u00e1rio Alexandre desenvolve um trabalho pontual, promovendo a capacita\u00e7\u00e3o e forma\u00e7\u00e3o de novos profissionais para que possam atuar no setor escolhido. O nosso objetivo \u00e9 prestar servi\u00e7os de qualidade \u00e0 popula\u00e7\u00e3o local e aos visitantes\u201d, explicou Mozart.<\/p>\n<p>A parceria representa mais uma alternativa para ampliar as a\u00e7\u00f5es, priorizando tamb\u00e9m o p\u00fablico assistidos pelos programas sociais no munic\u00edpio.<\/p>\n","protected":false},"excerpt":{"rendered":"<p>Na ocasi\u00e3o, foram discutidas a viabilidade do projeto e as op\u00e7\u00f5es que atendem as necessidades das gest\u00e3o Representantes da Prefeitura de Ilh\u00e9us e equipe do Servi\u00e7o Nacional de Aprendizagem Comercial (SENAC Bahia) se reuniram para dialogar sobre a formaliza\u00e7\u00e3o de parceria com foco na oferta de cursos gratuitos voltados \u00e0 capacita\u00e7\u00e3o profissional e gera\u00e7\u00e3o de [&hellip;]<\/p>\n","protected":false},"author":2,"featured_media":0,"comment_status":"open","ping_status":"open","sticky":false,"template":"","format":"standard","meta":{"_links_to":"","_links_to_target":""},"categories":[7,9,8,1],"tags":[],"_links":{"self":[{"href":"https:\/\/www.ilheusnoticias.net.br\/v1\/wp-json\/wp\/v2\/posts\/30784"}],"collection":[{"href":"https:\/\/www.ilheusnoticias.net.br\/v1\/wp-json\/wp\/v2\/posts"}],"about":[{"href":"https:\/\/www.ilheusnoticias.net.br\/v1\/wp-json\/wp\/v2\/types\/post"}],"author":[{"embeddable":true,"href":"https:\/\/www.ilheusnoticias.net.br\/v1\/wp-json\/wp\/v2\/users\/2"}],"replies":[{"embeddable":true,"href":"https:\/\/www.ilheusnoticias.net.br\/v1\/wp-json\/wp\/v2\/comments?post=30784"}],"version-history":[{"count":1,"href":"https:\/\/www.ilheusnoticias.net.br\/v1\/wp-json\/wp\/v2\/posts\/30784\/revisions"}],"predecessor-version":[{"id":30785,"href":"https:\/\/www.ilheusnoticias.net.br\/v1\/wp-json\/wp\/v2\/posts\/30784\/revisions\/30785"}],"wp:attachment":[{"href":"https:\/\/www.ilheusnoticias.net.br\/v1\/wp-json\/wp\/v2\/media?parent=30784"}],"wp:term":[{"taxonomy":"category","embeddable":true,"href":"https:\/\/www.ilheusnoticias.net.br\/v1\/wp-json\/wp\/v2\/categories?post=30784"},{"taxonomy":"post_tag","embeddable":true,"href":"https:\/\/www.ilheusnoticias.net.br\/v1\/wp-json\/wp\/v2\/tags?post=30784"}],"curies":[{"name":"wp","href":"https:\/\/api.w.org\/{rel}","templated":true}]}}