{"id":30782,"date":"2023-01-26T16:58:00","date_gmt":"2023-01-26T19:58:00","guid":{"rendered":"https:\/\/www.ilheusnoticias.net.br\/v1\/?p=30782"},"modified":"2023-01-26T16:58:00","modified_gmt":"2023-01-26T19:58:00","slug":"com-estreia-nesta-sexta-27-cine-comunidade-leva-sessao-gratuita-ao-distrito-de-banco-do-pedro","status":"publish","type":"post","link":"https:\/\/www.ilheusnoticias.net.br\/v1\/2023\/01\/26\/com-estreia-nesta-sexta-27-cine-comunidade-leva-sessao-gratuita-ao-distrito-de-banco-do-pedro\/","title":{"rendered":"Com estreia nesta sexta (27), Cine Comunidade leva sess\u00e3o gratuita ao distrito de Banco do Pedro"},"content":{"rendered":"<p>&nbsp;<\/p>\n<div class=\"imagem thumbnail col-xs-12 col-sm-8 col-md-6 col-lg-6 imagem-materia\"><a class=\"fresco\" title=\"\" href=\"https:\/\/portalfacilarquivos.blob.core.windows.net\/uploads\/ILHEUS\/imgOrig\/%7B4A1C8EB8-EBDB-EA7D-7CE6-807B00ABB62A%7D.jpg\" data-fresco-caption=\"\"><img loading=\"lazy\" src=\"https:\/\/portalfacilarquivos.blob.core.windows.net\/uploads\/ILHEUS\/img\/%7B4A1C8EB8-EBDB-EA7D-7CE6-807B00ABB62A%7D\/%7B4A1C8EB8-EBDB-EA7D-7CE6-807B00ABB62A%7D_450X650.jpg\" alt=\"Cine comunidade\" width=\"450\" height=\"650\" \/><\/a>&nbsp;<\/p>\n<\/div>\n<p>Realizado com apoio da Prefeitura de Ilh\u00e9us, o Cine Comunidade chega para transformar a realidade de crian\u00e7as e jovens residentes em \u00e1reas perif\u00e9ricas, distritos e altos da cidade. Por meio da inclus\u00e3o social, a proposta tamb\u00e9m visa fomentar a\u00e7\u00f5es com foco na promo\u00e7\u00e3o da cultura e do entretenimento. A estreia acontece nesta sexta-feira (27), na Pra\u00e7a\u00a0D\u00e9lcio Santos, no distrito do Banco do Pedro, a partir das 17h.<\/p>\n<p>Conforme a coordena\u00e7\u00e3o, o projeto ser\u00e1 dividido em fases e contar\u00e1 com envolvimento de associa\u00e7\u00f5es de moradores e escolas situadas nas localidades beneficiadas pela iniciativa. O Cine Comunidade ser\u00e1 executado em eixos estruturantes e com objetivos sociais e culturais, levando bem-estar, lazer e inova\u00e7\u00e3o para o p\u00fablico-alvo.<\/p>\n<p>\u201cUm projeto importante que une lazer, informa\u00e7\u00e3o e entretenimento. Esse trabalho faz parte de todas as a\u00e7\u00f5es que a gente tem realizado para garantir qualidade de vida e bem-estar dos moradores nos quatro cantos da nossa cidade\u201d, afirmou o prefeito M\u00e1rio Alexandre.<\/p>\n<p>A iniciativa tem como finalidade viabilizar, a partir do acesso a diferentes produ\u00e7\u00f5es culturais e cinematogr\u00e1ficas, debates sobre assuntos de cunho social, a fim de promover a reflex\u00e3o e o desenvolvimento local das comunidades alcan\u00e7adas.<\/p>\n<p>\u201cO projeto ser\u00e1, sem d\u00favida, um ganho imenso para a juventude suburbana e servir\u00e1 de exemplo para outros munic\u00edpios\u201d, explicou o professor Emenson Silva, coordenador do Cine Comunidade.<\/p>\n<p>A a\u00e7\u00e3o tamb\u00e9m representa uma alternativa para driblar problemas sociais como viol\u00eancia e uso de drogas, tendo papel estrat\u00e9gico de apresentar conte\u00fados relevantes e garantir \u00e0s crian\u00e7as e aos jovens lugar de fala e acesso \u00e0 cultura no seio familiar e comunit\u00e1rio.<\/p>\n<p><strong>Programa\u00e7\u00e3o<\/strong><\/p>\n<p><strong>O qu\u00ea?\u00a0<\/strong>Cine Comunidade<\/p>\n<p><strong>Onde?<\/strong>\u00a0Pra\u00e7a\u00a0D\u00e9lcio Santos, distrito do Banco do Pedro<\/p>\n<p><strong>Quando?<\/strong>\u00a0sexta-feira, 27 de janeiro,\u00a0a partir das 17h<\/p>\n","protected":false},"excerpt":{"rendered":"<p>&nbsp; &nbsp; Realizado com apoio da Prefeitura de Ilh\u00e9us, o Cine Comunidade chega para transformar a realidade de crian\u00e7as e jovens residentes em \u00e1reas perif\u00e9ricas, distritos e altos da cidade. Por meio da inclus\u00e3o social, a proposta tamb\u00e9m visa fomentar a\u00e7\u00f5es com foco na promo\u00e7\u00e3o da cultura e do entretenimento. A estreia acontece nesta sexta-feira [&hellip;]<\/p>\n","protected":false},"author":2,"featured_media":0,"comment_status":"open","ping_status":"open","sticky":false,"template":"","format":"standard","meta":{"_links_to":"","_links_to_target":""},"categories":[7,9,8,1],"tags":[],"_links":{"self":[{"href":"https:\/\/www.ilheusnoticias.net.br\/v1\/wp-json\/wp\/v2\/posts\/30782"}],"collection":[{"href":"https:\/\/www.ilheusnoticias.net.br\/v1\/wp-json\/wp\/v2\/posts"}],"about":[{"href":"https:\/\/www.ilheusnoticias.net.br\/v1\/wp-json\/wp\/v2\/types\/post"}],"author":[{"embeddable":true,"href":"https:\/\/www.ilheusnoticias.net.br\/v1\/wp-json\/wp\/v2\/users\/2"}],"replies":[{"embeddable":true,"href":"https:\/\/www.ilheusnoticias.net.br\/v1\/wp-json\/wp\/v2\/comments?post=30782"}],"version-history":[{"count":1,"href":"https:\/\/www.ilheusnoticias.net.br\/v1\/wp-json\/wp\/v2\/posts\/30782\/revisions"}],"predecessor-version":[{"id":30783,"href":"https:\/\/www.ilheusnoticias.net.br\/v1\/wp-json\/wp\/v2\/posts\/30782\/revisions\/30783"}],"wp:attachment":[{"href":"https:\/\/www.ilheusnoticias.net.br\/v1\/wp-json\/wp\/v2\/media?parent=30782"}],"wp:term":[{"taxonomy":"category","embeddable":true,"href":"https:\/\/www.ilheusnoticias.net.br\/v1\/wp-json\/wp\/v2\/categories?post=30782"},{"taxonomy":"post_tag","embeddable":true,"href":"https:\/\/www.ilheusnoticias.net.br\/v1\/wp-json\/wp\/v2\/tags?post=30782"}],"curies":[{"name":"wp","href":"https:\/\/api.w.org\/{rel}","templated":true}]}}