{"id":30780,"date":"2023-01-26T16:56:48","date_gmt":"2023-01-26T19:56:48","guid":{"rendered":"https:\/\/www.ilheusnoticias.net.br\/v1\/?p=30780"},"modified":"2023-01-26T16:56:48","modified_gmt":"2023-01-26T19:56:48","slug":"ilheus-cult-jornada-cultural-apresenta-musica-e-oficina-de-poesia-no-teatro-municipal","status":"publish","type":"post","link":"https:\/\/www.ilheusnoticias.net.br\/v1\/2023\/01\/26\/ilheus-cult-jornada-cultural-apresenta-musica-e-oficina-de-poesia-no-teatro-municipal\/","title":{"rendered":"Ilh\u00e9us Cult: Jornada Cultural apresenta m\u00fasica e oficina de poesia no Teatro Municipal"},"content":{"rendered":"<p class=\"dt_materia\">\n<p>&nbsp;<\/p>\n<div class=\"imagem thumbnail col-xs-12 col-sm-8 col-md-6 col-lg-6 imagem-materia\"><a class=\"fresco\" title=\"\" href=\"https:\/\/portalfacilarquivos.blob.core.windows.net\/uploads\/ILHEUS\/imgOrig\/%7BBD3AE75D-E85E-3E87-20E2-78E4A1EC42BC%7D.jpg\" data-fresco-caption=\"\"><img loading=\"lazy\" src=\"https:\/\/portalfacilarquivos.blob.core.windows.net\/uploads\/ILHEUS\/img\/%7BBD3AE75D-E85E-3E87-20E2-78E4A1EC42BC%7D\/%7BBD3AE75D-E85E-3E87-20E2-78E4A1EC42BC%7D_450X650.jpg\" alt=\"Teatro\" width=\"450\" height=\"650\" \/><\/a><\/div>\n<p>A Secretaria Especial de Cultura (Secult) realiza nesta quinta-feira, 26 de janeiro, e no dia 23 de fevereiro a primeira edi\u00e7\u00e3o da \u201cIlh\u00e9us Cult- Jornada Cultural\u201d. O evento gratuito acontece Teatro Municipal, a partir das 15h, e inclui oficina de poesia e show de voz e viol\u00e3o. A iniciativa \u00e9 realizada em parceria com artistas regionais, que poder\u00e3o expor seus trabalhos no foyer t\u00e9rreo do teatro.<\/p>\n<p>A Secult destaca que a atividade visa promover o resgate cultural e hist\u00f3rico, al\u00e9m de valorizar a produ\u00e7\u00e3o musical, liter\u00e1ria e artesanal do munic\u00edpio e do sul da Bahia. O evento \u00e9 aberto ao p\u00fablico de todas as idades.<\/p>\n<p>A a\u00e7\u00e3o tem como objetivo ampliar a participa\u00e7\u00e3o da popula\u00e7\u00e3o e o acesso \u00e0 frui\u00e7\u00e3o cultural para diferentes p\u00fablicos, por meio de uma agenda diversificada.<\/p>\n<p>Confira a programa\u00e7\u00e3o.<\/p>\n<p><strong>26\/01 (quinta-feira)<\/strong><\/p>\n<p>15h \u2013 Oficina de poesia<\/p>\n<p>16h \u2013 Show de voz e viol\u00e3o<\/p>\n<p><strong>23\/02 (quinta-feira)<\/strong><\/p>\n<p>15h \u2013 Oficina de Cordel<\/p>\n<p>16h \u2013 Roda de samba<\/p>\n","protected":false},"excerpt":{"rendered":"<p>&nbsp; A Secretaria Especial de Cultura (Secult) realiza nesta quinta-feira, 26 de janeiro, e no dia 23 de fevereiro a primeira edi\u00e7\u00e3o da \u201cIlh\u00e9us Cult- Jornada Cultural\u201d. O evento gratuito acontece Teatro Municipal, a partir das 15h, e inclui oficina de poesia e show de voz e viol\u00e3o. A iniciativa \u00e9 realizada em parceria com [&hellip;]<\/p>\n","protected":false},"author":2,"featured_media":0,"comment_status":"open","ping_status":"open","sticky":false,"template":"","format":"standard","meta":{"_links_to":"","_links_to_target":""},"categories":[7,9,8,1],"tags":[],"_links":{"self":[{"href":"https:\/\/www.ilheusnoticias.net.br\/v1\/wp-json\/wp\/v2\/posts\/30780"}],"collection":[{"href":"https:\/\/www.ilheusnoticias.net.br\/v1\/wp-json\/wp\/v2\/posts"}],"about":[{"href":"https:\/\/www.ilheusnoticias.net.br\/v1\/wp-json\/wp\/v2\/types\/post"}],"author":[{"embeddable":true,"href":"https:\/\/www.ilheusnoticias.net.br\/v1\/wp-json\/wp\/v2\/users\/2"}],"replies":[{"embeddable":true,"href":"https:\/\/www.ilheusnoticias.net.br\/v1\/wp-json\/wp\/v2\/comments?post=30780"}],"version-history":[{"count":1,"href":"https:\/\/www.ilheusnoticias.net.br\/v1\/wp-json\/wp\/v2\/posts\/30780\/revisions"}],"predecessor-version":[{"id":30781,"href":"https:\/\/www.ilheusnoticias.net.br\/v1\/wp-json\/wp\/v2\/posts\/30780\/revisions\/30781"}],"wp:attachment":[{"href":"https:\/\/www.ilheusnoticias.net.br\/v1\/wp-json\/wp\/v2\/media?parent=30780"}],"wp:term":[{"taxonomy":"category","embeddable":true,"href":"https:\/\/www.ilheusnoticias.net.br\/v1\/wp-json\/wp\/v2\/categories?post=30780"},{"taxonomy":"post_tag","embeddable":true,"href":"https:\/\/www.ilheusnoticias.net.br\/v1\/wp-json\/wp\/v2\/tags?post=30780"}],"curies":[{"name":"wp","href":"https:\/\/api.w.org\/{rel}","templated":true}]}}