{"id":30774,"date":"2023-01-26T07:09:02","date_gmt":"2023-01-26T10:09:02","guid":{"rendered":"https:\/\/www.ilheusnoticias.net.br\/v1\/?p=30774"},"modified":"2023-01-26T07:19:56","modified_gmt":"2023-01-26T10:19:56","slug":"associacao-bariatrica-de-ilheus-retoma-suas-atividades-de-2023-com-primeira-cirurgia-bariatrica","status":"publish","type":"post","link":"https:\/\/www.ilheusnoticias.net.br\/v1\/2023\/01\/26\/associacao-bariatrica-de-ilheus-retoma-suas-atividades-de-2023-com-primeira-cirurgia-bariatrica\/","title":{"rendered":"Associa\u00e7\u00e3o Bari\u00e1trica de Ilh\u00e9us retoma suas atividades de 2023 com primeira cirurgia Bari\u00e1trica"},"content":{"rendered":"<p><img loading=\"lazy\" class=\"alignnone wp-image-30775\" src=\"https:\/\/www.ilheusnoticias.net.br\/v1\/wp-content\/uploads\/2023\/01\/WhatsApp-Image-2023-01-24-at-06.31.49.jpeg\" alt=\"\" width=\"407\" height=\"543\" srcset=\"https:\/\/www.ilheusnoticias.net.br\/v1\/wp-content\/uploads\/2023\/01\/WhatsApp-Image-2023-01-24-at-06.31.49.jpeg 600w, https:\/\/www.ilheusnoticias.net.br\/v1\/wp-content\/uploads\/2023\/01\/WhatsApp-Image-2023-01-24-at-06.31.49-225x300.jpeg 225w\" sizes=\"(max-width: 407px) 100vw, 407px\" \/><\/p>\n<p>foto: Cid\u00e1lia, camisa de preta, sua genitora e o volunt\u00e1rio da Abir, Genilson que as transportou<\/p>\n<p>A primeira cirurgia Bari\u00e1trica no ano de 2023, foi realizada ontem, na jovem Cid\u00e1lia Cristina Souza Soares, 24 anos, moradores do bairro Nelson Costa, em Ilh\u00e9us, que receber\u00e1 alta hoje(26), sendo que a cirurgia Bari\u00e1trica foi feita por v\u00eddeolaparoscopia, atrav\u00e9s da Associa\u00e7\u00e3o Bari\u00e1trica de Ilh\u00e9us &#8211; Abir-,\u00a0 no Hospital de Ilh\u00e9us, comandada pelo excelente especialista, Dr. Nilson Ribeiro. As reuni\u00f5es ser\u00e3o tamb\u00e9m retomadas, sendo que\u00a0 a primeira, acontecer\u00e1 dia 8 de Mar\u00e7o, 14 horas, no audit\u00f3rio da Secretaria de Sa\u00fade de Ilh\u00e9us, onde novas inscri\u00e7\u00f5es ser\u00e3o abertas.<\/p>\n<p><img loading=\"lazy\" class=\"alignnone wp-image-30776\" src=\"https:\/\/www.ilheusnoticias.net.br\/v1\/wp-content\/uploads\/2023\/01\/WhatsApp-Image-2023-01-25-at-11.16.57-2.jpeg\" alt=\"\" width=\"323\" height=\"543\" srcset=\"https:\/\/www.ilheusnoticias.net.br\/v1\/wp-content\/uploads\/2023\/01\/WhatsApp-Image-2023-01-25-at-11.16.57-2.jpeg 476w, https:\/\/www.ilheusnoticias.net.br\/v1\/wp-content\/uploads\/2023\/01\/WhatsApp-Image-2023-01-25-at-11.16.57-2-179x300.jpeg 179w\" sizes=\"(max-width: 323px) 100vw, 323px\" \/><\/p>\n<p>Dr. Nilson Ribeiro, abra\u00e7o de felicidade na Presidente da Abir, Jornalista Laudic\u00e9a Carvalho\u00a0 ap\u00f3s todos \u00eaxitos, lutas e pessoas felizes.<\/p>\n<p>De acordo Laudic\u00e9a Carvalho, Presidente da Associa\u00e7\u00e3o de Bari\u00e1trica de Ilh\u00e9us , sul e extremo sul da Bahia, outras cirurgias dever\u00e3o acontecer inicio do m\u00eas de abril, sendo uma previs\u00e3o entre 40 a 50 cirurgias este ano,\u00a0 visto que ela s\u00f3 s\u00e3o realizadas atrav\u00e9s de emendas Parlamentar, pois n\u00e3o existe recursos para a realiza\u00e7\u00e3o das mesmas diretamente pelos Sistema \u00danico de Sa\u00fade -SUS- e, na primeira etapa tivemos o apoio do Deputado Federal Jorge Solla, que destinou mais de RS 300.00 mil reais , tamb\u00e9m estabeleceu uma parceria com Dr. Fabricio em Itabuna, o que resultou em 25 cirurgia , salvando ai 25 vidas e fam\u00edlias.<\/p>\n<p>A Abir contou tamb\u00e9m com o apoio da atual Deputada Soane Galv\u00e3o que em todas reuni\u00f5es estava presente com a\u00e7\u00f5es e com palavras de otimismo al\u00e9m de\u00a0 lutar junto ao Governo Municipal para a realiza\u00e7\u00e3o das cirurgia. De acordo Laudic\u00e9a Carvalho , &#8221; esperamos que agora eleita e com total apoio da nossa Associa\u00e7\u00e3o, a Deputada Soane Galv\u00e3o, possa conseguir verbas para esta luta para continuarmos a salvar vidas , al\u00e9m de viabilizar a nossa sede pr\u00f3pria, o que se faz necess\u00e1rio,&#8221; concluiu. A Abir atende obesos e doen\u00e7as afetas, de\u00a0 Ilh\u00e9us e sul e extremo sul da Bahia.<\/p>\n<p>Para este ano, a Associa\u00e7\u00e3o j\u00e1 conta com emendas impositivas no valor de cerca\u00a0 de RS 600.000 mil reais, dada por Vereadores da C\u00e2mara Municipal de Ilh\u00e9us , que ser\u00e3o divulgadas nomes e valores , al\u00e9m de emendas j\u00e1 prometidas pelo Deputado Federal Jorge Solla e a Deputada Federal, L\u00eddice da Mata, onde ambos conhecem de perto a dura realidade de mais de 350 associados e muitos j\u00e1 n\u00e3o acreditam na vida. Estas emendas ser\u00e3o colocadas no final do m\u00eas de fevereiro , de acordo a Lei<\/p>\n<p>A equipe da Associa\u00e7\u00e3o \u00e9 composta por duas nutricionistas,\u00a0 uma psic\u00f3loga e uma enfermeira, al\u00e9m de toda Dire\u00e7\u00e3o e associados que unidos fazem a diferen\u00e7a. Fundada em 2019 , pelo atual Vereador, Kaique Souza , devido a sua genitora , atual Presidente Laudic\u00e9a Carvalho , ap\u00f3s ter chance de apenas dez por cento de vida, o Minist\u00e9rio Publico, atrav\u00e9s do Dr. Pedro fez o sequestro das verbas o que salvou a vida de Laudic\u00e9a, e , hoje, ela tem essa associa\u00e7\u00e3o como proposta de vida. A Presidente Laudic\u00e9a Carvalho j\u00e1 conta com apoio do Minist\u00e9rio P\u00fablico de Ilh\u00e9us, no sentido de que esta verba das medidas impositivas sejam liberadas o mais r\u00e1pido poss\u00edvel e as cirurgias sejam feitas em maior quantidade, e, vida sejam salvas e retomadas<\/p>\n<p>Al\u00e9m da destina\u00e7\u00e3o da verba pelo Deputado Federal, Jorge Solla, a associa\u00e7\u00e3o ganhou no ano de 2022, da Deputada Federal , L\u00eddice da Mata, um carro usado e duas motos usadas, o que servem em muito para transporte dos associados e visita das equipes \u00e0s fam\u00edlias que moram em locais de dif\u00edcil acesso, e muitas vezes precisam de um socorro imediato e acompanhamento n\u00e3o s\u00f3\u00a0 do paciente , mas tamb\u00e9m das fam\u00edlia. Por n\u00e3o possuir verba pr\u00f3pria e sede, hoje a Associa\u00e7\u00e3o conta com a parceria do Governo Municipal de Ilh\u00e9us que viabiliza condi\u00e7\u00f5es para realiza\u00e7\u00e3o das palestras e reuni\u00f5es atrav\u00e9s do competente Secret\u00e1rio de Sa\u00fade, Andr\u00e9 Ces\u00e1rio, que proporciona tamb\u00e9m apoio em materiais necess\u00e1rios para avalia\u00e7\u00e3o dos Associados al\u00e9m palestras proferida por ele e outros profissionais gratuitamente, o que ajuda muito nesta luta \u00e1rdua e vitoriosa.<\/p>\n","protected":false},"excerpt":{"rendered":"<p>foto: Cid\u00e1lia, camisa de preta, sua genitora e o volunt\u00e1rio da Abir, Genilson que as transportou A primeira cirurgia Bari\u00e1trica no ano de 2023, foi realizada ontem, na jovem Cid\u00e1lia Cristina Souza Soares, 24 anos, moradores do bairro Nelson Costa, em Ilh\u00e9us, que receber\u00e1 alta hoje(26), sendo que a cirurgia Bari\u00e1trica foi feita por v\u00eddeolaparoscopia, [&hellip;]<\/p>\n","protected":false},"author":2,"featured_media":0,"comment_status":"open","ping_status":"open","sticky":false,"template":"","format":"standard","meta":{"_links_to":"","_links_to_target":""},"categories":[7,9,8,1],"tags":[],"_links":{"self":[{"href":"https:\/\/www.ilheusnoticias.net.br\/v1\/wp-json\/wp\/v2\/posts\/30774"}],"collection":[{"href":"https:\/\/www.ilheusnoticias.net.br\/v1\/wp-json\/wp\/v2\/posts"}],"about":[{"href":"https:\/\/www.ilheusnoticias.net.br\/v1\/wp-json\/wp\/v2\/types\/post"}],"author":[{"embeddable":true,"href":"https:\/\/www.ilheusnoticias.net.br\/v1\/wp-json\/wp\/v2\/users\/2"}],"replies":[{"embeddable":true,"href":"https:\/\/www.ilheusnoticias.net.br\/v1\/wp-json\/wp\/v2\/comments?post=30774"}],"version-history":[{"count":3,"href":"https:\/\/www.ilheusnoticias.net.br\/v1\/wp-json\/wp\/v2\/posts\/30774\/revisions"}],"predecessor-version":[{"id":30779,"href":"https:\/\/www.ilheusnoticias.net.br\/v1\/wp-json\/wp\/v2\/posts\/30774\/revisions\/30779"}],"wp:attachment":[{"href":"https:\/\/www.ilheusnoticias.net.br\/v1\/wp-json\/wp\/v2\/media?parent=30774"}],"wp:term":[{"taxonomy":"category","embeddable":true,"href":"https:\/\/www.ilheusnoticias.net.br\/v1\/wp-json\/wp\/v2\/categories?post=30774"},{"taxonomy":"post_tag","embeddable":true,"href":"https:\/\/www.ilheusnoticias.net.br\/v1\/wp-json\/wp\/v2\/tags?post=30774"}],"curies":[{"name":"wp","href":"https:\/\/api.w.org\/{rel}","templated":true}]}}