{"id":30769,"date":"2023-01-26T06:17:41","date_gmt":"2023-01-26T09:17:41","guid":{"rendered":"https:\/\/www.ilheusnoticias.net.br\/v1\/?p=30769"},"modified":"2023-01-26T06:17:41","modified_gmt":"2023-01-26T09:17:41","slug":"governo-da-bahia-cria-nova-forca-tarefa-para-combater-crimes-contra-povos-indigenas-e-comunidades-tradicionais","status":"publish","type":"post","link":"https:\/\/www.ilheusnoticias.net.br\/v1\/2023\/01\/26\/governo-da-bahia-cria-nova-forca-tarefa-para-combater-crimes-contra-povos-indigenas-e-comunidades-tradicionais\/","title":{"rendered":"Governo da Bahia cria nova for\u00e7a-tarefa para combater crimes contra povos ind\u00edgenas e comunidades tradicionais"},"content":{"rendered":"<div class=\"row content-head non-featured \">\n<div class=\"title\" data-block-type=\"title\" data-block-id=\"0\">\n<h1 class=\"content-head__title\"><span style=\"font-size: 16px;\">A\u00e7\u00e3o iniciar\u00e1 com prioridade para a regi\u00f5es do extremo sul. Medida foi anunciada pelo subsecret\u00e1rio da Seguran\u00e7a P\u00fablica nesta quarta (25). Em setembro de 2022, estado tamb\u00e9m criou for\u00e7a-tarefa.<\/span><\/h1>\n<\/div>\n<\/div>\n<div class=\"content__signa-share\">\n<div class=\"content__signature\">\n<div class=\"content-publication-data\">\n<div class=\"content-publication-data__text\">\n<p class=\"content-publication-data__from\" title=\"g1 BA \">Por g1 BA<\/p>\n<p class=\"content-publication-data__updated\"><img class=\"content-video__placeholder__thumb\" title=\"For\u00e7a Integrada \u00e9 criada em combate a crimes contra povos e comunidades tradicionais na BA\" src=\"https:\/\/s04.video.glbimg.com\/x240\/11309887.jpg\" alt=\"For\u00e7a Integrada \u00e9 criada em combate a crimes contra povos e comunidades tradicionais na BA\" \/><\/p>\n<\/div>\n<\/div>\n<\/div>\n<\/div>\n<div class=\"mc-article-body\">\n<article>\n<div id=\"chunk-e8jg6\">\n<div class=\"bs-video-block mc-column  content-media content-video\" data-block-type=\"backstage-video\" data-block-id=\"1\">\n<div class=\"content-media__container\">\n<div class=\"content-video__bigger-player-description-fixer\">\n<article class=\"content-video\">\n<section class=\"content-video__video-container\">\n<div class=\"content-video__video\">\n<div id=\"wp3-player-2\" class=\"clappr-player\" tabindex=\"9999\" data-player=\"\">\n<div class=\"dfp-ad-overlay dfp-ad-overlay--poster-mode\">\n<div><\/div>\n<\/div>\n<div class=\"container-overlay\"><\/div>\n<div class=\"drawer-header drawer-header--hidden\"><\/div>\n<div class=\"container master-container pointer-enabled\" data-container=\"\" data-pip=\"\">\n<div class=\"poster\">\n<div class=\"poster__background\"><\/div>\n<div class=\"poster__background-overlay\"><\/div>\n<p><button class=\"poster__play-wrapper\" tabindex=\"0\"><span class=\"visually-hidden\">Reproduzir v\u00eddeo<\/span><\/button><\/div>\n<div class=\"spinner\" role=\"alert\"><\/div>\n<div class=\"id-playback\" data-id-playback=\"\"><\/div>\n<\/div>\n<div class=\"media-control media-control-hide h720 w960\">\n<div class=\"media-control-panel\">\n<div class=\"media-control-panel__back-layer\">\n<div class=\"media-control-position__left\"><\/div>\n<div class=\"media-control-position__center\"><\/div>\n<div class=\"media-control-position__right\"><\/div>\n<\/div>\n<div class=\"media-control-panel__upper\">\n<div class=\"opposites-container\">\n<div class=\"media-control-position__left\"><\/div>\n<div class=\"media-control-position__right\"><\/div>\n<\/div>\n<div class=\"media-control-position__center\"><\/div>\n<\/div>\n<div class=\"media-control-panel__middle\">\n<div class=\"media-control-position__left\"><\/div>\n<div class=\"media-control-position__center\"><\/div>\n<div class=\"media-control-position__right\"><\/div>\n<\/div>\n<div class=\"media-control-panel__between\">\n<div class=\"media-control-position__left\"><\/div>\n<div class=\"media-control-position__center\"><\/div>\n<div class=\"media-control-position__right\"><\/div>\n<p><button class=\"media-control-button skip-button skip-button--live_button skip-button--hidden media-control-element\" data-skip-button=\"\"><\/button><button class=\"media-control-button skip-button skip-button--recap skip-button--hidden media-control-element\" data-skip-button=\"\"><\/button><button class=\"media-control-button skip-button skip-button--intro skip-button--hidden media-control-element\" data-skip-button=\"\"><\/button><button class=\"media-control-button skip-button skip-button--left skip-button--start_over skip-button--hidden media-control-element\" data-skip-button=\"\"><\/button><\/div>\n<div class=\"media-control-panel__lower\" data-controls=\"\">\n<div class=\"media-control-position__center\">\n<div class=\"bar-container media-control-element\" data-seekbar=\"\">\n<div class=\"seekbar\">\n<div class=\"bar-background\" tabindex=\"0\" data-seekbar=\"\">\n<div class=\"bar-fill-1\" data-seekbar=\"\"><\/div>\n<div class=\"bar-fill-2\" data-seekbar=\"\"><\/div>\n<\/div>\n<div class=\"bar-scrubber\" tabindex=\"-1\" role=\"slider\" data-seekbar=\"\" aria-valuemin=\"0\" aria-valuemax=\"0\" aria-valuenow=\"0\" aria-valuetext=\"Ponto do v\u00eddeo, 0 minuto e 0 segundo.\">\n<div class=\"bar-scrubber-icon\" data-seekbar=\"\"><\/div>\n<\/div>\n<\/div>\n<div id=\"seek-feedback\" class=\"visually-hidden\" aria-live=\"polite\"><\/div>\n<div class=\"thumb-preview thumb-preview--hidden\">\n<div class=\"thumb-preview__thumb\"><\/div>\n<div class=\"thumb-preview__position\"><\/div>\n<\/div>\n<\/div>\n<div class=\"bar-container__placeholder\"><\/div>\n<\/div>\n<div class=\"opposites-container\">\n<div class=\"media-control-position__left\"><button class=\"media-control-button play media-control-element\" data-playpause=\"\"><span class=\"visually-hidden\">Reproduzir<\/span><\/button><\/p>\n<div class=\"time-indicator media-control-element\"><span data-position=\"\">00:00<\/span><span class=\"separator\">\/<\/span><span data-duration=\"\">01:40<\/span><\/div>\n<\/div>\n<div class=\"media-control-position__between\"><\/div>\n<div class=\"media-control-position__right\">\n<div class=\"drawer-container volume-hide media-control-element\" data-volume=\"\">\n<div class=\"drawer-icon-container\" data-volume=\"\"><button class=\"drawer-icon media-control-button media-control-element\" data-volume=\"\"><span class=\"visually-hidden\">Silenciar som<\/span><\/button><\/div>\n<div class=\"bar-container\" data-volume=\"\">\n<div class=\"bar-background\" data-volume=\"\">\n<div class=\"bar-fill-1\" data-volume=\"\"><\/div>\n<div class=\"bar-hover\" data-volume=\"\"><\/div>\n<\/div>\n<div class=\"bar-scrubber\" data-volume=\"\">\n<div class=\"bar-scrubber-icon\" data-volume=\"\"><\/div>\n<\/div>\n<\/div>\n<\/div>\n<p><button class=\"media-control-button media-control-element\" data-fullscreen=\"\"><span class=\"visually-hidden\">Tela cheia<\/span><\/button><\/div>\n<\/div>\n<\/div>\n<div class=\"media-control-panel__front-layer\">\n<div class=\"media-control-position__left\"><\/div>\n<div class=\"media-control-position__center\"><\/div>\n<div class=\"media-control-position__right\"><\/div>\n<\/div>\n<div class=\"media-control-panel__modal\"><\/div>\n<\/div>\n<\/div>\n<\/div>\n<\/div>\n<\/section>\n<\/article>\n<\/div>\n<p class=\"content-media__description\">For\u00e7a Integrada \u00e9 criada em combate a crimes contra povos e comunidades tradicionais na BA<\/p>\n<\/div>\n<\/div>\n<\/div>\n<div id=\"chunk-cn6go\">\n<div class=\"mc-column mc-side-item__container\" data-block-type=\"ads\" data-block-id=\"2\">\n<div class=\"mc-side-item mc-side-item--right content-ads content-ads--side-ad\">\n<div id=\"banner_materia1\" class=\"tag-manager-publicidade-container tag-manager-publicidade-banner_materia1 tag-manager-publicidade-container--carregado tag-manager-publicidade-container--visivel\" data-google-query-id=\"CJaB4Nzy5PwCFWKylQIdK2MDEw\">\n<div id=\"google_ads_iframe_\/95377733\/tvg_G1\/Sua_Regiao&gt;Nordeste&gt;Bahia_0__container__\" style=\"box-sizing: inherit; margin: auto; padding: 0px; border: 0pt none; font: inherit; vertical-align: initial; text-align: center; width: 300px; height: 250px;\"><iframe id=\"google_ads_iframe_\/95377733\/tvg_G1\/Sua_Regiao&gt;Nordeste&gt;Bahia_0\" style=\"box-sizing: inherit; margin: 0px; padding: 0px; border: 0px; font: inherit; vertical-align: bottom;\" tabindex=\"0\" title=\"3rd party ad content\" role=\"region\" name=\"google_ads_iframe_\/95377733\/tvg_G1\/Sua_Regiao&gt;Nordeste&gt;Bahia_0\" width=\"300\" height=\"250\" frameborder=\"0\" marginwidth=\"0\" marginheight=\"0\" scrolling=\"no\" aria-label=\"Advertisement\" data-load-complete=\"true\" data-google-container-id=\"1\" data-mce-fragment=\"1\"><\/iframe><\/div>\n<\/div>\n<\/div>\n<\/div>\n<\/div>\n<div id=\"chunk-bdnij\">\n<div class=\"mc-column content-text active-extra-styles \" data-block-type=\"unstyled\" data-block-weight=\"48\" data-block-id=\"3\">\n<p class=\"content-text__container \" data-track-category=\"Link no Texto\" data-track-links=\"\">A Secretaria da Seguran\u00e7a P\u00fablica (SSP) anunciou, nesta quarta-feira (25), a cria\u00e7\u00e3o da For\u00e7a Integrada (FI) de Combate a Crimes Comuns que envolve Povos e Comunidades Tradicionais, ocorridos em terras ind\u00edgenas e quilombolas. A\u00e7\u00e3o ser\u00e1 composta pela Pol\u00edcia Militar, Civil e T\u00e9cnica, al\u00e9m do Corpo de Bombeiros.<\/p>\n<\/div>\n<\/div>\n<div class=\"wall protected-content\">\n<div class=\"mc-column content-text active-extra-styles\" data-block-type=\"raw\" data-block-weight=\"42\" data-block-id=\"4\">\n<p class=\"content-text__container\">\n<ul class=\"content-unordered-list\">\n<li><a href=\"https:\/\/g1.globo.com\/ba\/bahia\/noticia\/2023\/01\/18\/ministra-dos-povos-indigenas-sonia-guajajara-diz-que-vai-acompanhar-caso-de-pataxos-mortos-na-ba-nao-havera-impunidade.ghtml\">Ministra dos Povos Ind\u00edgenas diz que vai acompanhar caso de patax\u00f3s mortos na Bahia<\/a><\/li>\n<li><a href=\"https:\/\/g1.globo.com\/ba\/bahia\/noticia\/2023\/01\/18\/dois-indigenas-sao-mortos-a-tiros-enquanto-se-deslocavam-para-fazenda-ocupadas-por-grupo-no-sul-da-bahia.ghtml\">Ind\u00edgenas s\u00e3o mortos a tiros a caminho de fazenda ocupada por grupo no extremo sul<\/a><\/li>\n<li><a href=\"https:\/\/g1.globo.com\/ba\/bahia\/noticia\/2022\/09\/13\/forca-tarefa-para-impedir-novos-conflitos-entre-fazendeiros-e-indigenas-e-enviada-ao-extremo-sul-da-bahia.ghtml\">For\u00e7a-tarefa para impedir conflitos entre fazendeiros e ind\u00edgenas \u00e9 enviada a Porto Seguro<\/a><\/li>\n<\/ul>\n<p>&nbsp;<\/p>\n<\/div>\n<div id=\"chunk-3i49n\">\n<div class=\"mc-column content-text active-extra-styles \" data-block-type=\"unstyled\" data-block-weight=\"14\" data-block-id=\"5\">\n<p class=\"content-text__container \" data-track-category=\"Link no Texto\" data-track-links=\"\">O documento foi publicado na edi\u00e7\u00e3o do Di\u00e1rio Oficial do Estado desta quarta.<\/p>\n<\/div>\n<\/div>\n<div id=\"chunk-iv7i\">\n<div class=\"content-ads content-ads--reveal\" data-block-type=\"ads\" data-block-id=\"6\">\n<div id=\"banner_materia2\" class=\"tag-manager-publicidade-container mc-has-reveal mc-has-ad-lazyload tag-manager-publicidade-banner_materia2 tag-manager-publicidade-container--carregado tag-manager-publicidade-container--visivel\" data-id=\"banner_materia2\" data-google-query-id=\"COKw6uLy5PwCFQ63lQId-IUKeQ\">\n<div id=\"google_ads_iframe_\/95377733\/tvg_G1\/Sua_Regiao&gt;Nordeste&gt;Bahia_3__container__\" style=\"box-sizing: inherit; margin: auto; padding: 0px; border: 0pt none; font: inherit; vertical-align: initial; max-width: 100%; text-align: center; width: 970px; height: 250px;\">A medida foi detalhada pelo subsecret\u00e1rio da Seguran\u00e7a P\u00fablica, delegado H\u00e9lio Jorge Paix\u00e3o, que participou de uma audi\u00eancia p\u00fablica na Assembleia Legislativa da Bahia (Alba), tamb\u00e9m nesta quarta. Em <a href=\"https:\/\/g1.globo.com\/ba\/bahia\/noticia\/2022\/09\/13\/forca-tarefa-para-impedir-novos-conflitos-entre-fazendeiros-e-indigenas-e-enviada-ao-extremo-sul-da-bahia.ghtml\">setembro de 2022, o governo baiano j\u00e1 havia anunciado a cria\u00e7\u00e3o de uma for\u00e7a com proposta semelhante<\/a>. Durante a reuni\u00e3o, o subsecret\u00e1rio destacou o papel do governo em desenvolver pol\u00edticas p\u00fablicas de inclus\u00e3o com diversidade e respeito aos direitos humanos prote\u00e7\u00e3o \u00e0 vida das pessoas.<img class=\"i-amphtml-fill-content i-amphtml-replaced-content\" src=\"https:\/\/s2.glbimg.com\/Si1JR9dS1X_XW0UPaY8vPik6TvE=\/0x0:1599x1066\/984x0\/smart\/filters:strip_icc()\/i.s3.glbimg.com\/v1\/AUTH_59edd422c0c84a879bd37670ae4f538a\/internal_photos\/bs\/2023\/J\/E\/GMjDdZQi2rYqrPwSQtvw\/whatsapp-image-2023-01-25-at-11.48.32.jpeg\" sizes=\"(max-width: 1707px) 648px, 100vw\" srcset=\"https:\/\/s2.glbimg.com\/Ob-soXDzLcpx0_dg2k6w-MXMTx0=\/0x0:1599x1066\/1000x0\/smart\/filters:strip_icc()\/i.s3.glbimg.com\/v1\/AUTH_59edd422c0c84a879bd37670ae4f538a\/internal_photos\/bs\/2023\/J\/E\/GMjDdZQi2rYqrPwSQtvw\/whatsapp-image-2023-01-25-at-11.48.32.jpeg 1000w, https:\/\/s2.glbimg.com\/Si1JR9dS1X_XW0UPaY8vPik6TvE=\/0x0:1599x1066\/984x0\/smart\/filters:strip_icc()\/i.s3.glbimg.com\/v1\/AUTH_59edd422c0c84a879bd37670ae4f538a\/internal_photos\/bs\/2023\/J\/E\/GMjDdZQi2rYqrPwSQtvw\/whatsapp-image-2023-01-25-at-11.48.32.jpeg 984w, https:\/\/s2.glbimg.com\/D4JiuO_xypSbfny3nbXDsuXV5Mw=\/0x0:1599x1066\/640x0\/smart\/filters:strip_icc()\/i.s3.glbimg.com\/v1\/AUTH_59edd422c0c84a879bd37670ae4f538a\/internal_photos\/bs\/2023\/J\/E\/GMjDdZQi2rYqrPwSQtvw\/whatsapp-image-2023-01-25-at-11.48.32.jpeg 640w, https:\/\/s2.glbimg.com\/sqeiw2Y0yHEnxMN6PuRFLl1lm2A=\/0x0:1599x1066\/600x0\/smart\/filters:strip_icc()\/i.s3.glbimg.com\/v1\/AUTH_59edd422c0c84a879bd37670ae4f538a\/internal_photos\/bs\/2023\/J\/E\/GMjDdZQi2rYqrPwSQtvw\/whatsapp-image-2023-01-25-at-11.48.32.jpeg 600w\" alt=\"SSP cria For\u00e7a Integrada de Combate a Crimes Comuns envolvendo Povos e Comunidades Tradicionais \u2014 Foto: Alberto Maraux\" \/><\/div>\n<\/div>\n<\/div>\n<\/div>\n<div id=\"chunk-4264v\">\n<div class=\"row medium-uncollapsed content-media content-photo\" data-block-type=\"backstage-photo\" data-block-id=\"9\">\n<div class=\"mc-column content-media__container\">\n<p>&nbsp;<\/p>\n<p>&nbsp;<\/p>\n<p>&nbsp;<\/p>\n<p>&nbsp;<\/p>\n<p>&nbsp;<\/p>\n<p>&nbsp;<\/p>\n<p>&nbsp;<\/p>\n<p class=\"content-media__description \">SSP cria For\u00e7a Integrada de Combate a Crimes Comuns envolvendo Povos e Comunidades Tradicionais \u2014 Foto: Alberto Maraux<\/p>\n<\/div>\n<\/div>\n<\/div>\n<div class=\"mc-column content-text active-extra-styles\" data-block-type=\"raw\" data-block-weight=\"42\" data-block-id=\"10\">\n<blockquote class=\"content-blockquote theme-border-color-primary-before\"><p>&#8220;Ent\u00e3o a partir do momento que n\u00f3s entendemos o intuito do governador do estado fica f\u00e1cil pra Secretaria de Seguran\u00e7a P\u00fablica por meio de uma diretriz orientar todas as atividades que tem que ser desenvolvidas a\u00ed no \u00e2mbito da seguran\u00e7a p\u00fablica&#8221;, completou.<\/p><\/blockquote>\n<p>&nbsp;<\/p>\n<\/div>\n<div id=\"chunk-5h329\">\n<div class=\"content-ads content-ads--reveal\" data-block-type=\"ads\" data-block-id=\"11\">\n<div id=\"banner_materia__4f35d8a6-665d-4f79-b56e-e7f6ddbe51b3\" class=\"tag-manager-publicidade-container mc-has-reveal mc-has-ad-lazyload tag-manager-publicidade-banner_materia__4f35d8a6-665d-4f79-b56e-e7f6ddbe51b3 tag-manager-publicidade-container--carregado tag-manager-publicidade-container--visivel\" data-id=\"banner_materia__4f35d8a6-665d-4f79-b56e-e7f6ddbe51b3\" data-google-query-id=\"CO-v_-Ly5PwCFWm6lQId1QMFgw\">\n<div id=\"google_ads_iframe_\/95377733\/tvg_G1\/Sua_Regiao&gt;Nordeste&gt;Bahia_4__container__\" style=\"box-sizing: inherit; margin: auto; padding: 0px; border: 0pt none; font: inherit; vertical-align: initial; max-width: 100%; text-align: center; width: 970px; height: 250px;\">A for\u00e7a-tarefa iniciar\u00e1 sua atua\u00e7\u00e3o com prioridade para a regi\u00e3o do extremo sul da Bahia, nos seguintes munic\u00edpios:<\/div>\n<\/div>\n<\/div>\n<\/div>\n<div class=\"mc-column content-text active-extra-styles\" data-block-type=\"raw\" data-block-weight=\"9\" data-block-id=\"13\">\n<ul class=\"content-unordered-list\">\n<li><a href=\"https:\/\/g1.globo.com\/ba\/bahia\/cidade\/eunapolis\/\">Eun\u00e1polis<\/a><\/li>\n<li><a href=\"https:\/\/g1.globo.com\/ba\/bahia\/cidade\/itabela\/\">Itabela<\/a><\/li>\n<li><a href=\"https:\/\/g1.globo.com\/ba\/bahia\/cidade\/itamaraju\/\">Itamaraju<\/a><\/li>\n<li><a href=\"https:\/\/g1.globo.com\/ba\/bahia\/cidade\/porto-seguro\/\">Porto Seguro<\/a><\/li>\n<li>Prado<\/li>\n<li><a href=\"https:\/\/g1.globo.com\/ba\/bahia\/cidade\/santa-cruz-cabralia\/\">Santa Cruz Cabr\u00e1lia<\/a><\/li>\n<\/ul>\n<p>&nbsp;<\/p>\n<\/div>\n<div id=\"chunk-2ss65\">\n<div class=\"mc-column content-text active-extra-styles \" data-block-type=\"unstyled\" data-block-weight=\"46\" data-block-id=\"14\">\n<p class=\"content-text__container \" data-track-category=\"Link no Texto\" data-track-links=\"\">&#8220;Atuamos com for\u00e7a m\u00e1xima para proteger os nossos povos tradicionais desde o ano passado. Em setembro de 2022 enviamos refor\u00e7o para o extremo sul e, integradamente com institui\u00e7\u00f5es federais, prendemos os autores do homic\u00eddio contra um adolescente ind\u00edgena&#8221;, destacou o subsecret\u00e1rio da SSP.<\/p>\n<\/div>\n<\/div>\n<\/div>\n<\/article>\n<\/div>\n","protected":false},"excerpt":{"rendered":"<p>A\u00e7\u00e3o iniciar\u00e1 com prioridade para a regi\u00f5es do extremo sul. Medida foi anunciada pelo subsecret\u00e1rio da Seguran\u00e7a P\u00fablica nesta quarta (25). Em setembro de 2022, estado tamb\u00e9m criou for\u00e7a-tarefa. Por g1 BA Reproduzir v\u00eddeo Reproduzir 00:00\/01:40 Silenciar som Tela cheia For\u00e7a Integrada \u00e9 criada em combate a crimes contra povos e comunidades tradicionais na BA [&hellip;]<\/p>\n","protected":false},"author":2,"featured_media":0,"comment_status":"open","ping_status":"open","sticky":false,"template":"","format":"standard","meta":{"_links_to":"","_links_to_target":""},"categories":[7,9,8,1],"tags":[],"_links":{"self":[{"href":"https:\/\/www.ilheusnoticias.net.br\/v1\/wp-json\/wp\/v2\/posts\/30769"}],"collection":[{"href":"https:\/\/www.ilheusnoticias.net.br\/v1\/wp-json\/wp\/v2\/posts"}],"about":[{"href":"https:\/\/www.ilheusnoticias.net.br\/v1\/wp-json\/wp\/v2\/types\/post"}],"author":[{"embeddable":true,"href":"https:\/\/www.ilheusnoticias.net.br\/v1\/wp-json\/wp\/v2\/users\/2"}],"replies":[{"embeddable":true,"href":"https:\/\/www.ilheusnoticias.net.br\/v1\/wp-json\/wp\/v2\/comments?post=30769"}],"version-history":[{"count":1,"href":"https:\/\/www.ilheusnoticias.net.br\/v1\/wp-json\/wp\/v2\/posts\/30769\/revisions"}],"predecessor-version":[{"id":30770,"href":"https:\/\/www.ilheusnoticias.net.br\/v1\/wp-json\/wp\/v2\/posts\/30769\/revisions\/30770"}],"wp:attachment":[{"href":"https:\/\/www.ilheusnoticias.net.br\/v1\/wp-json\/wp\/v2\/media?parent=30769"}],"wp:term":[{"taxonomy":"category","embeddable":true,"href":"https:\/\/www.ilheusnoticias.net.br\/v1\/wp-json\/wp\/v2\/categories?post=30769"},{"taxonomy":"post_tag","embeddable":true,"href":"https:\/\/www.ilheusnoticias.net.br\/v1\/wp-json\/wp\/v2\/tags?post=30769"}],"curies":[{"name":"wp","href":"https:\/\/api.w.org\/{rel}","templated":true}]}}