{"id":30767,"date":"2023-01-26T06:13:37","date_gmt":"2023-01-26T09:13:37","guid":{"rendered":"https:\/\/www.ilheusnoticias.net.br\/v1\/?p=30767"},"modified":"2023-01-26T06:13:37","modified_gmt":"2023-01-26T09:13:37","slug":"laudo-policial-diz-que-jovem-que-teve-rosto-cortado-em-onibus-sofreu-lesao-leve-vitima-levou-18-pontos","status":"publish","type":"post","link":"https:\/\/www.ilheusnoticias.net.br\/v1\/2023\/01\/26\/laudo-policial-diz-que-jovem-que-teve-rosto-cortado-em-onibus-sofreu-lesao-leve-vitima-levou-18-pontos\/","title":{"rendered":"Laudo policial diz que jovem que teve rosto cortado em \u00f4nibus sofreu les\u00e3o leve; v\u00edtima levou 18 pontos"},"content":{"rendered":"<div class=\"row content-head non-featured \">\n<div class=\"title\" data-block-type=\"title\" data-block-id=\"0\">\n<h1 class=\"content-head__title\"><span style=\"font-size: 16px;\">Caso aconteceu em novembro de 2022 e informa\u00e7\u00e3o sobre exame de corpo de delito foi divulgada nesta quarta-feira (25). At\u00e9 agora, ningu\u00e9m foi preso.<\/span><\/h1>\n<\/div>\n<\/div>\n<div class=\"content__signa-share\">\n<div class=\"content__signature\">\n<div class=\"content-publication-data\">\n<div class=\"content-publication-data__text\">\n<p class=\"content-publication-data__from\" title=\"g1 BA e TV Santa Cruz\">Por g1 BA e TV Santa Cruz<\/p>\n<p class=\"content-publication-data__updated\"><img class=\"content-video__placeholder__thumb\" title=\"Laudos concluem que jovem de Itabuna que teve rosto cortado sofreu les\u00f5es leves\" src=\"https:\/\/s02.video.glbimg.com\/x240\/11311509.jpg\" alt=\"Laudos concluem que jovem de Itabuna que teve rosto cortado sofreu les\u00f5es leves\" \/><\/p>\n<\/div>\n<\/div>\n<\/div>\n<\/div>\n<div class=\"mc-article-body\">\n<article>\n<div id=\"chunk-6atdu\">\n<div class=\"bs-video-block mc-column  content-media content-video\" data-block-type=\"backstage-video\" data-block-id=\"1\">\n<div class=\"content-media__container\">\n<div class=\"content-video__bigger-player-description-fixer\">\n<article class=\"content-video\">\n<section class=\"content-video__video-container\">\n<div class=\"content-video__video\">\n<div id=\"wp3-player-1\" class=\"clappr-player\" tabindex=\"9999\" data-player=\"\">\n<div class=\"media-control media-control-hide h720 w960\">\n<div class=\"media-control-panel\">\n<div class=\"media-control-panel__lower\" data-controls=\"\">\n<div class=\"opposites-container\">\n<div class=\"media-control-position__right\">Laudos concluem que jovem de Itabuna que teve rosto cortado sofreu les\u00f5es leves<span style=\"font-family: inherit; font-size: inherit; font-style: inherit; font-variant-ligatures: inherit; font-variant-caps: inherit; font-weight: inherit; text-align: center;\">O Departamento de Pol\u00edcia T\u00e9cnica (DPT) concluiu que a jovem que levou 18 pontos ap\u00f3s ter o <\/span><a style=\"font-family: inherit; font-size: inherit; font-style: inherit; font-variant-ligatures: inherit; font-variant-caps: inherit; font-weight: inherit; text-align: center;\" href=\"https:\/\/g1.globo.com\/ba\/bahia\/noticia\/2022\/12\/04\/jovem-tem-rosto-cortado-enquanto-dormia-durante-viagem-em-onibus-na-ba-caso-e-investigado-pela-policia.ghtml\">rosto cortado<\/a><span style=\"font-family: inherit; font-size: inherit; font-style: inherit; font-variant-ligatures: inherit; font-variant-caps: inherit; font-weight: inherit; text-align: center;\"> durante uma viagem de \u00f4nibus na Bahia teve uma les\u00e3o leve. A informa\u00e7\u00e3o foi divulgada nesta quarta-feira (25) pela assessoria da Pol\u00edcia Civil. Ningu\u00e9m foi preso.<\/span><\/div>\n<\/div>\n<\/div>\n<\/div>\n<\/div>\n<\/div>\n<\/div>\n<\/section>\n<\/article>\n<\/div>\n<\/div>\n<\/div>\n<\/div>\n<div class=\"wall protected-content\">\n<div id=\"chunk-8aqla\">\n<div class=\"mc-column content-text active-extra-styles \" data-block-type=\"unstyled\" data-block-weight=\"44\" data-block-id=\"5\">\n<p class=\"content-text__container \" data-track-category=\"Link no Texto\" data-track-links=\"\">O caso aconteceu na madrugada do dia 29 de novembro, quando o coletivo passava pelo munic\u00edpio do\u00a0<a href=\"https:\/\/g1.globo.com\/ba\/bahia\/cidade\/conde-ba\/\">Conde<\/a>, no litoral norte da Bahia. A estudante de enfermagem Stefani Firmo, de 23 anos, viajava de Recife (PE) para\u00a0<a href=\"https:\/\/g1.globo.com\/ba\/bahia\/cidade\/salvador\/\">Salvador (BA)<\/a> e dormia quando foi atingida.<\/p>\n<\/div>\n<\/div>\n<div id=\"chunk-8m9es\">\n<div class=\"mc-column content-text active-extra-styles \" data-block-type=\"unstyled\" data-block-weight=\"29\" data-block-id=\"7\">\n<p class=\"content-text__container \" data-track-category=\"Link no Texto\" data-track-links=\"\">As\u00a0<a href=\"https:\/\/g1.globo.com\/ba\/bahia\/noticia\/2022\/12\/06\/video-mostra-momento-em-que-mulher-se-levanta-e-se-aproxima-de-jovem-que-teve-rosto-cortado-em-onibus-na-bahia-veja.ghtml\">imagens de c\u00e2meras de seguran\u00e7a<\/a>\u00a0do \u00f4nibus mostram o momento em que uma passageira se levanta e se aproxima da v\u00edtima, que depois sai pedindo por socorro.<\/p>\n<\/div>\n<\/div>\n<div id=\"chunk-129tl\">\n<div class=\"mc-column content-text active-extra-styles \" data-block-type=\"unstyled\" data-block-weight=\"38\" data-block-id=\"8\">\n<p class=\"content-text__container \" data-track-category=\"Link no Texto\" data-track-links=\"\">Ap\u00f3s o ataque, a pol\u00edcia chegou a apreender uma faca que estava com uma passageira sentada na frente da v\u00edtima. A faca foi mandada para a per\u00edcia, a passageira foi identificada e responde em liberdade por les\u00e3o leve.<\/p>\n<\/div>\n<\/div>\n<div id=\"chunk-b01rd\">\n<div class=\"mc-column content-text active-extra-styles \" data-block-type=\"unstyled\" data-block-weight=\"39\" data-block-id=\"9\">\n<p class=\"content-text__container \" data-track-category=\"Link no Texto\" data-track-links=\"\">Em nota enviada nesta quarta-feira, a pol\u00edcia ainda disse que o exame de corpo de delito pode ser repetido em 60 dias e que o Termo Circunstanciado de Ocorr\u00eancia (TCO) foi encaminhado para o Juizado Especial Criminal (Jecrim).<\/p>\n<\/div>\n<\/div>\n<div id=\"chunk-f2tm0\">\n<div class=\"mc-column content-text active-extra-styles \" data-block-type=\"unstyled\" data-block-weight=\"12\" data-block-id=\"10\">\n<p class=\"content-text__container \" data-track-category=\"Link no Texto\" data-track-links=\"\">A estudante informou que far\u00e1 um novo exame ainda em janeiro.<\/p>\n<\/div>\n<\/div>\n<div id=\"chunk-4o9qq\">\n<div class=\"row medium-uncollapsed content-media content-photo\" data-block-type=\"backstage-photo\" data-block-id=\"11\">\n<div class=\"mc-column content-media__container\">\n<div class=\"content-media-container glb-skeleton-box\">\n<figure class=\"content-media-figure\"><img class=\"i-amphtml-fill-content i-amphtml-replaced-content\" src=\"https:\/\/s2.glbimg.com\/ZlD3cRCl1QWZ5QE8qzkr7pgedaA=\/0x0:1700x1065\/984x0\/smart\/filters:strip_icc()\/i.s3.glbimg.com\/v1\/AUTH_59edd422c0c84a879bd37670ae4f538a\/internal_photos\/bs\/2022\/3\/d\/O0vV9IRayQU0AzBaQ1tQ\/design-sem-nome-14-.png\" sizes=\"(max-width: 1707px) 648px, 100vw\" srcset=\"https:\/\/s2.glbimg.com\/APFvcHJrXpkike6Tjq-jAJ97faI=\/0x0:1700x1065\/1000x0\/smart\/filters:strip_icc()\/i.s3.glbimg.com\/v1\/AUTH_59edd422c0c84a879bd37670ae4f538a\/internal_photos\/bs\/2022\/3\/d\/O0vV9IRayQU0AzBaQ1tQ\/design-sem-nome-14-.png 1000w, https:\/\/s2.glbimg.com\/ZlD3cRCl1QWZ5QE8qzkr7pgedaA=\/0x0:1700x1065\/984x0\/smart\/filters:strip_icc()\/i.s3.glbimg.com\/v1\/AUTH_59edd422c0c84a879bd37670ae4f538a\/internal_photos\/bs\/2022\/3\/d\/O0vV9IRayQU0AzBaQ1tQ\/design-sem-nome-14-.png 984w, https:\/\/s2.glbimg.com\/CpJbJHxaAxdtX6fg-xXzfBzKqzg=\/0x0:1700x1065\/640x0\/smart\/filters:strip_icc()\/i.s3.glbimg.com\/v1\/AUTH_59edd422c0c84a879bd37670ae4f538a\/internal_photos\/bs\/2022\/3\/d\/O0vV9IRayQU0AzBaQ1tQ\/design-sem-nome-14-.png 640w, https:\/\/s2.glbimg.com\/wUZjPf2IWBk98sdQM39gL8iaNGU=\/0x0:1700x1065\/600x0\/smart\/filters:strip_icc()\/i.s3.glbimg.com\/v1\/AUTH_59edd422c0c84a879bd37670ae4f538a\/internal_photos\/bs\/2022\/3\/d\/O0vV9IRayQU0AzBaQ1tQ\/design-sem-nome-14-.png 600w\" alt=\"Jovem tem rosto cortado enquanto dormia durante viagem na BA \u2014 Foto: Arquivo Pessoal\" \/><\/figure>\n<\/div>\n<p class=\"content-media__description \">Jovem tem rosto cortado enquanto dormia durante viagem na BA \u2014 Foto: Arquivo Pessoal<\/p>\n<\/div>\n<\/div>\n<\/div>\n<\/div>\n<\/article>\n<\/div>\n","protected":false},"excerpt":{"rendered":"<p>Caso aconteceu em novembro de 2022 e informa\u00e7\u00e3o sobre exame de corpo de delito foi divulgada nesta quarta-feira (25). At\u00e9 agora, ningu\u00e9m foi preso. Por g1 BA e TV Santa Cruz Laudos concluem que jovem de Itabuna que teve rosto cortado sofreu les\u00f5es levesO Departamento de Pol\u00edcia T\u00e9cnica (DPT) concluiu que a jovem que levou [&hellip;]<\/p>\n","protected":false},"author":2,"featured_media":0,"comment_status":"open","ping_status":"open","sticky":false,"template":"","format":"standard","meta":{"_links_to":"","_links_to_target":""},"categories":[7,9,8,1],"tags":[],"_links":{"self":[{"href":"https:\/\/www.ilheusnoticias.net.br\/v1\/wp-json\/wp\/v2\/posts\/30767"}],"collection":[{"href":"https:\/\/www.ilheusnoticias.net.br\/v1\/wp-json\/wp\/v2\/posts"}],"about":[{"href":"https:\/\/www.ilheusnoticias.net.br\/v1\/wp-json\/wp\/v2\/types\/post"}],"author":[{"embeddable":true,"href":"https:\/\/www.ilheusnoticias.net.br\/v1\/wp-json\/wp\/v2\/users\/2"}],"replies":[{"embeddable":true,"href":"https:\/\/www.ilheusnoticias.net.br\/v1\/wp-json\/wp\/v2\/comments?post=30767"}],"version-history":[{"count":1,"href":"https:\/\/www.ilheusnoticias.net.br\/v1\/wp-json\/wp\/v2\/posts\/30767\/revisions"}],"predecessor-version":[{"id":30768,"href":"https:\/\/www.ilheusnoticias.net.br\/v1\/wp-json\/wp\/v2\/posts\/30767\/revisions\/30768"}],"wp:attachment":[{"href":"https:\/\/www.ilheusnoticias.net.br\/v1\/wp-json\/wp\/v2\/media?parent=30767"}],"wp:term":[{"taxonomy":"category","embeddable":true,"href":"https:\/\/www.ilheusnoticias.net.br\/v1\/wp-json\/wp\/v2\/categories?post=30767"},{"taxonomy":"post_tag","embeddable":true,"href":"https:\/\/www.ilheusnoticias.net.br\/v1\/wp-json\/wp\/v2\/tags?post=30767"}],"curies":[{"name":"wp","href":"https:\/\/api.w.org\/{rel}","templated":true}]}}