{"id":30765,"date":"2023-01-26T06:09:22","date_gmt":"2023-01-26T09:09:22","guid":{"rendered":"https:\/\/www.ilheusnoticias.net.br\/v1\/?p=30765"},"modified":"2023-01-26T06:09:22","modified_gmt":"2023-01-26T09:09:22","slug":"policia-indicia-medico-colombiano-por-mais-dois-crimes-em-outro-hospital-do-rj-estupro-de-vulneravel-e-exercicio-ilegal-da-profissao","status":"publish","type":"post","link":"https:\/\/www.ilheusnoticias.net.br\/v1\/2023\/01\/26\/policia-indicia-medico-colombiano-por-mais-dois-crimes-em-outro-hospital-do-rj-estupro-de-vulneravel-e-exercicio-ilegal-da-profissao\/","title":{"rendered":"Pol\u00edcia indicia m\u00e9dico colombiano por mais dois crimes em outro hospital do RJ: estupro de vulner\u00e1vel e exerc\u00edcio ilegal da profiss\u00e3o"},"content":{"rendered":"<div class=\"row content-head non-featured \">\n<div class=\"title\" data-block-type=\"title\" data-block-id=\"0\">\n<h1><img src=\"https:\/\/s2.glbimg.com\/mcVg4WJgIFD3Esi8gcwb9UunKtE=\/229x0:1651x800\/540x304\/smart\/filters:max_age(3600)\/https:\/\/i.s3.glbimg.com\/v1\/AUTH_59edd422c0c84a879bd37670ae4f538a\/internal_photos\/bs\/2023\/z\/D\/y2rs0XTCWhotiBvvhI7w\/16medico1.jpg\" alt=\"Foto: (Reprodu\u00e7\u00e3o\/TV Globo)\" \/><\/h1>\n<h1 class=\"content-head__title\"><span style=\"font-size: 16px;\">Conclus\u00e3o \u00e9 relativa ao estupro cometido em Saquarema, na Regi\u00e3o dos Lagos. Delegado representou por mais um pedido de pris\u00e3o preventiva contra o suspeito.<\/span><\/h1>\n<\/div>\n<\/div>\n<div class=\"content__signa-share\">\n<div class=\"content__signature\">\n<div class=\"content-publication-data\">\n<div class=\"content-publication-data__text\">\n<p class=\"content-publication-data__from\" title=\"Felipe Freire, TV Globo\">Por Felipe Freire, TV Globo<\/p>\n<p>&nbsp;<\/p>\n<p>&nbsp;<\/p>\n<p class=\"content-publication-data__updated\"><span style=\"font-family: inherit; font-size: inherit; font-style: inherit; font-variant-ligatures: inherit; font-variant-caps: inherit; font-weight: inherit; text-align: center;\">A pol\u00edcia indiciou o m\u00e9dico colombiano <\/span><strong style=\"font-family: inherit; font-size: inherit; font-style: inherit; font-variant-ligatures: inherit; font-variant-caps: inherit; text-align: center;\">Andres Eduardo O\u00f1ate Carrillo<\/strong><span style=\"font-family: inherit; font-size: inherit; font-style: inherit; font-variant-ligatures: inherit; font-variant-caps: inherit; font-weight: inherit; text-align: center;\"> por mais dois crimes: estupro de vulner\u00e1vel e exerc\u00edcio ilegal da profiss\u00e3o. Desta vez, a conclus\u00e3o do inqu\u00e9rito da Delegacia da Crian\u00e7a e do Adolescente V\u00edtima (DCAV) \u00e9 relativa ao abuso ocorrido no Hospital Estadual dos Lagos, em Saquarema, em 15 de dezembro de 2020.<\/span><\/p>\n<\/div>\n<\/div>\n<\/div>\n<\/div>\n<div class=\"mc-article-body\">\n<article>\n<div id=\"chunk-csm9e\">\n<div class=\"mc-column content-text active-extra-styles active-capital-letter\" data-block-type=\"unstyled\" data-block-weight=\"55\" data-block-id=\"2\">\n<p class=\"content-text__container theme-color-primary-first-letter\" data-track-category=\"Link no Texto\" data-track-links=\"\">No in\u00edcio da semana, o delegado da DCAV, Luiz Henrique Marques, <a href=\"https:\/\/g1.globo.com\/rj\/rio-de-janeiro\/noticia\/2023\/01\/23\/policia-civil-do-rj-indicia-medico-colombiano-por-estupro-de-vulneravel-pelo-caso-no-hospital-da-ufrj.ghtml\">j\u00e1 havia indiciado Andres pelo estupro de vulner\u00e1vel<\/a>\u00a0ocorrido no Hospital Universit\u00e1rio Clementino Fraga Filho, o Hospital do Fund\u00e3o, da UFRJ. O caso aconteceu em 5 de fevereiro de 2021.<\/p>\n<\/div>\n<\/div>\n<div class=\"wall protected-content\">\n<div id=\"chunk-9hluc\">\n<div class=\"mc-column content-text active-extra-styles \" data-block-type=\"unstyled\" data-block-weight=\"37\" data-block-id=\"5\">\n<p class=\"content-text__container \" data-track-category=\"Link no Texto\" data-track-links=\"\">Ap\u00f3s ser preso, dia 16 de janeiro, o m\u00e9dico admitiu, em depoimento, ter estuprado duas mulheres sedadas: uma no Fund\u00e3o e outra em Saquarema. Como s\u00e3o cidades e comarcas diferentes, a pol\u00edcia precisou abrir dois inqu\u00e9ritos separados.<\/p>\n<\/div>\n<\/div>\n<div id=\"chunk-d94e4\">\n<div class=\"mc-column content-text active-extra-styles \" data-block-type=\"unstyled\" data-block-weight=\"39\" data-block-id=\"6\">\n<p class=\"content-text__container \" data-track-category=\"Link no Texto\" data-track-links=\"\">No caso de Saquarema, como Andres n\u00e3o tinha Certificado de Registro M\u00e9dico (CRM) e n\u00e3o havia regularizado sua fun\u00e7\u00e3o como m\u00e9dico estrangeiro, tamb\u00e9m n\u00e3o poderia desempenhar a fun\u00e7\u00e3o de anestesista, com estava escalado. Ele substitu\u00eda uma m\u00e9dica da unidade.<\/p>\n<\/div>\n<\/div>\n<div id=\"chunk-85gkj\">\n<div class=\"mc-column content-text active-extra-styles \" data-block-type=\"unstyled\" data-block-weight=\"60\" data-block-id=\"7\">\n<p class=\"content-text__container \" data-track-category=\"Link no Texto\" data-track-links=\"\">A profissional substitu\u00edda disse na delegacia que o coordenador sabia das trocas e que ela pagou R$ 2 mil por um turno de 24 horas a Andres. Na conclus\u00e3o do inqu\u00e9rito, o Conselho Regional de Medicina do Estado do Rio de Janeiro (Cremerj) confirmou, por meio de of\u00edcio, a irregularidade. A pol\u00edcia representou pela pris\u00e3o preventiva, sem prazo, do acusado.<\/p>\n<\/div>\n<\/div>\n<div class=\"mc-column content-text active-extra-styles\" data-block-type=\"raw\" data-block-weight=\"5\" data-block-id=\"9\">\n<div class=\"content-intertitle\">\n<h2>Relat\u00f3rio de anestesia sem carimbo<\/h2>\n<\/div>\n<\/div>\n<div id=\"chunk-ef50b\">\n<div class=\"mc-column content-text active-extra-styles \" data-block-type=\"unstyled\" data-block-weight=\"47\" data-block-id=\"10\">\n<p class=\"content-text__container \" data-track-category=\"Link no Texto\" data-track-links=\"\">Al\u00e9m da restri\u00e7\u00e3o de atua\u00e7\u00e3o, a pol\u00edcia anexou ainda ao inqu\u00e9rito o relat\u00f3rio final de anestesia da paciente estuprada em Saquarema. Apesar de constar o nome de Andres como anestesista, o documento \u00e9 assinado e carimbado apenas pela profissional que dividia as fun\u00e7\u00f5es com o colombiano.<\/p>\n<\/div>\n<\/div>\n<div id=\"chunk-2u7ec\">\n<div class=\"mc-column content-text active-extra-styles \" data-block-type=\"unstyled\" data-block-weight=\"18\" data-block-id=\"11\">\n<p class=\"content-text__container \" data-track-category=\"Link no Texto\" data-track-links=\"\">H\u00e1 ainda um terceiro inqu\u00e9rito em andamento contra Andres, por posse, armazenamento e produ\u00e7\u00e3o de pornografia infantil.<\/p>\n<\/div>\n<\/div>\n<div class=\"mc-column content-text active-extra-styles\" data-block-type=\"raw\" data-block-weight=\"5\" data-block-id=\"12\">\n<div class=\"content-intertitle\">\n<h2>Estupro no fund\u00e3o como estagi\u00e1rio<\/h2>\n<\/div>\n<p>No inqu\u00e9rito relativo ao Hospital Universit\u00e1rio da UFRJ, o Hospital do Fund\u00e3o, Andres estava terminando um curso de especializa\u00e7\u00e3o em anestesia e foi escalado como estagi\u00e1rio.<\/p>\n<\/div>\n<div id=\"chunk-4chro\">\n<div class=\"mc-column content-text active-extra-styles \" data-block-type=\"unstyled\" data-block-weight=\"35\" data-block-id=\"14\">\n<p class=\"content-text__container \" data-track-category=\"Link no Texto\" data-track-links=\"\">De acordo com o depoimento do chefe da anestesia do Hospital do Fund\u00e3o, naquela condi\u00e7\u00e3o Andres n\u00e3o tinha autoriza\u00e7\u00e3o para atuar como m\u00e9dico em nenhum hospital do territ\u00f3rio nacional \u2014 muito menos para anestesiar algu\u00e9m.<\/p>\n<\/div>\n<\/div>\n<div id=\"chunk-2avcp\">\n<div class=\"mc-column content-text active-extra-styles \" data-block-type=\"unstyled\" data-block-weight=\"62\" data-block-id=\"15\">\n<p class=\"content-text__container \" data-track-category=\"Link no Texto\" data-track-links=\"\">O coordenador explicou \u00e0 pol\u00edcia que, para ser habilitado, Andres deveria ter prestado o Revalida, prova que certifica estrangeiros que atuam no Brasil, para s\u00f3 ent\u00e3o conseguir o registro no Conselho Regional de Medicina. O colombiano teria, ainda, que fazer uma outra prova na Sociedade Brasileira de Anestesiologia. Em 2021, portanto, Andres s\u00f3 poderia observar o procedimento, sob supervis\u00e3o de uma anestesista.<\/p>\n<\/div>\n<\/div>\n<\/div>\n<\/article>\n<\/div>\n","protected":false},"excerpt":{"rendered":"<p>Conclus\u00e3o \u00e9 relativa ao estupro cometido em Saquarema, na Regi\u00e3o dos Lagos. Delegado representou por mais um pedido de pris\u00e3o preventiva contra o suspeito. Por Felipe Freire, TV Globo &nbsp; &nbsp; A pol\u00edcia indiciou o m\u00e9dico colombiano Andres Eduardo O\u00f1ate Carrillo por mais dois crimes: estupro de vulner\u00e1vel e exerc\u00edcio ilegal da profiss\u00e3o. Desta vez, [&hellip;]<\/p>\n","protected":false},"author":2,"featured_media":0,"comment_status":"open","ping_status":"open","sticky":false,"template":"","format":"standard","meta":{"_links_to":"","_links_to_target":""},"categories":[1],"tags":[],"_links":{"self":[{"href":"https:\/\/www.ilheusnoticias.net.br\/v1\/wp-json\/wp\/v2\/posts\/30765"}],"collection":[{"href":"https:\/\/www.ilheusnoticias.net.br\/v1\/wp-json\/wp\/v2\/posts"}],"about":[{"href":"https:\/\/www.ilheusnoticias.net.br\/v1\/wp-json\/wp\/v2\/types\/post"}],"author":[{"embeddable":true,"href":"https:\/\/www.ilheusnoticias.net.br\/v1\/wp-json\/wp\/v2\/users\/2"}],"replies":[{"embeddable":true,"href":"https:\/\/www.ilheusnoticias.net.br\/v1\/wp-json\/wp\/v2\/comments?post=30765"}],"version-history":[{"count":1,"href":"https:\/\/www.ilheusnoticias.net.br\/v1\/wp-json\/wp\/v2\/posts\/30765\/revisions"}],"predecessor-version":[{"id":30766,"href":"https:\/\/www.ilheusnoticias.net.br\/v1\/wp-json\/wp\/v2\/posts\/30765\/revisions\/30766"}],"wp:attachment":[{"href":"https:\/\/www.ilheusnoticias.net.br\/v1\/wp-json\/wp\/v2\/media?parent=30765"}],"wp:term":[{"taxonomy":"category","embeddable":true,"href":"https:\/\/www.ilheusnoticias.net.br\/v1\/wp-json\/wp\/v2\/categories?post=30765"},{"taxonomy":"post_tag","embeddable":true,"href":"https:\/\/www.ilheusnoticias.net.br\/v1\/wp-json\/wp\/v2\/tags?post=30765"}],"curies":[{"name":"wp","href":"https:\/\/api.w.org\/{rel}","templated":true}]}}