{"id":30763,"date":"2023-01-26T05:59:59","date_gmt":"2023-01-26T08:59:59","guid":{"rendered":"https:\/\/www.ilheusnoticias.net.br\/v1\/?p=30763"},"modified":"2023-01-26T05:59:59","modified_gmt":"2023-01-26T08:59:59","slug":"prefeito-mario-alexandre-entrega-ambulancia-para-renovacao-da-frota-do-samu-de-ilheus","status":"publish","type":"post","link":"https:\/\/www.ilheusnoticias.net.br\/v1\/2023\/01\/26\/prefeito-mario-alexandre-entrega-ambulancia-para-renovacao-da-frota-do-samu-de-ilheus\/","title":{"rendered":"Prefeito M\u00e1rio Alexandre entrega ambul\u00e2ncia para renova\u00e7\u00e3o da frota do SAMU de Ilh\u00e9us"},"content":{"rendered":"<p class=\"dt_materia\">\n<div class=\"imagem thumbnail col-xs-12 col-sm-8 col-md-6 col-lg-6 imagem-materia\"><a class=\"fresco\" title=\"\" href=\"https:\/\/portalfacilarquivos.blob.core.windows.net\/uploads\/ILHEUS\/imgOrig\/%7B8BCE60AB-8BEA-0CC7-5E1E-3BD600CECAE2%7D.jpeg\" data-fresco-caption=\"\"><img loading=\"lazy\" title=\"\" src=\"https:\/\/portalfacilarquivos.blob.core.windows.net\/uploads\/ILHEUS\/img\/%7B8BCE60AB-8BEA-0CC7-5E1E-3BD600CECAE2%7D\/%7B8BCE60AB-8BEA-0CC7-5E1E-3BD600CECAE2%7D_650X450.jpeg\" alt=\"samu\" width=\"650\" height=\"450\" \/><\/a><\/p>\n<p class=\"bg-primary\">O prefeito M\u00e1rio Alexandre entregou uma nova ambul\u00e2ncia para fortalecer o trabalho desenvolvido pelo Servi\u00e7o de Atendimento M\u00f3vel de Urg\u00eancia (SAMU) de Ilh\u00e9us. O ve\u00edculo foi doado pelo Minist\u00e9rio da Sa\u00fade e representa um grande ganho para o munic\u00edpio e regi\u00e3o. A entrega realizada na manh\u00e3 desta quarta-feira (25) no estacionamento do Centro Administrativo da Conquista contou com as presen\u00e7as do vice-prefeito Bebeto Galv\u00e3o e da equipe da unidade.<\/p>\n<\/div>\n<p>Para M\u00e1rio Alexandre, a nova aquisi\u00e7\u00e3o \u00e9 fundamental para dar uma resposta r\u00e1pida no atendimento e salvar mais vidas.<\/p>\n<p>&nbsp;<\/p>\n<div class=\"imagem thumbnail col-xs-12 col-sm-8 col-md-6 col-lg-6 imagem-materia\"><a class=\"fresco\" title=\"\" href=\"https:\/\/portalfacilarquivos.blob.core.windows.net\/uploads\/ILHEUS\/imgOrig\/%7BAD0D05B6-856E-ADB7-CE42-EDBA42A2A75C%7D.jpeg\" data-fresco-caption=\"\"><img loading=\"lazy\" title=\"\" src=\"https:\/\/portalfacilarquivos.blob.core.windows.net\/uploads\/ILHEUS\/img\/%7BAD0D05B6-856E-ADB7-CE42-EDBA42A2A75C%7D\/%7BAD0D05B6-856E-ADB7-CE42-EDBA42A2A75C%7D_650X450.jpeg\" alt=\"samu\" width=\"650\" height=\"450\" \/><\/a><\/p>\n<p class=\"bg-primary\">\u201cQuando n\u00f3s assumimos o governo municipal, a situa\u00e7\u00e3o do SAMU era not\u00edcia, porque s\u00f3 existia uma ambul\u00e2ncia, com maca solta e amarrada de corda. No primeiro mandato, renovamos a frota com a aquisi\u00e7\u00e3o de seis ambul\u00e2ncias e agora vamos renovar novamente. Essa \u00e9 a primeira e at\u00e9 o final do ano ser\u00e3o mais tr\u00eas ambul\u00e2ncias \u00e0 disposi\u00e7\u00e3o da nossa popula\u00e7\u00e3o. Agrade\u00e7o a Deus todos os dias, \u00e0 nossa equipe e \u00e0 C\u00e2mara que sempre apoia os projetos em prol da melhoria da qualidade de vida do nosso povo\u201d, afirmou M\u00e1rio Alexandre.<\/p>\n<\/div>\n<p>Al\u00e9m de fortalecer o atendimento pr\u00e9-hospitalar, os ve\u00edculos levam mais conforto e agilidade na assist\u00eancia prestada \u00e0 popula\u00e7\u00e3o de Ilh\u00e9us e outros sete munic\u00edpios baianos. \u201c\u00c9 um compromisso do prefeito tratar bem a popula\u00e7\u00e3o e a Sa\u00fade est\u00e1 no centro das a\u00e7\u00f5es desenvolvidas pela nossa gest\u00e3o\u201d, disse Bebeto Galv\u00e3o.<\/p>\n<p>&nbsp;<\/p>\n<div class=\"imagem thumbnail col-xs-12 col-sm-8 col-md-6 col-lg-6 imagem-materia\"><a class=\"fresco\" title=\"\" href=\"https:\/\/portalfacilarquivos.blob.core.windows.net\/uploads\/ILHEUS\/imgOrig\/%7BADDE646A-ACEA-B27A-8D6C-AD10D63C1BBA%7D.jpeg\" data-fresco-caption=\"\"><img loading=\"lazy\" title=\"\" src=\"https:\/\/portalfacilarquivos.blob.core.windows.net\/uploads\/ILHEUS\/img\/%7BADDE646A-ACEA-B27A-8D6C-AD10D63C1BBA%7D\/%7BADDE646A-ACEA-B27A-8D6C-AD10D63C1BBA%7D_650X450.jpeg\" alt=\"samu\" width=\"650\" height=\"450\" \/><\/a><\/p>\n<p class=\"bg-primary\">A ambul\u00e2ncia vai contribuir principalmente para os servi\u00e7os de m\u00e9dia e alta complexidade, agregando qualidade \u00e0s a\u00e7\u00f5es desenvolvidas pela Secretaria de Sa\u00fade. O SAMU de Ilh\u00e9us \u00e9 um servi\u00e7o regional, e atende oito cidades, sendo elas Ilh\u00e9us, Arataca, Itacar\u00e9, Una, Gandu, Teol\u00e2ndia, Uru\u00e7uca e Valen\u00e7a.<\/p>\n<\/div>\n","protected":false},"excerpt":{"rendered":"<p>O prefeito M\u00e1rio Alexandre entregou uma nova ambul\u00e2ncia para fortalecer o trabalho desenvolvido pelo Servi\u00e7o de Atendimento M\u00f3vel de Urg\u00eancia (SAMU) de Ilh\u00e9us. O ve\u00edculo foi doado pelo Minist\u00e9rio da Sa\u00fade e representa um grande ganho para o munic\u00edpio e regi\u00e3o. A entrega realizada na manh\u00e3 desta quarta-feira (25) no estacionamento do Centro Administrativo da [&hellip;]<\/p>\n","protected":false},"author":2,"featured_media":0,"comment_status":"open","ping_status":"open","sticky":false,"template":"","format":"standard","meta":{"_links_to":"","_links_to_target":""},"categories":[7,9,8,1],"tags":[],"_links":{"self":[{"href":"https:\/\/www.ilheusnoticias.net.br\/v1\/wp-json\/wp\/v2\/posts\/30763"}],"collection":[{"href":"https:\/\/www.ilheusnoticias.net.br\/v1\/wp-json\/wp\/v2\/posts"}],"about":[{"href":"https:\/\/www.ilheusnoticias.net.br\/v1\/wp-json\/wp\/v2\/types\/post"}],"author":[{"embeddable":true,"href":"https:\/\/www.ilheusnoticias.net.br\/v1\/wp-json\/wp\/v2\/users\/2"}],"replies":[{"embeddable":true,"href":"https:\/\/www.ilheusnoticias.net.br\/v1\/wp-json\/wp\/v2\/comments?post=30763"}],"version-history":[{"count":1,"href":"https:\/\/www.ilheusnoticias.net.br\/v1\/wp-json\/wp\/v2\/posts\/30763\/revisions"}],"predecessor-version":[{"id":30764,"href":"https:\/\/www.ilheusnoticias.net.br\/v1\/wp-json\/wp\/v2\/posts\/30763\/revisions\/30764"}],"wp:attachment":[{"href":"https:\/\/www.ilheusnoticias.net.br\/v1\/wp-json\/wp\/v2\/media?parent=30763"}],"wp:term":[{"taxonomy":"category","embeddable":true,"href":"https:\/\/www.ilheusnoticias.net.br\/v1\/wp-json\/wp\/v2\/categories?post=30763"},{"taxonomy":"post_tag","embeddable":true,"href":"https:\/\/www.ilheusnoticias.net.br\/v1\/wp-json\/wp\/v2\/tags?post=30763"}],"curies":[{"name":"wp","href":"https:\/\/api.w.org\/{rel}","templated":true}]}}