{"id":30760,"date":"2023-01-26T05:53:46","date_gmt":"2023-01-26T08:53:46","guid":{"rendered":"https:\/\/www.ilheusnoticias.net.br\/v1\/?p=30760"},"modified":"2023-01-26T05:58:10","modified_gmt":"2023-01-26T08:58:10","slug":"vem-viver-verao-edicao-interior-chega-a-comunidade-do-banco-do-pedro-neste-sabado-28","status":"publish","type":"post","link":"https:\/\/www.ilheusnoticias.net.br\/v1\/2023\/01\/26\/vem-viver-verao-edicao-interior-chega-a-comunidade-do-banco-do-pedro-neste-sabado-28\/","title":{"rendered":"Vem Viver Ver\u00e3o edi\u00e7\u00e3o Interior chega \u00e0 comunidade do Banco do Pedro neste s\u00e1bado (28)"},"content":{"rendered":"<div class=\"imagem thumbnail col-xs-12 col-sm-8 col-md-6 col-lg-6 imagem-materia\">\n<p><a class=\"fresco\" title=\"\" href=\"https:\/\/portalfacilarquivos.blob.core.windows.net\/uploads\/ILHEUS\/imgOrig\/%7BAB3BADAB-1162-BD18-DAED-520C0CCBDCC1%7D.jpg\" data-fresco-caption=\"\"><img loading=\"lazy\" src=\"https:\/\/portalfacilarquivos.blob.core.windows.net\/uploads\/ILHEUS\/img\/%7BAB3BADAB-1162-BD18-DAED-520C0CCBDCC1%7D\/%7BAB3BADAB-1162-BD18-DAED-520C0CCBDCC1%7D_450X650.jpg\" alt=\"vem viver ver\u00e3o\" width=\"450\" height=\"650\" \/><\/a>No pr\u00f3ximo s\u00e1bado (28), a Prefeitura de Ilh\u00e9us promove a edi\u00e7\u00e3o \u2018Vem Viver Ver\u00e3o no Interior\u2019, a partir das 15h. O projeto vai levar dan\u00e7a e divers\u00e3o \u00e0 comunidade do Banco do Pedro, integrando a programa\u00e7\u00e3o festiva em homenagem ao Senhor do Bonfim, padroeiro da localidade. Sob o comando do Grupo Thy Dance, as atividades gratuitas incluem dan\u00e7a, brincadeiras e m\u00fasica. A iniciativa conta com o apoio da Centel Brasil, Drogarias Velanes e Bahia FM Sul.<\/p>\n<\/div>\n<p>Conforme o Munic\u00edpio, o objetivo do projeto \u00e9 promover a\u00e7\u00f5es de entretenimento, proporcionando alternativas para que ilheenses e turistas possam participar de a\u00e7\u00f5es recreativas, esportivas, de lazer e de promo\u00e7\u00e3o \u00e0 sa\u00fade, direcionadas a todas as faixas et\u00e1rias.<\/p>\n<p>Por meio do projeto, a gest\u00e3o do prefeito M\u00e1rio Alexandre fomenta a atividade tur\u00edstica e sai na frente no quesito inova\u00e7\u00e3o, com foco no per\u00edodo de alta temporada. \u201cFico extremamente feliz em ver como o turismo da nossa cidade se desenvolveu. Queremos acolher a todos e proporcionar alegria e entretenimento para o turista e nosso povo que tanto merece\u201d, frisou o gestor.<\/p>\n<p>A programa\u00e7\u00e3o inclui cobertura e flashes ao vivo, brincadeiras, banho de espuma, bambol\u00ea e futebol, al\u00e9m da distribui\u00e7\u00e3o de picol\u00e9s e protetor solar. O projeto \u00e9 sucesso por onde passa e j\u00e1 desembarcou na Sapetinga e nas cabanas Guarany e Canggu Beach Club, litoral sul da cidade.<\/p>\n<p>A atividade \u00e9 coordenada pela Secretaria da Casa Civil, atrav\u00e9s da Superintend\u00eancia de Comunica\u00e7\u00e3o (Sucom), em parceria com as secretarias de Ordem P\u00fablica, Servi\u00e7os Urbanos, Sa\u00fade, Turismo, Cultura e Sutram.<\/p>\n<p><strong>Programa\u00e7\u00e3o<\/strong><\/p>\n<p><strong>O qu\u00ea?<\/strong>\u00a0Vem Viver Ver\u00e3o no Interior<\/p>\n<p><strong>Onde?<\/strong>\u00a0Banco do Pedro<\/p>\n<p><strong>Quando?<\/strong>\u00a0s\u00e1bado, 28 de janeiro de 2023, a partir das 15h<\/p>\n","protected":false},"excerpt":{"rendered":"<p>No pr\u00f3ximo s\u00e1bado (28), a Prefeitura de Ilh\u00e9us promove a edi\u00e7\u00e3o \u2018Vem Viver Ver\u00e3o no Interior\u2019, a partir das 15h. O projeto vai levar dan\u00e7a e divers\u00e3o \u00e0 comunidade do Banco do Pedro, integrando a programa\u00e7\u00e3o festiva em homenagem ao Senhor do Bonfim, padroeiro da localidade. Sob o comando do Grupo Thy Dance, as atividades [&hellip;]<\/p>\n","protected":false},"author":2,"featured_media":0,"comment_status":"open","ping_status":"open","sticky":false,"template":"","format":"standard","meta":{"_links_to":"","_links_to_target":""},"categories":[7,9,8,1],"tags":[],"_links":{"self":[{"href":"https:\/\/www.ilheusnoticias.net.br\/v1\/wp-json\/wp\/v2\/posts\/30760"}],"collection":[{"href":"https:\/\/www.ilheusnoticias.net.br\/v1\/wp-json\/wp\/v2\/posts"}],"about":[{"href":"https:\/\/www.ilheusnoticias.net.br\/v1\/wp-json\/wp\/v2\/types\/post"}],"author":[{"embeddable":true,"href":"https:\/\/www.ilheusnoticias.net.br\/v1\/wp-json\/wp\/v2\/users\/2"}],"replies":[{"embeddable":true,"href":"https:\/\/www.ilheusnoticias.net.br\/v1\/wp-json\/wp\/v2\/comments?post=30760"}],"version-history":[{"count":2,"href":"https:\/\/www.ilheusnoticias.net.br\/v1\/wp-json\/wp\/v2\/posts\/30760\/revisions"}],"predecessor-version":[{"id":30762,"href":"https:\/\/www.ilheusnoticias.net.br\/v1\/wp-json\/wp\/v2\/posts\/30760\/revisions\/30762"}],"wp:attachment":[{"href":"https:\/\/www.ilheusnoticias.net.br\/v1\/wp-json\/wp\/v2\/media?parent=30760"}],"wp:term":[{"taxonomy":"category","embeddable":true,"href":"https:\/\/www.ilheusnoticias.net.br\/v1\/wp-json\/wp\/v2\/categories?post=30760"},{"taxonomy":"post_tag","embeddable":true,"href":"https:\/\/www.ilheusnoticias.net.br\/v1\/wp-json\/wp\/v2\/tags?post=30760"}],"curies":[{"name":"wp","href":"https:\/\/api.w.org\/{rel}","templated":true}]}}