{"id":30756,"date":"2023-01-25T09:17:12","date_gmt":"2023-01-25T12:17:12","guid":{"rendered":"https:\/\/www.ilheusnoticias.net.br\/v1\/?p=30756"},"modified":"2023-01-25T09:17:12","modified_gmt":"2023-01-25T12:17:12","slug":"advogado-e-investigado-por-falsificar-documento-em-mais-de-200-processos-e-obter-ganhos-indevidos-de-r-304-mil","status":"publish","type":"post","link":"https:\/\/www.ilheusnoticias.net.br\/v1\/2023\/01\/25\/advogado-e-investigado-por-falsificar-documento-em-mais-de-200-processos-e-obter-ganhos-indevidos-de-r-304-mil\/","title":{"rendered":"Advogado \u00e9 investigado por falsificar documento em mais de 200 processos e obter ganhos indevidos de R$ 304 mil"},"content":{"rendered":"<div class=\"row content-head non-featured \">\n<div class=\"title\" data-block-type=\"title\" data-block-id=\"0\">\n<h1 class=\"content-head__title\"><span style=\"font-size: 16px;\">Minist\u00e9rio P\u00fablico da Bahia iniciou opera\u00e7\u00e3o para combater esquema criminoso em Salvador.<\/span><\/h1>\n<\/div>\n<\/div>\n<div class=\"content__signa-share\">\n<div class=\"content__signature\">\n<div class=\"content-publication-data\">\n<div class=\"content-publication-data__text\">\n<p class=\"content-publication-data__from\" title=\"g1 BA\">Por g1 BA<\/p>\n<p class=\"content-publication-data__updated\">\n<\/div>\n<\/div>\n<\/div>\n<div class=\"content__share-bar content__share-bar--cloned\" data-position=\"upper\"><\/div>\n<\/div>\n<div class=\"mc-article-body\">\n<article>\n<div id=\"chunk-640fs\">\n<div class=\"row medium-uncollapsed content-media content-photo\" data-block-type=\"backstage-photo\" data-block-id=\"1\">\n<div class=\"mc-column content-media__container\">\n<div class=\"content-media-container glb-skeleton-box\">\n<figure class=\"content-media-figure\"><img class=\"i-amphtml-fill-content i-amphtml-replaced-content\" src=\"https:\/\/s2.glbimg.com\/ViEdwfTbVEfaq2zB9-qF5x5QKvU=\/0x0:1599x1200\/984x0\/smart\/filters:strip_icc()\/i.s3.glbimg.com\/v1\/AUTH_59edd422c0c84a879bd37670ae4f538a\/internal_photos\/bs\/2019\/n\/Q\/h8ApvMTXuwznC85U2QDA\/whatsapp-image-2019-10-16-at-11.25.21.jpeg\" sizes=\"(max-width: 1707px) 648px, 100vw\" srcset=\"https:\/\/s2.glbimg.com\/R-vEtWhEBukH2tSaGACnmXYIu1g=\/0x0:1599x1200\/1000x0\/smart\/filters:strip_icc()\/i.s3.glbimg.com\/v1\/AUTH_59edd422c0c84a879bd37670ae4f538a\/internal_photos\/bs\/2019\/n\/Q\/h8ApvMTXuwznC85U2QDA\/whatsapp-image-2019-10-16-at-11.25.21.jpeg 1000w, https:\/\/s2.glbimg.com\/ViEdwfTbVEfaq2zB9-qF5x5QKvU=\/0x0:1599x1200\/984x0\/smart\/filters:strip_icc()\/i.s3.glbimg.com\/v1\/AUTH_59edd422c0c84a879bd37670ae4f538a\/internal_photos\/bs\/2019\/n\/Q\/h8ApvMTXuwznC85U2QDA\/whatsapp-image-2019-10-16-at-11.25.21.jpeg 984w, https:\/\/s2.glbimg.com\/CtpyO_zvbgF8nnBoGNZNE2egcXg=\/0x0:1599x1200\/640x0\/smart\/filters:strip_icc()\/i.s3.glbimg.com\/v1\/AUTH_59edd422c0c84a879bd37670ae4f538a\/internal_photos\/bs\/2019\/n\/Q\/h8ApvMTXuwznC85U2QDA\/whatsapp-image-2019-10-16-at-11.25.21.jpeg 640w, https:\/\/s2.glbimg.com\/az0lOwdJPdQMikmZDszgFLluX2c=\/0x0:1599x1200\/600x0\/smart\/filters:strip_icc()\/i.s3.glbimg.com\/v1\/AUTH_59edd422c0c84a879bd37670ae4f538a\/internal_photos\/bs\/2019\/n\/Q\/h8ApvMTXuwznC85U2QDA\/whatsapp-image-2019-10-16-at-11.25.21.jpeg 600w\" alt=\"Sede do Minist\u00e9rio P\u00fablico da Bahia (MP-BA), em Salvador  \u2014 Foto: Alan Oliveira\/G1\" \/><\/figure>\n<\/div>\n<p class=\"content-media__description \">Sede do Minist\u00e9rio P\u00fablico da Bahia (MP-BA), em Salvador \u2014 Foto: Alan Oliveira\/G1<\/p>\n<\/div>\n<\/div>\n<\/div>\n<div id=\"chunk-bdnij\">\n<div class=\"mc-column content-text active-extra-styles \" data-block-type=\"unstyled\" data-block-weight=\"33\" data-block-id=\"3\">\n<p class=\"content-text__container \" data-track-category=\"Link no Texto\" data-track-links=\"\">Um advogado \u00e9 alvo de uma opera\u00e7\u00e3o do Minist\u00e9rio P\u00fablico da Bahia (MP-BA), nesta quarta-feira (25), em\u00a0<a href=\"https:\/\/g1.globo.com\/ba\/bahia\/cidade\/salvador\/\">Salvador<\/a>. Segundo o \u00f3rg\u00e3o, ele falsificou e usou documento falso em pelo menos 217 processos judiciais.<\/p>\n<\/div>\n<\/div>\n<div class=\"wall protected-content\">\n<div id=\"chunk-56p6g\">\n<div class=\"mc-column content-text active-extra-styles \" data-block-type=\"unstyled\" data-block-weight=\"37\" data-block-id=\"4\">\n<p class=\"content-text__container \" data-track-category=\"Link no Texto\" data-track-links=\"\">As investiga\u00e7\u00f5es do MP-BA apontam que, desde 2018, ele falsificava a pr\u00f3pria fatura de consumo de servi\u00e7o de televis\u00e3o a cabo, para us\u00e1-la em processos judiciais. Dos 217 processos, 36 foram contra uma \u00fanica empresa de telefonia.<\/p>\n<\/div>\n<\/div>\n<div id=\"chunk-52tsv\">\n<div class=\"mc-column content-text active-extra-styles \" data-block-type=\"unstyled\" data-block-weight=\"33\" data-block-id=\"5\">\n<p class=\"content-text__container \" data-track-category=\"Link no Texto\" data-track-links=\"\">O advogado n\u00e3o teve nome divulgado pelo Minist\u00e9rio P\u00fablico, que detalhou que\u00a0<span class=\"highlight highlighted\">ele usava a pr\u00f3pria fatura para comprovar resid\u00eancia de clientes, e tamb\u00e9m usava o documento em processos contra diversas empresas.<\/span><\/p>\n<\/div>\n<\/div>\n<div id=\"chunk-c614v\">\n<div class=\"mc-column content-text active-extra-styles \" data-block-type=\"unstyled\" data-block-weight=\"39\" data-block-id=\"7\">\n<p class=\"content-text__container \" data-track-category=\"Link no Texto\" data-track-links=\"\">O MP-BA detalhou ainda que algumas das a\u00e7\u00f5es foram encaminhadas \u00e0 Justi\u00e7a sem o conhecimento dos supostos benefici\u00e1rios. Por causa disso, al\u00e9m do crime de uso e falsifica\u00e7\u00e3o de documento particular, o\u00a0<span class=\"highlight highlighted\">\u00f3rg\u00e3o tamb\u00e9m apura se houve apropria\u00e7\u00e3o ind\u00e9bita<\/span>.<\/p>\n<\/div>\n<\/div>\n<div id=\"chunk-8q5bu\">\n<div class=\"mc-column content-text active-extra-styles \" data-block-type=\"unstyled\" data-block-weight=\"45\" data-block-id=\"8\">\n<p class=\"content-text__container \" data-track-category=\"Link no Texto\" data-track-links=\"\">Com as falsifica\u00e7\u00f5es, o advogado ganhou R$ 304.846,96 em processos, sendo R$ 58.264,84 de uma a\u00e7\u00e3o envolvendo a mesma empresa. Por causa disso, a opera\u00e7\u00e3o foi batizada de &#8220;Fatura&#8221;. Mandados de busca e apreens\u00e3o s\u00e3o cumpridos na casa do advogado, nesta manh\u00e3, na capital baiana.<\/p>\n<\/div>\n<\/div>\n<div id=\"chunk-e3027\">\n<div class=\"mc-column content-text active-extra-styles \" data-block-type=\"unstyled\" data-block-weight=\"35\" data-block-id=\"9\">\n<p class=\"content-text__container \" data-track-category=\"Link no Texto\" data-track-links=\"\">A opera\u00e7\u00e3o envolve o Grupo de Atua\u00e7\u00e3o Especial de Combate \u00e0s Organiza\u00e7\u00f5es Criminosas (Gaeco) do MP-BA, a 19\u00aa Promotoria de Justi\u00e7a Criminal de Salvador e a Delegacia de Repress\u00e3o ao Estelionato e Outras Fraudes (Dreof).<\/p>\n<\/div>\n<\/div>\n<\/div>\n<\/article>\n<\/div>\n","protected":false},"excerpt":{"rendered":"<p>Minist\u00e9rio P\u00fablico da Bahia iniciou opera\u00e7\u00e3o para combater esquema criminoso em Salvador. Por g1 BA Sede do Minist\u00e9rio P\u00fablico da Bahia (MP-BA), em Salvador \u2014 Foto: Alan Oliveira\/G1 Um advogado \u00e9 alvo de uma opera\u00e7\u00e3o do Minist\u00e9rio P\u00fablico da Bahia (MP-BA), nesta quarta-feira (25), em\u00a0Salvador. Segundo o \u00f3rg\u00e3o, ele falsificou e usou documento falso em [&hellip;]<\/p>\n","protected":false},"author":2,"featured_media":0,"comment_status":"open","ping_status":"open","sticky":false,"template":"","format":"standard","meta":{"_links_to":"","_links_to_target":""},"categories":[7,9,8,1,5],"tags":[],"_links":{"self":[{"href":"https:\/\/www.ilheusnoticias.net.br\/v1\/wp-json\/wp\/v2\/posts\/30756"}],"collection":[{"href":"https:\/\/www.ilheusnoticias.net.br\/v1\/wp-json\/wp\/v2\/posts"}],"about":[{"href":"https:\/\/www.ilheusnoticias.net.br\/v1\/wp-json\/wp\/v2\/types\/post"}],"author":[{"embeddable":true,"href":"https:\/\/www.ilheusnoticias.net.br\/v1\/wp-json\/wp\/v2\/users\/2"}],"replies":[{"embeddable":true,"href":"https:\/\/www.ilheusnoticias.net.br\/v1\/wp-json\/wp\/v2\/comments?post=30756"}],"version-history":[{"count":1,"href":"https:\/\/www.ilheusnoticias.net.br\/v1\/wp-json\/wp\/v2\/posts\/30756\/revisions"}],"predecessor-version":[{"id":30757,"href":"https:\/\/www.ilheusnoticias.net.br\/v1\/wp-json\/wp\/v2\/posts\/30756\/revisions\/30757"}],"wp:attachment":[{"href":"https:\/\/www.ilheusnoticias.net.br\/v1\/wp-json\/wp\/v2\/media?parent=30756"}],"wp:term":[{"taxonomy":"category","embeddable":true,"href":"https:\/\/www.ilheusnoticias.net.br\/v1\/wp-json\/wp\/v2\/categories?post=30756"},{"taxonomy":"post_tag","embeddable":true,"href":"https:\/\/www.ilheusnoticias.net.br\/v1\/wp-json\/wp\/v2\/tags?post=30756"}],"curies":[{"name":"wp","href":"https:\/\/api.w.org\/{rel}","templated":true}]}}