{"id":30754,"date":"2023-01-25T09:15:00","date_gmt":"2023-01-25T12:15:00","guid":{"rendered":"https:\/\/www.ilheusnoticias.net.br\/v1\/?p=30754"},"modified":"2023-01-25T09:15:00","modified_gmt":"2023-01-25T12:15:00","slug":"bahia-tem-maior-numero-de-internacoes-de-bebes-por-desnutricao-no-brasil","status":"publish","type":"post","link":"https:\/\/www.ilheusnoticias.net.br\/v1\/2023\/01\/25\/bahia-tem-maior-numero-de-internacoes-de-bebes-por-desnutricao-no-brasil\/","title":{"rendered":"Bahia tem maior n\u00famero de interna\u00e7\u00f5es de beb\u00eas por desnutri\u00e7\u00e3o no Brasil"},"content":{"rendered":"<div class=\"row content-head non-featured \">\n<div class=\"title\" data-block-type=\"title\" data-block-id=\"0\">\n<h1 class=\"content-head__title\"><span style=\"font-size: 16px;\">Dados foram registrados pelo SUS e estudados pelo Observat\u00f3rio de Sa\u00fade na Inf\u00e2ncia.<\/span><\/h1>\n<\/div>\n<\/div>\n<div class=\"content__signa-share\">\n<div class=\"content__signature\">\n<div class=\"content-publication-data\">\n<div class=\"content-publication-data__text\">\n<p class=\"content-publication-data__from\" title=\"g1 BA\">Por g1 BA<\/p>\n<p class=\"content-publication-data__updated\">\n<\/div>\n<\/div>\n<\/div>\n<div class=\"content__share-bar content__share-bar--cloned\" data-position=\"upper\"><\/div>\n<\/div>\n<div class=\"mc-article-body\">\n<article>\n<div id=\"chunk-d0929\">\n<div class=\"row medium-uncollapsed content-media content-photo\" data-block-type=\"backstage-photo\" data-block-id=\"1\">\n<div class=\"mc-column content-media__container\">\n<div class=\"content-media-container glb-skeleton-box\">\n<figure class=\"content-media-figure\"><img class=\"i-amphtml-fill-content i-amphtml-replaced-content\" src=\"https:\/\/s2.glbimg.com\/Rdap7hhtbf9gGaKw6M9aDArmJFE=\/0x0:1280x720\/984x0\/smart\/filters:strip_icc()\/i.s3.glbimg.com\/v1\/AUTH_59edd422c0c84a879bd37670ae4f538a\/internal_photos\/bs\/2022\/B\/y\/NOA2cqTUutBN9Ez2EBDw\/whatsapp-image-2022-07-14-at-13.35.44.jpeg\" sizes=\"(max-width: 1707px) 648px, 100vw\" srcset=\"https:\/\/s2.glbimg.com\/y1mfwKME-7uRNa12zoJDXOy37uk=\/0x0:1280x720\/1000x0\/smart\/filters:strip_icc()\/i.s3.glbimg.com\/v1\/AUTH_59edd422c0c84a879bd37670ae4f538a\/internal_photos\/bs\/2022\/B\/y\/NOA2cqTUutBN9Ez2EBDw\/whatsapp-image-2022-07-14-at-13.35.44.jpeg 1000w, https:\/\/s2.glbimg.com\/Rdap7hhtbf9gGaKw6M9aDArmJFE=\/0x0:1280x720\/984x0\/smart\/filters:strip_icc()\/i.s3.glbimg.com\/v1\/AUTH_59edd422c0c84a879bd37670ae4f538a\/internal_photos\/bs\/2022\/B\/y\/NOA2cqTUutBN9Ez2EBDw\/whatsapp-image-2022-07-14-at-13.35.44.jpeg 984w, https:\/\/s2.glbimg.com\/-qsOZWeOmSRAwy6HAuZf01w3h80=\/0x0:1280x720\/640x0\/smart\/filters:strip_icc()\/i.s3.glbimg.com\/v1\/AUTH_59edd422c0c84a879bd37670ae4f538a\/internal_photos\/bs\/2022\/B\/y\/NOA2cqTUutBN9Ez2EBDw\/whatsapp-image-2022-07-14-at-13.35.44.jpeg 640w, https:\/\/s2.glbimg.com\/7p5aUHoqknVYltcDTSx_Clfyxco=\/0x0:1280x720\/600x0\/smart\/filters:strip_icc()\/i.s3.glbimg.com\/v1\/AUTH_59edd422c0c84a879bd37670ae4f538a\/internal_photos\/bs\/2022\/B\/y\/NOA2cqTUutBN9Ez2EBDw\/whatsapp-image-2022-07-14-at-13.35.44.jpeg 600w\" alt=\"Bahia tem maior n\u00ba de interna\u00e7\u00f5es de beb\u00eas por desnutri\u00e7\u00e3o no Brasil \u2014 Foto: Reprodu\u00e7\u00e3o\/RBS TV\" \/><\/figure>\n<\/div>\n<p class=\"content-media__description \">Bahia tem maior n\u00ba de interna\u00e7\u00f5es de beb\u00eas por desnutri\u00e7\u00e3o no Brasil \u2014 Foto: Reprodu\u00e7\u00e3o\/RBS TV<span style=\"font-family: inherit; font-size: inherit; font-style: inherit; font-variant-ligatures: inherit; font-variant-caps: inherit; font-weight: inherit; text-align: center;\">A Bahia tem o maior n\u00famero de interna\u00e7\u00f5es de beb\u00eas por desnutri\u00e7\u00e3o no Brasil. Os dados foram registrados pelo <\/span><a style=\"font-family: inherit; font-size: inherit; font-style: inherit; font-variant-ligatures: inherit; font-variant-caps: inherit; font-weight: inherit; text-align: center;\" href=\"https:\/\/g1.globo.com\/tudo-sobre\/sus\/\">Sistema \u00danico de Sa\u00fade<\/a><span style=\"font-family: inherit; font-size: inherit; font-style: inherit; font-variant-ligatures: inherit; font-variant-caps: inherit; font-weight: inherit; text-align: center;\">\u00a0(SUS), at\u00e9 dezembro de 2022, e \u00e9 relativo a crian\u00e7as menores de 1 ano. Entre as capitais,\u00a0<\/span><a style=\"font-family: inherit; font-size: inherit; font-style: inherit; font-variant-ligatures: inherit; font-variant-caps: inherit; font-weight: inherit; text-align: center;\" href=\"https:\/\/g1.globo.com\/ba\/bahia\/cidade\/salvador\/\">Salvador<\/a><span style=\"font-family: inherit; font-size: inherit; font-style: inherit; font-variant-ligatures: inherit; font-variant-caps: inherit; font-weight: inherit; text-align: center;\">\u00a0tamb\u00e9m lidera o ranking.<\/span><\/p>\n<\/div>\n<\/div>\n<\/div>\n<div class=\"wall protected-content\">\n<div id=\"chunk-bs315\">\n<div class=\"mc-column content-text active-extra-styles \" data-block-type=\"unstyled\" data-block-weight=\"45\" data-block-id=\"4\">\n<p class=\"content-text__container \" data-track-category=\"Link no Texto\" data-track-links=\"\">O estado baiano registrou 480 interna\u00e7\u00f5es de beb\u00eas \u2013 200 a mais que o Maranh\u00e3o, que teve o segundo maior n\u00famero de casos. A diferen\u00e7a \u00e9 ainda mais acentuada quando \u00e9 feita a compara\u00e7\u00e3o com o Amap\u00e1, que teve a menor quantidade: nove beb\u00eas internados.<\/p>\n<\/div>\n<\/div>\n<div id=\"chunk-c2ag6\">\n<div class=\"mc-column content-text active-extra-styles \" data-block-type=\"unstyled\" data-block-weight=\"32\" data-block-id=\"5\">\n<p class=\"content-text__container \" data-track-category=\"Link no Texto\" data-track-links=\"\">Dos 480 casos na Bahia, 33,12% s\u00e3o em Salvador \u2013 em n\u00fameros absolutos, 159 beb\u00eas desnutridos foram internados. A discrep\u00e2ncia fica ainda mais evidente quando comparado com as outras capitais brasileiras.<\/p>\n<\/div>\n<\/div>\n<div id=\"chunk-al6n5\">\n<div class=\"content-ads content-ads--reveal\" data-block-type=\"ads\" data-block-id=\"6\">\n<div id=\"banner_materia2\" class=\"tag-manager-publicidade-container mc-has-reveal mc-has-ad-lazyload tag-manager-publicidade-banner_materia2 tag-manager-publicidade-container--carregado tag-manager-publicidade-container--visivel\" data-id=\"banner_materia2\" data-google-query-id=\"CMbt1ofZ4vwCFYeMlQId9iQOtw\">\n<div id=\"google_ads_iframe_\/95377733\/tvg_G1\/Sua_Regiao&gt;Nordeste&gt;Bahia_3__container__\" style=\"box-sizing: inherit; margin: auto; padding: 0px; border: 0pt none; font: inherit; vertical-align: initial; max-width: 100%; text-align: center; width: 970px; height: 250px;\"><iframe loading=\"lazy\" id=\"google_ads_iframe_\/95377733\/tvg_G1\/Sua_Regiao&gt;Nordeste&gt;Bahia_3\" style=\"box-sizing: inherit; margin: 0px; padding: 0px; border: 0px; font: inherit; vertical-align: bottom; width: 970px; height: 250px;\" tabindex=\"0\" title=\"3rd party ad content\" role=\"region\" src=\"https:\/\/8fe68deff87112b816d8b29db2c9210a.safeframe.googlesyndication.com\/safeframe\/1-0-40\/html\/container.html\" name=\"\" width=\"1\" height=\"1\" frameborder=\"0\" marginwidth=\"0\" marginheight=\"0\" scrolling=\"no\" sandbox=\"allow-forms allow-popups allow-popups-to-escape-sandbox allow-same-origin allow-scripts allow-top-navigation-by-user-activation\" data-is-safeframe=\"true\" aria-label=\"Advertisement\" data-google-container-id=\"5\" data-load-complete=\"true\" data-mce-fragment=\"1\"><\/iframe><\/div>\n<\/div>\n<\/div>\n<\/div>\n<div id=\"chunk-bi5vs\">\n<div class=\"mc-column content-text active-extra-styles \" data-block-type=\"unstyled\" data-block-weight=\"38\" data-block-id=\"7\">\n<p class=\"content-text__container \" data-track-category=\"Link no Texto\" data-track-links=\"\">Apenas Salvador,\u00a0<a href=\"https:\/\/g1.globo.com\/df\/distrito-federal\/cidade\/brasilia\/\">Bras\u00edlia<\/a>,\u00a0<a href=\"https:\/\/g1.globo.com\/sp\/sao-paulo\/cidade\/sao-paulo\/\">S\u00e3o Paulo<\/a>\u00a0e\u00a0<a href=\"https:\/\/g1.globo.com\/go\/goias\/cidade\/goiania\/\">Goi\u00e2nia<\/a>\u00a0tiveram mais de 30 beb\u00eas internados por desnutri\u00e7\u00e3o. A capital baiana foi a \u00fanica com mais de 100. Com um caso, Cuiab\u00e1 foi a cidade com menos registros.\u00a0<strong>Veja quadro abaixo:<\/strong><\/p>\n<\/div>\n<\/div>\n<div id=\"chunk-73k0c\">\n<div class=\"row medium-uncollapsed content-media content-photo\" data-block-type=\"backstage-photo\" data-block-id=\"8\">\n<div class=\"mc-column content-media__container\">\n<div class=\"content-media-container glb-skeleton-box\">\n<figure class=\"content-media-figure\"><img class=\"i-amphtml-fill-content i-amphtml-replaced-content\" src=\"https:\/\/s2.glbimg.com\/nV1Z9ZJaq2-K_4yINdGqaE_Nu-c=\/0x0:1600x800\/984x0\/smart\/filters:strip_icc()\/i.s3.glbimg.com\/v1\/AUTH_59edd422c0c84a879bd37670ae4f538a\/internal_photos\/bs\/2023\/Z\/W\/4qDxBQR9OdTRMfYzWhkQ\/g1-dados-desnutricao.jpeg\" sizes=\"(max-width: 1707px) 648px, 100vw\" srcset=\"https:\/\/s2.glbimg.com\/EPRntxxu006MQcF-Pnev1rYDZeg=\/0x0:1600x800\/1000x0\/smart\/filters:strip_icc()\/i.s3.glbimg.com\/v1\/AUTH_59edd422c0c84a879bd37670ae4f538a\/internal_photos\/bs\/2023\/Z\/W\/4qDxBQR9OdTRMfYzWhkQ\/g1-dados-desnutricao.jpeg 1000w, https:\/\/s2.glbimg.com\/nV1Z9ZJaq2-K_4yINdGqaE_Nu-c=\/0x0:1600x800\/984x0\/smart\/filters:strip_icc()\/i.s3.glbimg.com\/v1\/AUTH_59edd422c0c84a879bd37670ae4f538a\/internal_photos\/bs\/2023\/Z\/W\/4qDxBQR9OdTRMfYzWhkQ\/g1-dados-desnutricao.jpeg 984w, https:\/\/s2.glbimg.com\/OmcLnBi_a33Rb84ffncOaDdxC6w=\/0x0:1600x800\/640x0\/smart\/filters:strip_icc()\/i.s3.glbimg.com\/v1\/AUTH_59edd422c0c84a879bd37670ae4f538a\/internal_photos\/bs\/2023\/Z\/W\/4qDxBQR9OdTRMfYzWhkQ\/g1-dados-desnutricao.jpeg 640w, https:\/\/s2.glbimg.com\/9KEkkOXBphBMS6DnYmcllOeE9ew=\/0x0:1600x800\/600x0\/smart\/filters:strip_icc()\/i.s3.glbimg.com\/v1\/AUTH_59edd422c0c84a879bd37670ae4f538a\/internal_photos\/bs\/2023\/Z\/W\/4qDxBQR9OdTRMfYzWhkQ\/g1-dados-desnutricao.jpeg 600w\" alt=\"Bahia tem maior n\u00ba de interna\u00e7\u00f5es de beb\u00eas por desnutri\u00e7\u00e3o no Brasil \u2014 Foto: Divulga\u00e7\u00e3o\/Fiocruz\" \/><\/figure>\n<\/div>\n<p class=\"content-media__description \">Bahia tem maior n\u00ba de interna\u00e7\u00f5es de beb\u00eas por desnutri\u00e7\u00e3o no Brasil \u2014 Foto: Divulga\u00e7\u00e3o\/Fiocruz<\/p>\n<\/div>\n<\/div>\n<\/div>\n<div id=\"chunk-1oq48\">\n<div class=\"mc-column content-text active-extra-styles \" data-block-type=\"unstyled\" data-block-weight=\"54\" data-block-id=\"9\">\n<p class=\"content-text__container \" data-track-category=\"Link no Texto\" data-track-links=\"\">Todos os dados foram estudados pelo Observat\u00f3rio de Sa\u00fade na Inf\u00e2ncia (Observa Inf\u00e2ncia), que investiga, monitora e divulga dados e informa\u00e7\u00f5es sobre a sa\u00fade de crian\u00e7as de at\u00e9 5 anos no pa\u00eds. O levantamento foi feito em parceria com a Funda\u00e7\u00e3o Oswaldo Cruz (Fiocruz) e o Centro Arthur de S\u00e1 Earp Neto (Unifase).<\/p>\n<\/div>\n<\/div>\n<\/div>\n<\/article>\n<\/div>\n","protected":false},"excerpt":{"rendered":"<p>Dados foram registrados pelo SUS e estudados pelo Observat\u00f3rio de Sa\u00fade na Inf\u00e2ncia. Por g1 BA Bahia tem maior n\u00ba de interna\u00e7\u00f5es de beb\u00eas por desnutri\u00e7\u00e3o no Brasil \u2014 Foto: Reprodu\u00e7\u00e3o\/RBS TVA Bahia tem o maior n\u00famero de interna\u00e7\u00f5es de beb\u00eas por desnutri\u00e7\u00e3o no Brasil. Os dados foram registrados pelo Sistema \u00danico de Sa\u00fade\u00a0(SUS), at\u00e9 [&hellip;]<\/p>\n","protected":false},"author":2,"featured_media":0,"comment_status":"open","ping_status":"open","sticky":false,"template":"","format":"standard","meta":{"_links_to":"","_links_to_target":""},"categories":[7,9,8,1],"tags":[],"_links":{"self":[{"href":"https:\/\/www.ilheusnoticias.net.br\/v1\/wp-json\/wp\/v2\/posts\/30754"}],"collection":[{"href":"https:\/\/www.ilheusnoticias.net.br\/v1\/wp-json\/wp\/v2\/posts"}],"about":[{"href":"https:\/\/www.ilheusnoticias.net.br\/v1\/wp-json\/wp\/v2\/types\/post"}],"author":[{"embeddable":true,"href":"https:\/\/www.ilheusnoticias.net.br\/v1\/wp-json\/wp\/v2\/users\/2"}],"replies":[{"embeddable":true,"href":"https:\/\/www.ilheusnoticias.net.br\/v1\/wp-json\/wp\/v2\/comments?post=30754"}],"version-history":[{"count":1,"href":"https:\/\/www.ilheusnoticias.net.br\/v1\/wp-json\/wp\/v2\/posts\/30754\/revisions"}],"predecessor-version":[{"id":30755,"href":"https:\/\/www.ilheusnoticias.net.br\/v1\/wp-json\/wp\/v2\/posts\/30754\/revisions\/30755"}],"wp:attachment":[{"href":"https:\/\/www.ilheusnoticias.net.br\/v1\/wp-json\/wp\/v2\/media?parent=30754"}],"wp:term":[{"taxonomy":"category","embeddable":true,"href":"https:\/\/www.ilheusnoticias.net.br\/v1\/wp-json\/wp\/v2\/categories?post=30754"},{"taxonomy":"post_tag","embeddable":true,"href":"https:\/\/www.ilheusnoticias.net.br\/v1\/wp-json\/wp\/v2\/tags?post=30754"}],"curies":[{"name":"wp","href":"https:\/\/api.w.org\/{rel}","templated":true}]}}