{"id":30752,"date":"2023-01-25T09:11:54","date_gmt":"2023-01-25T12:11:54","guid":{"rendered":"https:\/\/www.ilheusnoticias.net.br\/v1\/?p=30752"},"modified":"2023-01-25T09:11:54","modified_gmt":"2023-01-25T12:11:54","slug":"sudesb-apoiara-surfistas-do-sul-da-bahia-para-participacao-em-torneio-em-praia-do-forte","status":"publish","type":"post","link":"https:\/\/www.ilheusnoticias.net.br\/v1\/2023\/01\/25\/sudesb-apoiara-surfistas-do-sul-da-bahia-para-participacao-em-torneio-em-praia-do-forte\/","title":{"rendered":"Sudesb apoiar\u00e1 surfistas do Sul da Bahia para participa\u00e7\u00e3o em torneio em Praia do Forte"},"content":{"rendered":"<div class=\"Post\">\n<div class=\"Post-body\">\n<div class=\"Post-inner article\">\n<div class=\"PostFooterIcons metadata-icons\"><img src=\"http:\/\/www.blogdothame.blog.br\/v1\/wp-content\/uploads\/2023\/01\/surf-2.jpg\" \/><\/div>\n<\/div>\n<\/div>\n<\/div>\n<div class=\"Post\">\n<div class=\"Post-body\">\n<div class=\"Post-inner article\">\n<div class=\"PostContent\">\n<p>&nbsp;<\/p>\n<p>&nbsp;<\/p>\n<p>A Praia do Forte ser\u00e1 sede do Tivoli Triple Crown, entre os dias 26 a 28 de janeiro de 2023. A Superintend\u00eancia de Desporto do Estado da Bahia (Sudesb), autarquia da Secretaria do Trabalho, Emprego Renda e Esportes (Setre), ir\u00e1 garantir um \u00f4nibus para transportar os atletas de Ilh\u00e9us, Itacar\u00e9, Valen\u00e7a, Lauro de Freitas e Salvador at\u00e9 a Praia do Forte, atendendo ao pedido da Federa\u00e7\u00e3o Baiana de Surf (FBSurf).<\/p>\n<p>\u201cComemoro esta conquista, pois a ajuda \u00e9 muito importante para que todos os atletas da Bahia tenham o mesmo direito de participar das competi\u00e7\u00f5es realizadas pela entidade\u201d, afirma o presidente da FBSurf, Marcelo Barros.<\/p>\n<p>Estar\u00e3o presentes, em Praia do Forte, atletas vindos das cidades de Belmonte, Santa Cruz de Cabr\u00e1lia, Canavieiras, Ilh\u00e9us, Itacar\u00e9, Morro de S\u00e3o Paulo, Valen\u00e7a, Salvador, Lauro de Freitas e Cama\u00e7ari. Todos eles integram categorias sub 12 a sub 18. Ano passado, alguns deles participaram de competi\u00e7\u00f5es regionais, nacionais e at\u00e9 internacionais, tendo o apoio da Sudesb com libera\u00e7\u00e3o de passagens \u00e1reas.<\/p>\n<p>\u201cIsso foi extremamente importante para a carreira destes jovens, pois eles continuaram acreditando nos seus sonhos e praticando o esporte que tanto amam\u201d, comenta o presidente da FBSurf.<\/p>\n<\/div>\n<\/div>\n<\/div>\n<\/div>\n","protected":false},"excerpt":{"rendered":"<p>&nbsp; &nbsp; A Praia do Forte ser\u00e1 sede do Tivoli Triple Crown, entre os dias 26 a 28 de janeiro de 2023. A Superintend\u00eancia de Desporto do Estado da Bahia (Sudesb), autarquia da Secretaria do Trabalho, Emprego Renda e Esportes (Setre), ir\u00e1 garantir um \u00f4nibus para transportar os atletas de Ilh\u00e9us, Itacar\u00e9, Valen\u00e7a, Lauro de [&hellip;]<\/p>\n","protected":false},"author":2,"featured_media":0,"comment_status":"open","ping_status":"open","sticky":false,"template":"","format":"standard","meta":{"_links_to":"","_links_to_target":""},"categories":[7,6,9,8,1],"tags":[],"_links":{"self":[{"href":"https:\/\/www.ilheusnoticias.net.br\/v1\/wp-json\/wp\/v2\/posts\/30752"}],"collection":[{"href":"https:\/\/www.ilheusnoticias.net.br\/v1\/wp-json\/wp\/v2\/posts"}],"about":[{"href":"https:\/\/www.ilheusnoticias.net.br\/v1\/wp-json\/wp\/v2\/types\/post"}],"author":[{"embeddable":true,"href":"https:\/\/www.ilheusnoticias.net.br\/v1\/wp-json\/wp\/v2\/users\/2"}],"replies":[{"embeddable":true,"href":"https:\/\/www.ilheusnoticias.net.br\/v1\/wp-json\/wp\/v2\/comments?post=30752"}],"version-history":[{"count":1,"href":"https:\/\/www.ilheusnoticias.net.br\/v1\/wp-json\/wp\/v2\/posts\/30752\/revisions"}],"predecessor-version":[{"id":30753,"href":"https:\/\/www.ilheusnoticias.net.br\/v1\/wp-json\/wp\/v2\/posts\/30752\/revisions\/30753"}],"wp:attachment":[{"href":"https:\/\/www.ilheusnoticias.net.br\/v1\/wp-json\/wp\/v2\/media?parent=30752"}],"wp:term":[{"taxonomy":"category","embeddable":true,"href":"https:\/\/www.ilheusnoticias.net.br\/v1\/wp-json\/wp\/v2\/categories?post=30752"},{"taxonomy":"post_tag","embeddable":true,"href":"https:\/\/www.ilheusnoticias.net.br\/v1\/wp-json\/wp\/v2\/tags?post=30752"}],"curies":[{"name":"wp","href":"https:\/\/api.w.org\/{rel}","templated":true}]}}