{"id":30748,"date":"2023-01-25T09:08:40","date_gmt":"2023-01-25T12:08:40","guid":{"rendered":"https:\/\/www.ilheusnoticias.net.br\/v1\/?p=30748"},"modified":"2023-01-25T09:08:40","modified_gmt":"2023-01-25T12:08:40","slug":"pequenos-empresarios-terao-ate-o-dia-31-de-janeiro-para-solicitar-parcelamento-de-dividas","status":"publish","type":"post","link":"https:\/\/www.ilheusnoticias.net.br\/v1\/2023\/01\/25\/pequenos-empresarios-terao-ate-o-dia-31-de-janeiro-para-solicitar-parcelamento-de-dividas\/","title":{"rendered":"Pequenos empres\u00e1rios ter\u00e3o at\u00e9 o dia 31 de janeiro para solicitar parcelamento de d\u00edvidas"},"content":{"rendered":"<div class=\"PostHeaderIcons metadata-icons\">As micro e pequenas empresas, al\u00e9m dos microempreendedores individuais, t\u00eam at\u00e9 o pr\u00f3ximo dia 31 de janeiro para renegociar os d\u00e9bitos na d\u00edvida ativa da Uni\u00e3o. Os empreendedores podem procurar o Sebrae ou as Salas do Empreendedor para solicitar o parcelamento ou se preferirem podem regularizar a situa\u00e7\u00e3o por meio do portal Regularize (https:\/\/www.regularize.pgfn.gov.br\/).<\/div>\n<div class=\"PostContent\">\n<p>De acordo com o gerente adjunto do Sebrae em Ilh\u00e9us, Michel Lima, na regi\u00e3o s\u00e3o quase 44 mil MEI e cerca de 50% est\u00e3o inadimplentes. \u201cNossa \u00e1rea de abrang\u00eancia envolve 26 munic\u00edpios e chega a um total de 43.284 cadastros e, metade desses, precisam regularizar a situa\u00e7\u00e3o financeira de suas empresas dentro do prazo para conseguir parcelamento e condi\u00e7\u00f5es especiais\u201d, alerta o gerente.<\/p>\n<\/div>\n","protected":false},"excerpt":{"rendered":"<p>As micro e pequenas empresas, al\u00e9m dos microempreendedores individuais, t\u00eam at\u00e9 o pr\u00f3ximo dia 31 de janeiro para renegociar os d\u00e9bitos na d\u00edvida ativa da Uni\u00e3o. Os empreendedores podem procurar o Sebrae ou as Salas do Empreendedor para solicitar o parcelamento ou se preferirem podem regularizar a situa\u00e7\u00e3o por meio do portal Regularize (https:\/\/www.regularize.pgfn.gov.br\/). De [&hellip;]<\/p>\n","protected":false},"author":2,"featured_media":0,"comment_status":"open","ping_status":"open","sticky":false,"template":"","format":"standard","meta":{"_links_to":"","_links_to_target":""},"categories":[7,9,8,1],"tags":[],"_links":{"self":[{"href":"https:\/\/www.ilheusnoticias.net.br\/v1\/wp-json\/wp\/v2\/posts\/30748"}],"collection":[{"href":"https:\/\/www.ilheusnoticias.net.br\/v1\/wp-json\/wp\/v2\/posts"}],"about":[{"href":"https:\/\/www.ilheusnoticias.net.br\/v1\/wp-json\/wp\/v2\/types\/post"}],"author":[{"embeddable":true,"href":"https:\/\/www.ilheusnoticias.net.br\/v1\/wp-json\/wp\/v2\/users\/2"}],"replies":[{"embeddable":true,"href":"https:\/\/www.ilheusnoticias.net.br\/v1\/wp-json\/wp\/v2\/comments?post=30748"}],"version-history":[{"count":1,"href":"https:\/\/www.ilheusnoticias.net.br\/v1\/wp-json\/wp\/v2\/posts\/30748\/revisions"}],"predecessor-version":[{"id":30749,"href":"https:\/\/www.ilheusnoticias.net.br\/v1\/wp-json\/wp\/v2\/posts\/30748\/revisions\/30749"}],"wp:attachment":[{"href":"https:\/\/www.ilheusnoticias.net.br\/v1\/wp-json\/wp\/v2\/media?parent=30748"}],"wp:term":[{"taxonomy":"category","embeddable":true,"href":"https:\/\/www.ilheusnoticias.net.br\/v1\/wp-json\/wp\/v2\/categories?post=30748"},{"taxonomy":"post_tag","embeddable":true,"href":"https:\/\/www.ilheusnoticias.net.br\/v1\/wp-json\/wp\/v2\/tags?post=30748"}],"curies":[{"name":"wp","href":"https:\/\/api.w.org\/{rel}","templated":true}]}}