{"id":30746,"date":"2023-01-25T09:07:26","date_gmt":"2023-01-25T12:07:26","guid":{"rendered":"https:\/\/www.ilheusnoticias.net.br\/v1\/?p=30746"},"modified":"2023-01-25T09:07:26","modified_gmt":"2023-01-25T12:07:26","slug":"prefeitura-de-ilheus-investe-r-4-milhoes-para-modernizar-sinalizacao-semaforica-no-municipio","status":"publish","type":"post","link":"https:\/\/www.ilheusnoticias.net.br\/v1\/2023\/01\/25\/prefeitura-de-ilheus-investe-r-4-milhoes-para-modernizar-sinalizacao-semaforica-no-municipio\/","title":{"rendered":"Prefeitura de Ilh\u00e9us investe R$ 4 milh\u00f5es para modernizar sinaliza\u00e7\u00e3o semaf\u00f3rica no munic\u00edpio"},"content":{"rendered":"<p class=\"dt_materia\">\n<div class=\"imagem thumbnail col-xs-12 col-sm-8 col-md-6 col-lg-6 imagem-materia\"><a class=\"fresco\" title=\"\" href=\"https:\/\/portalfacilarquivos.blob.core.windows.net\/uploads\/ILHEUS\/imgOrig\/%7BD8D7E4B7-72CC-5B2B-4D67-EDE8CCB6BEC8%7D.jpeg\" data-fresco-caption=\"\"><img loading=\"lazy\" title=\"\" src=\"https:\/\/portalfacilarquivos.blob.core.windows.net\/uploads\/ILHEUS\/img\/%7BD8D7E4B7-72CC-5B2B-4D67-EDE8CCB6BEC8%7D\/%7BD8D7E4B7-72CC-5B2B-4D67-EDE8CCB6BEC8%7D_650X450.jpeg\" alt=\"semaforo\" width=\"650\" height=\"450\" \/><\/a><\/p>\n<p class=\"bg-primary\">Visando tornar o tr\u00e2nsito ainda mais seguro para motoristas e pedestres, a Prefeitura de Ilh\u00e9us iniciou a moderniza\u00e7\u00e3o da sinaliza\u00e7\u00e3o semaf\u00f3rica na cidade. De acordo com a Autarquia de Transporte e Tr\u00e2nsito (Sutram), as melhorias devem ocorrer de forma gradativa, a fim de evitar poss\u00edveis transtornos nas vias com maior fluxo de ve\u00edculos. O investimento soma recursos na ordem de R$ 4,2 milh\u00f5es, direcionados \u00e0 instala\u00e7\u00e3o e manuten\u00e7\u00e3o dos equipamentos.<\/p>\n<\/div>\n<p>O prefeito M\u00e1rio Alexandre destaca que a a\u00e7\u00e3o \u00e9 fundamental para recuperar e manter o bom funcionamento do parque semaf\u00f3rico do munic\u00edpio. \u201cA gente trabalha para atender a demanda da nossa popula\u00e7\u00e3o, garantir mais seguran\u00e7a nas principais ruas e avenidas da cidade e promover bem-estar e conforto para motoristas e pedestres\u201d.<\/p>\n<p>Nesta ter\u00e7a-feira (24), a Sutram realizou a amostragem dos sem\u00e1foros adquiridos por meio de licita\u00e7\u00e3o, a serem implantados no m\u00eas de fevereiro. A substitui\u00e7\u00e3o ser\u00e1 realizada nos seguintes cruzamentos:<\/p>\n<p>&#8211; Avenida Canavieiras X Avenida Visconde de Mau\u00e1 X Avenida Osvaldo Cruz \u2013 Receita Federal;<\/p>\n<p>&#8211; Avenida Canavieiras X Instituto Municipal de Ensino Eus\u00ednio Lavigne (IME);<\/p>\n<p>&#8211; Avenida Itabuna X Avenida Princesa Isabel;<\/p>\n<p>&#8211; Avenida Itabuna X Avenida Canavieiras X Rua Trinta e Um de Mar\u00e7o;<\/p>\n<p>&#8211; Avenida Itabuna X Avenida Conselheiro Ant\u00f4nio Francisco Badar\u00f3;<\/p>\n<p>&#8211; Pra\u00e7a Cair\u00fa X Rua Ramiro Castro \u2013 CEPLAC \/ SAC X Rua Marqu\u00eas de Paranagu\u00e1 \u2013 Cal\u00e7ad\u00e3o<\/p>\n<p>A Sutram reitera que a manuten\u00e7\u00e3o ser\u00e1 feita ao longo do ano, conforme as necessidades apresentadas em cada ponto.<\/p>\n","protected":false},"excerpt":{"rendered":"<p>Visando tornar o tr\u00e2nsito ainda mais seguro para motoristas e pedestres, a Prefeitura de Ilh\u00e9us iniciou a moderniza\u00e7\u00e3o da sinaliza\u00e7\u00e3o semaf\u00f3rica na cidade. De acordo com a Autarquia de Transporte e Tr\u00e2nsito (Sutram), as melhorias devem ocorrer de forma gradativa, a fim de evitar poss\u00edveis transtornos nas vias com maior fluxo de ve\u00edculos. O investimento [&hellip;]<\/p>\n","protected":false},"author":2,"featured_media":0,"comment_status":"open","ping_status":"open","sticky":false,"template":"","format":"standard","meta":{"_links_to":"","_links_to_target":""},"categories":[7,9,8,1],"tags":[],"_links":{"self":[{"href":"https:\/\/www.ilheusnoticias.net.br\/v1\/wp-json\/wp\/v2\/posts\/30746"}],"collection":[{"href":"https:\/\/www.ilheusnoticias.net.br\/v1\/wp-json\/wp\/v2\/posts"}],"about":[{"href":"https:\/\/www.ilheusnoticias.net.br\/v1\/wp-json\/wp\/v2\/types\/post"}],"author":[{"embeddable":true,"href":"https:\/\/www.ilheusnoticias.net.br\/v1\/wp-json\/wp\/v2\/users\/2"}],"replies":[{"embeddable":true,"href":"https:\/\/www.ilheusnoticias.net.br\/v1\/wp-json\/wp\/v2\/comments?post=30746"}],"version-history":[{"count":1,"href":"https:\/\/www.ilheusnoticias.net.br\/v1\/wp-json\/wp\/v2\/posts\/30746\/revisions"}],"predecessor-version":[{"id":30747,"href":"https:\/\/www.ilheusnoticias.net.br\/v1\/wp-json\/wp\/v2\/posts\/30746\/revisions\/30747"}],"wp:attachment":[{"href":"https:\/\/www.ilheusnoticias.net.br\/v1\/wp-json\/wp\/v2\/media?parent=30746"}],"wp:term":[{"taxonomy":"category","embeddable":true,"href":"https:\/\/www.ilheusnoticias.net.br\/v1\/wp-json\/wp\/v2\/categories?post=30746"},{"taxonomy":"post_tag","embeddable":true,"href":"https:\/\/www.ilheusnoticias.net.br\/v1\/wp-json\/wp\/v2\/tags?post=30746"}],"curies":[{"name":"wp","href":"https:\/\/api.w.org\/{rel}","templated":true}]}}