{"id":30744,"date":"2023-01-25T09:05:38","date_gmt":"2023-01-25T12:05:38","guid":{"rendered":"https:\/\/www.ilheusnoticias.net.br\/v1\/?p=30744"},"modified":"2023-01-25T09:05:38","modified_gmt":"2023-01-25T12:05:38","slug":"prefeitura-de-ilheus-divulga-calendario-com-feriados-municipais-nacionais-e-pontos-facultativos","status":"publish","type":"post","link":"https:\/\/www.ilheusnoticias.net.br\/v1\/2023\/01\/25\/prefeitura-de-ilheus-divulga-calendario-com-feriados-municipais-nacionais-e-pontos-facultativos\/","title":{"rendered":"Prefeitura de Ilh\u00e9us divulga calend\u00e1rio com feriados municipais, nacionais e pontos facultativos"},"content":{"rendered":"<p>&nbsp;<\/p>\n<div class=\"imagem thumbnail col-xs-12 col-sm-8 col-md-6 col-lg-6 imagem-materia\"><a class=\"fresco\" title=\"\" href=\"https:\/\/portalfacilarquivos.blob.core.windows.net\/uploads\/ILHEUS\/imgOrig\/%7B5046AB10-824C-E6DB-7C12-C5ABBAC1C784%7D.jpg\" data-fresco-caption=\"\"><img loading=\"lazy\" title=\"\" src=\"https:\/\/portalfacilarquivos.blob.core.windows.net\/uploads\/ILHEUS\/img\/%7B5046AB10-824C-E6DB-7C12-C5ABBAC1C784%7D\/%7B5046AB10-824C-E6DB-7C12-C5ABBAC1C784%7D_650X450.jpg\" alt=\"prefeitura\" width=\"650\" height=\"450\" \/><\/a><\/p>\n<p class=\"bg-primary\">A Prefeitura de Ilh\u00e9us publicou no Di\u00e1rio Oficial da \u00faltima segunda-feira (23) o calend\u00e1rio de feriados e pontos facultativos referente ao ano de 2023. As datas dever\u00e3o ser observadas pelos \u00f3rg\u00e3os e entidades da administra\u00e7\u00e3o p\u00fablica municipal direta e indireta, sem comprometimento das atividades p\u00fablicas que englobam servi\u00e7os considerados como essenciais.<\/p>\n<\/div>\n<p>A popula\u00e7\u00e3o precisa ficar atenta aos feriados e pontos facultativos definidos, j\u00e1 que n\u00e3o haver\u00e1 expediente nos \u00f3rg\u00e3os da administra\u00e7\u00e3o p\u00fablica municipal, com exce\u00e7\u00e3o das atividades nas \u00e1reas da sa\u00fade, educa\u00e7\u00e3o, limpeza urbana, ilumina\u00e7\u00e3o e da Seguran\u00e7a P\u00fablica.<\/p>\n<p>O calend\u00e1rio de feriados municipais, nacionais e pontos facultativos foi estabelecido por meio do Decreto Municipal n\u00ba 06, de 9 de janeiro de 2023. Clique no link e confira abaixo os feriados e pontos facultativos divididos por m\u00eas e data.<\/p>\n<p><a href=\"https:\/\/www.ilheus.ba.gov.br\/abrir_arquivo.aspx\/Calendario_de_Feriados_e_Pontos_Facultativos_Ilheus__2023?cdLocal=2&amp;arquivo={AEE4AACA-BEAC-CCDA-681E-8CD35312683D}.pdf\" target=\"_blank\" rel=\"noopener\"><strong>Calend\u00e1rio de Feriados e Pontos Facultativos Ilh\u00e9us &#8211; 2023<\/strong><\/a><\/p>\n","protected":false},"excerpt":{"rendered":"<p>&nbsp; A Prefeitura de Ilh\u00e9us publicou no Di\u00e1rio Oficial da \u00faltima segunda-feira (23) o calend\u00e1rio de feriados e pontos facultativos referente ao ano de 2023. As datas dever\u00e3o ser observadas pelos \u00f3rg\u00e3os e entidades da administra\u00e7\u00e3o p\u00fablica municipal direta e indireta, sem comprometimento das atividades p\u00fablicas que englobam servi\u00e7os considerados como essenciais. A popula\u00e7\u00e3o precisa [&hellip;]<\/p>\n","protected":false},"author":2,"featured_media":0,"comment_status":"open","ping_status":"open","sticky":false,"template":"","format":"standard","meta":{"_links_to":"","_links_to_target":""},"categories":[7,9,8,1],"tags":[],"_links":{"self":[{"href":"https:\/\/www.ilheusnoticias.net.br\/v1\/wp-json\/wp\/v2\/posts\/30744"}],"collection":[{"href":"https:\/\/www.ilheusnoticias.net.br\/v1\/wp-json\/wp\/v2\/posts"}],"about":[{"href":"https:\/\/www.ilheusnoticias.net.br\/v1\/wp-json\/wp\/v2\/types\/post"}],"author":[{"embeddable":true,"href":"https:\/\/www.ilheusnoticias.net.br\/v1\/wp-json\/wp\/v2\/users\/2"}],"replies":[{"embeddable":true,"href":"https:\/\/www.ilheusnoticias.net.br\/v1\/wp-json\/wp\/v2\/comments?post=30744"}],"version-history":[{"count":1,"href":"https:\/\/www.ilheusnoticias.net.br\/v1\/wp-json\/wp\/v2\/posts\/30744\/revisions"}],"predecessor-version":[{"id":30745,"href":"https:\/\/www.ilheusnoticias.net.br\/v1\/wp-json\/wp\/v2\/posts\/30744\/revisions\/30745"}],"wp:attachment":[{"href":"https:\/\/www.ilheusnoticias.net.br\/v1\/wp-json\/wp\/v2\/media?parent=30744"}],"wp:term":[{"taxonomy":"category","embeddable":true,"href":"https:\/\/www.ilheusnoticias.net.br\/v1\/wp-json\/wp\/v2\/categories?post=30744"},{"taxonomy":"post_tag","embeddable":true,"href":"https:\/\/www.ilheusnoticias.net.br\/v1\/wp-json\/wp\/v2\/tags?post=30744"}],"curies":[{"name":"wp","href":"https:\/\/api.w.org\/{rel}","templated":true}]}}