{"id":30738,"date":"2023-01-24T16:38:32","date_gmt":"2023-01-24T19:38:32","guid":{"rendered":"https:\/\/www.ilheusnoticias.net.br\/v1\/?p=30738"},"modified":"2023-01-24T16:40:33","modified_gmt":"2023-01-24T19:40:33","slug":"investigado-por-estupro-de-vulneravel-medico-e-preso-com-material-pornografico-e-drogas","status":"publish","type":"post","link":"https:\/\/www.ilheusnoticias.net.br\/v1\/2023\/01\/24\/investigado-por-estupro-de-vulneravel-medico-e-preso-com-material-pornografico-e-drogas\/","title":{"rendered":"Investigado por estupro de vulner\u00e1vel, m\u00e9dico \u00e9 preso com material pornogr\u00e1fico e drogas"},"content":{"rendered":"<div class=\"row content-head non-featured \">\n<div class=\"title\" data-block-type=\"title\" data-block-id=\"0\">\n<h1 class=\"content-head__title\"><span style=\"font-size: 16px;\">Nome do m\u00e9dico n\u00e3o foi divulgado pela pol\u00edcia, que detalhou ele foi alvo de um mandado de busca e apreens\u00e3o na capital baiana, e que responde a um inqu\u00e9rito no Rio de Janeiro, por estupro de vulner\u00e1vel.<\/span><\/h1>\n<\/div>\n<\/div>\n<div class=\"content__signa-share\">\n<div class=\"content__signature\">\n<div class=\"content-publication-data\">\n<div class=\"content-publication-data__text\">\n<p class=\"content-publication-data__from\" title=\"g1 BA\">Por g1 BA<\/p>\n<p class=\"content-publication-data__updated\">\n<\/div>\n<\/div>\n<\/div>\n<\/div>\n<div class=\"mc-article-body\">\n<article>\n<div id=\"chunk-2rcgd\">\n<div class=\"row medium-uncollapsed content-media content-photo\" data-block-type=\"backstage-photo\" data-block-id=\"1\">\n<div class=\"mc-column content-media__container\">\n<div class=\"content-media-container glb-skeleton-box\">\n<figure class=\"content-media-figure\"><img class=\"i-amphtml-fill-content i-amphtml-replaced-content\" src=\"https:\/\/s2.glbimg.com\/Hp8i79hWPYrKnePA41cLILmp-mg=\/0x0:1280x960\/984x0\/smart\/filters:strip_icc()\/i.s3.glbimg.com\/v1\/AUTH_59edd422c0c84a879bd37670ae4f538a\/internal_photos\/bs\/2023\/K\/R\/X9UEGrRu6FVgTylSBXhg\/whatsapp-image-2023-01-24-at-10.55.55.jpeg\" sizes=\"(max-width: 1707px) 648px, 100vw\" srcset=\"https:\/\/s2.glbimg.com\/JKkCUneWTmeaTk0KLasgUZ7bvFU=\/0x0:1280x960\/1000x0\/smart\/filters:strip_icc()\/i.s3.glbimg.com\/v1\/AUTH_59edd422c0c84a879bd37670ae4f538a\/internal_photos\/bs\/2023\/K\/R\/X9UEGrRu6FVgTylSBXhg\/whatsapp-image-2023-01-24-at-10.55.55.jpeg 1000w, https:\/\/s2.glbimg.com\/Hp8i79hWPYrKnePA41cLILmp-mg=\/0x0:1280x960\/984x0\/smart\/filters:strip_icc()\/i.s3.glbimg.com\/v1\/AUTH_59edd422c0c84a879bd37670ae4f538a\/internal_photos\/bs\/2023\/K\/R\/X9UEGrRu6FVgTylSBXhg\/whatsapp-image-2023-01-24-at-10.55.55.jpeg 984w, https:\/\/s2.glbimg.com\/r2lV8hiQMuj4b6qpuPnAmD_aurE=\/0x0:1280x960\/640x0\/smart\/filters:strip_icc()\/i.s3.glbimg.com\/v1\/AUTH_59edd422c0c84a879bd37670ae4f538a\/internal_photos\/bs\/2023\/K\/R\/X9UEGrRu6FVgTylSBXhg\/whatsapp-image-2023-01-24-at-10.55.55.jpeg 640w, https:\/\/s2.glbimg.com\/UzfmJJYRI6iQAs3iazhrfVEEITA=\/0x0:1280x960\/600x0\/smart\/filters:strip_icc()\/i.s3.glbimg.com\/v1\/AUTH_59edd422c0c84a879bd37670ae4f538a\/internal_photos\/bs\/2023\/K\/R\/X9UEGrRu6FVgTylSBXhg\/whatsapp-image-2023-01-24-at-10.55.55.jpeg 600w\" alt=\"Material apreendido com m\u00e9dico preso em Salvador \u2014 Foto: Haeckel Dias \" \/><\/figure>\n<\/div>\n<p class=\"content-media__description \">Material apreendido com m\u00e9dico preso em Salvador \u2014 Foto: Haeckel Dias<\/p>\n<\/div>\n<\/div>\n<\/div>\n<div id=\"chunk-bdnij\">\n<div class=\"mc-column content-text active-extra-styles \" data-block-type=\"unstyled\" data-block-weight=\"36\" data-block-id=\"3\">\n<p class=\"content-text__container \" data-track-category=\"Link no Texto\" data-track-links=\"\">Um m\u00e9dico investigado por estupro de vulner\u00e1vel foi preso em flagrante, na manh\u00e3 desta ter\u00e7a-feira (24), em\u00a0<a href=\"https:\/\/g1.globo.com\/ba\/bahia\/cidade\/salvador\/\">Salvador<\/a>. Ele estava com diversos materiais de pornografia infantil em celulares e notebooks, al\u00e9m de drogas sint\u00e9ticas.<\/p>\n<\/div>\n<\/div>\n<div class=\"wall protected-content\">\n<div class=\"mc-column content-text active-extra-styles\" data-block-type=\"raw\" data-block-weight=\"25\" data-block-id=\"4\">\n<p>&nbsp;<\/p>\n<\/div>\n<div id=\"chunk-1clob\">\n<div class=\"mc-column content-text active-extra-styles \" data-block-type=\"unstyled\" data-block-weight=\"57\" data-block-id=\"5\">\n<p class=\"content-text__container \" data-track-category=\"Link no Texto\" data-track-links=\"\">O nome do investigado n\u00e3o foi divulgado, por causa da Lei de Abuso de Autoridade. A pol\u00edcia detalhou o homem foi alvo de um mandado de busca e apreens\u00e3o, na casa dele. Por causa da posse do material ilegal, ele foi levado para a Delegacia Especializada de Repress\u00e3o aos Crimes Contra a Crian\u00e7a e o Adolescente (Dercca).<\/p>\n<\/div>\n<\/div>\n<div id=\"chunk-de61e\">\n<div class=\"mc-column content-text active-extra-styles \" data-block-type=\"unstyled\" data-block-weight=\"40\" data-block-id=\"7\">\n<p class=\"content-text__container \" data-track-category=\"Link no Texto\" data-track-links=\"\">O homem j\u00e1 responde a um inqu\u00e9rito no\u00a0<a href=\"https:\/\/g1.globo.com\/rj\/rio-de-janeiro\/cidade\/rio-de-janeiro\/\">Rio de Janeiro<\/a>, por causa do estupro de vulner\u00e1vel. Mesmo sem dar detalhes sobre as circunst\u00e2ncias do caso, nem quando aconteceu, a pol\u00edcia disse que a pris\u00e3o pelo estupro foi em flagrante.<\/p>\n<\/div>\n<\/div>\n<div id=\"chunk-2sp4f\">\n<div class=\"mc-column content-text active-extra-styles \" data-block-type=\"unstyled\" data-block-weight=\"41\" data-block-id=\"8\">\n<p class=\"content-text__container \" data-track-category=\"Link no Texto\" data-track-links=\"\">O material armazenado e os dispositivos eletr\u00f4nicos \u2013 notebooks, aparelhos celulares, pen-drivers e outros \u2013 foram apreendidos. N\u00e3o foi detalhada a droga sint\u00e9tica encontrada com o m\u00e9dico, que foi autuado por armazenamento de pornografia infantil e posse de entorpecente.<\/p>\n<\/div>\n<\/div>\n<div id=\"chunk-ckmi8\">\n<div class=\"mc-column content-text active-extra-styles \" data-block-type=\"unstyled\" data-block-weight=\"20\" data-block-id=\"9\">\n<p class=\"content-text__container \" data-track-category=\"Link no Texto\" data-track-links=\"\">Todo material apreendido ser\u00e1 periciado no Departamento de Pol\u00edcia T\u00e9cnica (DPT). O m\u00e9dico ficar\u00e1 preso \u00e0 disposi\u00e7\u00e3o da Justi\u00e7a.<\/p>\n<\/div>\n<\/div>\n<div id=\"chunk-cd8ai\">\n<div class=\"mc-column content-text active-extra-styles \" data-block-type=\"unstyled\" data-block-weight=\"15\" data-block-id=\"10\">\n<p class=\"content-text__container \" data-track-category=\"Link no Texto\" data-track-links=\"\">De acordo com a delegada Simone Moutinho, ele confessou que comprava o material pornogr\u00e1fico.<\/p>\n<\/div>\n<\/div>\n<div id=\"chunk-dmnar\">\n<div class=\"row medium-uncollapsed content-media content-photo\" data-block-type=\"backstage-photo\" data-block-id=\"11\">\n<div class=\"mc-column content-media__container\">\n<div class=\"content-media-container glb-skeleton-box\">\n<figure class=\"content-media-figure\"><img class=\"i-amphtml-fill-content i-amphtml-replaced-content\" src=\"https:\/\/s2.glbimg.com\/aJxsyadnj2FzHyHGC7mPqyj03lI=\/0x66:989x643\/984x0\/smart\/filters:strip_icc()\/i.s3.glbimg.com\/v1\/AUTH_59edd422c0c84a879bd37670ae4f538a\/internal_photos\/bs\/2019\/9\/8\/R0SWrvRBAbZrKwkmLJUQ\/whatsapp-image-2019-04-03-at-16.27.24.jpeg\" sizes=\"(max-width: 1707px) 648px, 100vw\" srcset=\"https:\/\/s2.glbimg.com\/E90_QUKcp2t5jWPo_bRv99lWDXU=\/0x66:989x643\/1000x0\/smart\/filters:strip_icc()\/i.s3.glbimg.com\/v1\/AUTH_59edd422c0c84a879bd37670ae4f538a\/internal_photos\/bs\/2019\/9\/8\/R0SWrvRBAbZrKwkmLJUQ\/whatsapp-image-2019-04-03-at-16.27.24.jpeg 1000w, https:\/\/s2.glbimg.com\/aJxsyadnj2FzHyHGC7mPqyj03lI=\/0x66:989x643\/984x0\/smart\/filters:strip_icc()\/i.s3.glbimg.com\/v1\/AUTH_59edd422c0c84a879bd37670ae4f538a\/internal_photos\/bs\/2019\/9\/8\/R0SWrvRBAbZrKwkmLJUQ\/whatsapp-image-2019-04-03-at-16.27.24.jpeg 984w, https:\/\/s2.glbimg.com\/FfMrevPG5htRCKBKgt31BOBn2Fg=\/0x66:989x643\/640x0\/smart\/filters:strip_icc()\/i.s3.glbimg.com\/v1\/AUTH_59edd422c0c84a879bd37670ae4f538a\/internal_photos\/bs\/2019\/9\/8\/R0SWrvRBAbZrKwkmLJUQ\/whatsapp-image-2019-04-03-at-16.27.24.jpeg 640w, https:\/\/s2.glbimg.com\/8r0efCZuNPcGcqQQIkER1m39HFc=\/0x66:989x643\/600x0\/smart\/filters:strip_icc()\/i.s3.glbimg.com\/v1\/AUTH_59edd422c0c84a879bd37670ae4f538a\/internal_photos\/bs\/2019\/9\/8\/R0SWrvRBAbZrKwkmLJUQ\/whatsapp-image-2019-04-03-at-16.27.24.jpeg 600w\" alt=\"Delegacia de Repress\u00e3o a Crimes Contra a Crian\u00e7a e o Adolescente (Dercca), em Salvador \u2014 Foto: Itana Alencar\/G1BA\" \/><\/figure>\n<\/div>\n<p class=\"content-media__description \">Delegacia de Repress\u00e3o a Crimes Contra a Crian\u00e7a e o Adolescente (Dercca), em Salvador \u2014 Foto: Itana Alencar\/G1BA<\/p>\n<\/div>\n<\/div>\n<\/div>\n<\/div>\n<\/article>\n<\/div>\n","protected":false},"excerpt":{"rendered":"<p>Nome do m\u00e9dico n\u00e3o foi divulgado pela pol\u00edcia, que detalhou ele foi alvo de um mandado de busca e apreens\u00e3o na capital baiana, e que responde a um inqu\u00e9rito no Rio de Janeiro, por estupro de vulner\u00e1vel. Por g1 BA Material apreendido com m\u00e9dico preso em Salvador \u2014 Foto: Haeckel Dias Um m\u00e9dico investigado por [&hellip;]<\/p>\n","protected":false},"author":2,"featured_media":0,"comment_status":"open","ping_status":"open","sticky":false,"template":"","format":"standard","meta":{"_links_to":"","_links_to_target":""},"categories":[7,9,8,1],"tags":[],"_links":{"self":[{"href":"https:\/\/www.ilheusnoticias.net.br\/v1\/wp-json\/wp\/v2\/posts\/30738"}],"collection":[{"href":"https:\/\/www.ilheusnoticias.net.br\/v1\/wp-json\/wp\/v2\/posts"}],"about":[{"href":"https:\/\/www.ilheusnoticias.net.br\/v1\/wp-json\/wp\/v2\/types\/post"}],"author":[{"embeddable":true,"href":"https:\/\/www.ilheusnoticias.net.br\/v1\/wp-json\/wp\/v2\/users\/2"}],"replies":[{"embeddable":true,"href":"https:\/\/www.ilheusnoticias.net.br\/v1\/wp-json\/wp\/v2\/comments?post=30738"}],"version-history":[{"count":3,"href":"https:\/\/www.ilheusnoticias.net.br\/v1\/wp-json\/wp\/v2\/posts\/30738\/revisions"}],"predecessor-version":[{"id":30741,"href":"https:\/\/www.ilheusnoticias.net.br\/v1\/wp-json\/wp\/v2\/posts\/30738\/revisions\/30741"}],"wp:attachment":[{"href":"https:\/\/www.ilheusnoticias.net.br\/v1\/wp-json\/wp\/v2\/media?parent=30738"}],"wp:term":[{"taxonomy":"category","embeddable":true,"href":"https:\/\/www.ilheusnoticias.net.br\/v1\/wp-json\/wp\/v2\/categories?post=30738"},{"taxonomy":"post_tag","embeddable":true,"href":"https:\/\/www.ilheusnoticias.net.br\/v1\/wp-json\/wp\/v2\/tags?post=30738"}],"curies":[{"name":"wp","href":"https:\/\/api.w.org\/{rel}","templated":true}]}}