{"id":30736,"date":"2023-01-24T16:35:08","date_gmt":"2023-01-24T19:35:08","guid":{"rendered":"https:\/\/www.ilheusnoticias.net.br\/v1\/?p=30736"},"modified":"2023-01-24T16:35:08","modified_gmt":"2023-01-24T19:35:08","slug":"tatuagem-intima-banheiro-de-boate-troca-de-prisao-e-advogado-de-messi-o-caso-daniel-alves-ponto-a-ponto","status":"publish","type":"post","link":"https:\/\/www.ilheusnoticias.net.br\/v1\/2023\/01\/24\/tatuagem-intima-banheiro-de-boate-troca-de-prisao-e-advogado-de-messi-o-caso-daniel-alves-ponto-a-ponto\/","title":{"rendered":"Tatuagem \u00edntima, banheiro de boate, troca de pris\u00e3o e advogado de Messi: o caso Daniel Alves ponto a ponto"},"content":{"rendered":"<div class=\"row content-head non-featured \">\n<div class=\"title\" data-block-type=\"title\" data-block-id=\"0\">\n<h1 class=\"content-head__title\"><span style=\"font-size: 16px;\">Jogador est\u00e1 sendo acusado de estupro e agress\u00e3o sexual na Espanha. Ap\u00f3s contradi\u00e7\u00e3o no depoimento, ele afirmou que a rela\u00e7\u00e3o foi consentida, o que a jovem de 23 anos nega.<\/span><\/h1>\n<\/div>\n<\/div>\n<div class=\"mc-article-body\">\n<article>\n<div id=\"chunk-67o41\">\n<div class=\"bs-video-block row medium-uncollapsed  content-media content-video\" data-block-type=\"backstage-video\" data-block-id=\"1\">\n<div class=\"content-media__container column medium-22 large-20 medium-centered\">\n<p class=\"content-media__description\">Entenda pris\u00e3o preventiva de Daniel Alves por suposta agress\u00e3o sexual na Espanha<\/p>\n<\/div>\n<\/div>\n<\/div>\n<div id=\"chunk-ea7nu\">\n<div class=\"mc-column content-text active-extra-styles \" data-block-type=\"unstyled\" data-block-weight=\"51\" data-block-id=\"3\">\n<p class=\"content-text__container \" data-track-category=\"Link no Texto\" data-track-links=\"\">Preso desde a semana passada, o jogador Daniel Alves est\u00e1 no centro de um esc\u00e2ndalo de repercuss\u00e3o mundial. Aos 39 anos, e at\u00e9 ent\u00e3o atleta do Pumas do M\u00e9xico (que rescindiu o contrato ap\u00f3s o caso vir \u00e0 tona), ele est\u00e1 sendo\u00a0<a href=\"https:\/\/g1.globo.com\/mundo\/noticia\/2023\/01\/10\/justica-espanhola-aceita-denuncia-contra-dani-alves-por-suposto-assedio-sexual.ghtml\">acusado de estupro e agress\u00e3o sexual na Espanha<\/a>.<\/p>\n<\/div>\n<\/div>\n<div class=\"wall protected-content\">\n<div class=\"mc-column content-text active-extra-styles\" data-block-type=\"raw\" data-block-weight=\"6\" data-block-id=\"4\">\n<p><span class=\"highlight highlighted\">A denunciante \u00e9 uma jovem espanhola de 23 anos, que n\u00e3o teve a identidade divulgada. <\/span>Ela, que fez a den\u00fancia em 2 de janeiro, quando as investiga\u00e7\u00f5es come\u00e7aram. Ela afirma que foi estuprada por ele no banheiro de uma boate em\u00a0<a href=\"http:\/\/g1.globo.com\/mundo\/espanha\/cidade\/barcelona.html\">Barcelona<\/a>. Segundo a imprensa espanhola, a jovem chamou o seguran\u00e7a da boate, foi ao hospital e os exames confirmaram o estupro.<\/p>\n<\/div>\n<div id=\"chunk-4mr01\">\n<div class=\"mc-column content-text active-extra-styles \" data-block-type=\"unstyled\" data-block-weight=\"37\" data-block-id=\"7\">\n<p class=\"content-text__container \" data-track-category=\"Link no Texto\" data-track-links=\"\">Nesta ter\u00e7a-feira (24), um jornal espanhol informou\u00a0<span class=\"highlight highlighted\">que a jovem estava na boate com uma prima e uma amiga.<\/span>\u00a0Uma dessas jovens disse que o jogador botou as m\u00e3os em suas partes \u00edntimas\u00a0<strong><em>(leia mais abaixo).<\/em><\/strong><\/p>\n<\/div>\n<\/div>\n<div id=\"chunk-c3k4p\">\n<div class=\"mc-column content-text active-extra-styles \" data-block-type=\"unstyled\" data-block-weight=\"6\" data-block-id=\"8\">\n<p class=\"content-text__container \" data-track-category=\"Link no Texto\" data-track-links=\"\"><strong>Entenda o caso, ponto a ponto:<\/strong><\/p>\n<\/div>\n<\/div>\n<div class=\"mc-column content-text active-extra-styles\" data-block-type=\"raw\" data-block-weight=\"3\" data-block-id=\"9\">\n<div class=\"content-intertitle\">\n<h2>Banheiro da boate<\/h2>\n<\/div>\n<p>Segundo a den\u00fancia, tudo aconteceu em uma boate de luxo de Barcelona no dia 30 de dezembro. A mulher disse que Daniel a agrediu e estuprou no banheiro da \u00e1rea VIP do local. Ela afirma que foi seguida por Daniel Alves ao ir ao banheiro, que \u00e9 unissex, por volta das 4h da manh\u00e3.<\/p>\n<\/div>\n<div id=\"chunk-d1dvj\">\n<div class=\"mc-column content-text active-extra-styles \" data-block-type=\"unstyled\" data-block-weight=\"50\" data-block-id=\"11\">\n<p class=\"content-text__container \" data-track-category=\"Link no Texto\" data-track-links=\"\">Ela disse que foi for\u00e7ada por Daniel Alves a sentar no seu colo. Afirma tamb\u00e9m que, ao resistir, foi\u00a0<a href=\"https:\/\/g1.globo.com\/mundo\/noticia\/2023\/01\/20\/entenda-crime-de-agressao-sexual-atribuido-a-daniel-alves-na-espanha-e-o-que-deve-acontecer-apos-prisao.ghtml\">jogada no ch\u00e3o, esbofeteada e for\u00e7ada a fazer sexo oral<\/a>\u00a0nele.\u00a0<span class=\"highlight highlighted\">Imagens da boate mostram que a mulher ficou cerca de 14 minutos no banheiro, enquanto Daniel Alves ficou 16.<\/span><\/p>\n<\/div>\n<\/div>\n<div id=\"chunk-260pm\">\n<div class=\"bs-video-block mc-column  content-media content-video\" data-block-type=\"backstage-video\" data-block-id=\"12\">\n<div class=\"content-media__container\">\n<div class=\"content-video__bigger-player-description-fixer\">\n<article class=\"content-video\">\n<section class=\"content-video__video-container\">\n<div class=\"content-video__video\">\n<div class=\"content-video__placeholder\" data-video-id=\"11302089\" data-video-has-viewport-play=\"True\"><img class=\"content-video__placeholder__thumb\" title=\"Caso Daniel Alves: veja como \u00e9 a boate onde mulher diz que foi estuprada pelo jogador\" src=\"https:\/\/s02.video.glbimg.com\/x240\/11302089.jpg\" alt=\"Caso Daniel Alves: veja como \u00e9 a boate onde mulher diz que foi estuprada pelo jogador\" \/><\/div>\n<div id=\"wp3-player-3\" class=\"clappr-player\" tabindex=\"9999\" data-player=\"\">\n<div class=\"dfp-ad-overlay dfp-ad-overlay--poster-mode\">\n<div><\/div>\n<\/div>\n<\/div>\n<\/div>\n<\/section>\n<\/article>\n<\/div>\n<p class=\"content-media__description\">Caso Daniel Alves: veja como \u00e9 a boate onde mulher diz que foi estuprada pelo jogador<\/p>\n<\/div>\n<\/div>\n<\/div>\n<div class=\"mc-column content-text active-extra-styles\" data-block-type=\"raw\" data-block-weight=\"6\" data-block-id=\"14\">\n<div class=\"content-intertitle\">\n<h2>Mudan\u00e7as no depoimento e declara\u00e7\u00f5es contradit\u00f3rias<\/h2>\n<\/div>\n<\/div>\n<div id=\"chunk-4f062\">\n<div class=\"mc-column content-text active-extra-styles \" data-block-type=\"unstyled\" data-block-weight=\"53\" data-block-id=\"15\">\n<p class=\"content-text__container \" data-track-category=\"Link no Texto\" data-track-links=\"\">Quando o caso veio a p\u00fablico, Daniel Alves, ainda solto,\u00a0<a href=\"https:\/\/g1.globo.com\/mundo\/noticia\/2023\/01\/06\/policia-da-espanha-investiga-queixa-de-assedio-sexual-contra-daniel-alves-jogador-nega.ghtml\">negou as acusa\u00e7\u00f5es e disse que n\u00e3o conhecia a mulher<\/a>. &#8220;Quando voc\u00ea vai ao banheiro n\u00e3o tem que perguntar quem est\u00e1 l\u00e1 para usar o banheiro.\u00a0<span class=\"highlight highlighted\">N\u00e3o sei quem \u00e9 essa senhorita, nunca a vi&#8221;, disse o jogador a uma TV espanhola.<\/span><\/p>\n<\/div>\n<\/div>\n<div id=\"chunk-a35un\">\n<div class=\"mc-column content-text active-extra-styles \" data-block-type=\"unstyled\" data-block-weight=\"29\" data-block-id=\"16\">\n<p class=\"content-text__container \" data-track-category=\"Link no Texto\" data-track-links=\"\">Depois, \u00e0 ju\u00edza do caso, ele afirmou que houve rela\u00e7\u00e3o, mas consentida. O depoimento de Daniel Alves foi considerado contradit\u00f3rio, enquanto o da mulher foi classificado como s\u00f3lido.<\/p>\n<\/div>\n<\/div>\n<div id=\"chunk-dc50u\">\n<div class=\"mc-column content-text active-extra-styles \" data-block-type=\"unstyled\" data-block-weight=\"2\" data-block-id=\"17\">\n<p class=\"content-text__container \" data-track-category=\"Link no Texto\" data-track-links=\"\">\n<\/div>\n<\/div>\n<div class=\"mc-column content-text active-extra-styles\" data-block-type=\"raw\" data-block-weight=\"1\" data-block-id=\"19\">\n<div class=\"content-intertitle\">\n<h2>Pris\u00e3o<\/h2>\n<\/div>\n<p>&nbsp;<\/p>\n<\/div>\n<div id=\"chunk-ag0kt\">\n<div class=\"mc-column content-text active-extra-styles \" data-block-type=\"unstyled\" data-block-weight=\"62\" data-block-id=\"20\">\n<p class=\"content-text__container \" data-track-category=\"Link no Texto\" data-track-links=\"\">A Justi\u00e7a espanhola determinou pris\u00e3o preventiva e sem fian\u00e7a para Daniel Alves no dia 20 de janeiro. De in\u00edcio, ele foi levado para uma\u00a0<a href=\"https:\/\/g1.globo.com\/mundo\/noticia\/2023\/01\/20\/jogador-dani-alves-e-detido.ghtml\">penitenci\u00e1ria a 25 km de Barcelona<\/a>. De acordo com a lei espanhola, o jogador pode ficar\u00a0<a href=\"https:\/\/g1.globo.com\/mundo\/noticia\/2023\/01\/20\/entenda-crime-de-agressao-sexual-atribuido-a-daniel-alves-na-espanha-e-o-que-deve-acontecer-apos-prisao.ghtml\">preso dois anos at\u00e9 o julgamento<\/a>. Se esse tempo todo passar sem que o caso seja conclu\u00eddo, ele poder\u00e1 aguardar em liberdade.<\/p>\n<\/div>\n<\/div>\n<div id=\"chunk-7nvt9\">\n<div class=\"mc-column content-text active-extra-styles \" data-block-type=\"unstyled\" data-block-weight=\"52\" data-block-id=\"21\">\n<p class=\"content-text__container \" data-track-category=\"Link no Texto\" data-track-links=\"\">Em entrevista ao\u00a0<a href=\"https:\/\/g1.globo.com\/jornal-nacional\/noticia\/2023\/01\/21\/daniel-alves-muda-de-versao-e-afirma-ter-mantido-relacao-sexual-consensual-com-jovem-em-boate-na-espanha.ghtml\">Jornal Nacional<\/a>, o advogado Alamiro Velludo, professor de Direito Penal da USP, disse que a Justi\u00e7a espanhola tende a ser bastante r\u00edgida em acusa\u00e7\u00f5es como essa. &#8220;Ou seja, s\u00e3o acusa\u00e7\u00f5es em que, tradicionalmente, a palavra da v\u00edtima \u00e9 uma palavra muito importante, \u00e9 uma palavra determinante&#8221;, disse Velludo<\/p>\n<\/div>\n<\/div>\n<div id=\"chunk-dgjnv\">\n<div class=\"bs-video-block mc-column  content-media content-video\" data-block-type=\"backstage-video\" data-block-id=\"24\">\n<div class=\"content-media__container\">\n<div class=\"content-video__bigger-player-description-fixer\">\n<article class=\"content-video\">\n<section class=\"content-video__video-container\">\n<div class=\"content-video__video\">\n<div class=\"content-video__placeholder\" data-video-id=\"11303960\" data-video-has-viewport-play=\"True\"><img class=\"content-video__placeholder__thumb\" title=\"Daniel Alves passou 15 minutos trancado com mulher que o acusa de estupro, diz fonte\" src=\"https:\/\/s01.video.glbimg.com\/x240\/11303960.jpg\" alt=\"Daniel Alves passou 15 minutos trancado com mulher que o acusa de estupro, diz fonte\" \/><\/div>\n<div id=\"wp3-player-4\" class=\"clappr-player\" tabindex=\"9999\" data-player=\"\">\n<div class=\"dfp-ad-overlay dfp-ad-overlay--poster-mode\">\n<div><\/div>\n<\/div>\n<div class=\"media-control media-control-hide h720 w960\">\n<div class=\"media-control-panel\">\n<div class=\"media-control-panel__lower\" data-controls=\"\">\n<div class=\"opposites-container\">\n<div class=\"media-control-position__right\">Daniel Alves passou 15 minutos trancado com mulher que o acusa de estupro, diz fonte<\/div>\n<\/div>\n<\/div>\n<\/div>\n<\/div>\n<\/div>\n<\/div>\n<\/section>\n<\/article>\n<\/div>\n<\/div>\n<\/div>\n<\/div>\n<div class=\"mc-column content-text active-extra-styles\" data-block-type=\"raw\" data-block-weight=\"3\" data-block-id=\"25\">\n<div class=\"content-intertitle\">\n<h2>Recusa de indeniza\u00e7\u00e3o<\/h2>\n<\/div>\n<\/div>\n<div id=\"chunk-cbr3\">\n<div class=\"mc-column content-text active-extra-styles \" data-block-type=\"unstyled\" data-block-weight=\"64\" data-block-id=\"26\">\n<p class=\"content-text__container \" data-track-category=\"Link no Texto\" data-track-links=\"\">De acordo com a ju\u00edza respons\u00e1vel pelo caso, a mulher que acusa Daniel Alves afirmou que\u00a0<a href=\"https:\/\/g1.globo.com\/mundo\/noticia\/2023\/01\/22\/daniele-alves-vitima-de-violencia-sexual-recusa-indenizacao-caso-o-jogador-incriminado.ghtml\">n\u00e3o quer receber indeniza\u00e7\u00e3o financeira<\/a>, caso o jogador seja condenado. Segundo o jornal &#8220;El Pa\u00eds&#8221;, a denunciante afirmou que abriu m\u00e3o do direito a ser indenizada pelas les\u00f5es e danos morais sofridos, porque espera que seja feita justi\u00e7a e que o atleta pague com pris\u00e3o pelo ocorrido.<\/p>\n<\/div>\n<\/div>\n<div class=\"mc-column content-text active-extra-styles\" data-block-type=\"raw\" data-block-weight=\"2\" data-block-id=\"27\">\n<div class=\"content-intertitle\">\n<h2>Tatuagem \u00edntima<\/h2>\n<\/div>\n<\/div>\n<div id=\"chunk-2g0hq\">\n<div class=\"mc-column content-text active-extra-styles \" data-block-type=\"unstyled\" data-block-weight=\"65\" data-block-id=\"28\">\n<p class=\"content-text__container \" data-track-category=\"Link no Texto\" data-track-links=\"\">Uma tatuagem \u00edntima motivou contradi\u00e7\u00f5es no depoimento de Daniel Alves. Fontes do jornal &#8220;El Mundo&#8221; relataram que, em seu depoimento perante a ju\u00edza, a mulher disse que\u00a0<a href=\"https:\/\/g1.globo.com\/mundo\/noticia\/2023\/01\/23\/tatuagem-foi-motivo-de-contradicao-em-depoimento-de-daniel-alves-diz-jornal.ghtml\">viu a tatuagem de uma meia-lua no abd\u00f4men de Daneil Alves pr\u00f3xima \u00e0 cintura\u00a0<\/a>quando o jogador tentou for\u00e7\u00e1-la a fazer sexo oral e ela resistiu. Questionado sobre a tatuagem pela ju\u00edza, ele apresentou vers\u00f5es diferentes da hist\u00f3ria.<\/p>\n<\/div>\n<\/div>\n<div id=\"chunk-pmgk\">\n<div class=\"mc-column content-text active-extra-styles \" data-block-type=\"unstyled\" data-block-weight=\"29\" data-block-id=\"30\">\n<p class=\"content-text__container \" data-track-category=\"Link no Texto\" data-track-links=\"\">Na 1\u00aa vers\u00e3o, Daniel Alves reconheceu ter uma tatuagem de meia-lua no abd\u00f4men e disse que foi a jovem que o atacou enquanto ele estava sentado no vaso sanit\u00e1rio.<\/p>\n<\/div>\n<\/div>\n<div id=\"chunk-4c2ug\">\n<div class=\"mc-column content-text active-extra-styles \" data-block-type=\"unstyled\" data-block-weight=\"43\" data-block-id=\"31\">\n<p class=\"content-text__container \" data-track-category=\"Link no Texto\" data-track-links=\"\">Ao ouvir o depoimento do jogador, a ju\u00edza afirmou que, se o que ele estava dizendo fosse verdade, a v\u00edtima nunca poderia ter visto a tatuagem, porque sua camisa estaria tampando o desenho. O jogador, ent\u00e3o, se contradisse, apresentando outra vers\u00e3o dos fatos.<\/p>\n<\/div>\n<\/div>\n<div id=\"chunk-1i9i3\">\n<div class=\"mc-column content-text active-extra-styles \" data-block-type=\"unstyled\" data-block-weight=\"36\" data-block-id=\"32\">\n<p class=\"content-text__container \" data-track-category=\"Link no Texto\" data-track-links=\"\">Na 2\u00aa vers\u00e3o, o atleta declarou que se levantou quando a jovem entrou no banheiro, o que lhe permitiu ver a tatuagem. Nesta vers\u00e3o, o jogador disse que a rela\u00e7\u00e3o sexual entre os dois foi consentida.<\/p>\n<\/div>\n<\/div>\n<div class=\"mc-column content-text active-extra-styles\" data-block-type=\"raw\" data-block-weight=\"3\" data-block-id=\"34\">\n<div class=\"content-intertitle\">\n<h2>Transfer\u00eancia de pris\u00e3o<\/h2>\n<\/div>\n<\/div>\n<div id=\"chunk-1b2ot\">\n<div class=\"mc-column content-text active-extra-styles \" data-block-type=\"unstyled\" data-block-weight=\"54\" data-block-id=\"35\">\n<p class=\"content-text__container \" data-track-category=\"Link no Texto\" data-track-links=\"\">Por quest\u00f5es de seguran\u00e7a, Daniel Alves foi t<a href=\"https:\/\/g1.globo.com\/mundo\/noticia\/2023\/01\/23\/daniel-alves-e-transferido-de-presidio-na-espanha.ghtml\">ransferido de pris\u00e3o nesta segunda-feira (23)<\/a>. O jogador foi enviado ao pres\u00eddio de Brians 2, a cerca de 40 quil\u00f4metros de Barcelona, para evitar risco \u00e0 sua integridade f\u00edsica. Segundo a Secretaria de Justi\u00e7a do governo da Catalunha, n\u00e3o houve nenhuma amea\u00e7a, e a transfer\u00eancia \u00e9 preventiva.<\/p>\n<\/div>\n<\/div>\n<div id=\"chunk-f5ah4\">\n<div class=\"mc-column content-text active-extra-styles \" data-block-type=\"unstyled\" data-block-weight=\"37\" data-block-id=\"36\">\n<p class=\"content-text__container \" data-track-category=\"Link no Texto\" data-track-links=\"\">Brians 2, que fica no mesmo complexo onde o brasileiro j\u00e1 estava desde sexta-feira (20), tem menos presidi\u00e1rios, a maioria j\u00e1 condenada. Segundo o jornal catal\u00e3o &#8220;La Vanguardia&#8221;, ele ficar\u00e1 em uma cela individual com banheiro.<\/p>\n<\/div>\n<\/div>\n<div class=\"mc-column content-text active-extra-styles\" data-block-type=\"raw\" data-block-weight=\"3\" data-block-id=\"38\">\n<div class=\"content-intertitle\">\n<h2>Advogado de Messi<\/h2>\n<\/div>\n<\/div>\n<div id=\"chunk-8a8r7\">\n<div class=\"mc-column content-text active-extra-styles \" data-block-type=\"unstyled\" data-block-weight=\"53\" data-block-id=\"39\">\n<p class=\"content-text__container \" data-track-category=\"Link no Texto\" data-track-links=\"\">Em busca de uma nova estrat\u00e9gia de defesa,\u00a0<a href=\"https:\/\/g1.globo.com\/mundo\/noticia\/2023\/01\/24\/daniel-alves-contrata-advogado-que-defendeu-messi-e-familia-mais-influente-da-catalunha.ghtml\">Daniel Alves contratou um dos advogados penalistas mais conhecidos da Espanha. Crist\u00f3bal Martell\u00a0<\/a>passou a integrar nesta ter\u00e7a-feira (24) a defesa do jogador e prepara um recurso que deve ser apresentado ainda nesta ter\u00e7a \u00e0 Justi\u00e7a local pedindo que ele responda pelo caso em liberdade.<\/p>\n<\/div>\n<\/div>\n<div id=\"chunk-cotul\">\n<div class=\"mc-column content-text active-extra-styles \" data-block-type=\"unstyled\" data-block-weight=\"67\" data-block-id=\"40\">\n<p class=\"content-text__container \" data-track-category=\"Link no Texto\" data-track-links=\"\">Martell \u00e9 conhecido por conseguir acordos judiciais e ter defendido casos famosos e midi\u00e1ticos na\u00a0<a href=\"https:\/\/g1.globo.com\/tudo-sobre\/espanha\/\">Espanha<\/a>, como o do jogador argentino Lionel Messi, acusado de fraude fiscal quando jogava no Barcelona. Messi acabou condenado a 21 meses de pris\u00e3o no caso, mas n\u00e3o cumpriu pena por uma brecha na lei espanhola, que permite liberdade a condenados a menos de dois anos de pris\u00e3o sem antecedentes criminais.<\/p>\n<\/div>\n<\/div>\n<div class=\"mc-column content-text active-extra-styles\" data-block-type=\"raw\" data-block-weight=\"5\" data-block-id=\"41\">\n<div class=\"content-intertitle\">\n<h2>Nova lei sobre viol\u00eancia sexual<\/h2>\n<\/div>\n<\/div>\n<div id=\"chunk-cf2ff\">\n<div class=\"mc-column content-text active-extra-styles \" data-block-type=\"unstyled\" data-block-weight=\"25\" data-block-id=\"42\">\n<p class=\"content-text__container \" data-track-category=\"Link no Texto\" data-track-links=\"\">Um dos grandes desafios da defesa de Daniel Alves \u00e9 a nova lei contra a viol\u00eancia sexual aprovada na Espanha no fim do ano passado.<\/p>\n<\/div>\n<\/div>\n<div id=\"chunk-e8jec\">\n<div class=\"mc-column content-text active-extra-styles \" data-block-type=\"unstyled\" data-block-weight=\"34\" data-block-id=\"43\">\n<p class=\"content-text__container \" data-track-category=\"Link no Texto\" data-track-links=\"\"><a href=\"https:\/\/g1.globo.com\/mundo\/noticia\/2022\/11\/18\/nova-lei-espanhola-para-ampliar-casos-enquadrados-em-violencia-sexual-e-usada-para-diminuir-pena-de-condenados-entenda.ghtml\">Conhecida como &#8220;Solo s\u00ed es s\u00ed&#8221; (&#8220;Apenas sim quer dizer sim&#8221;, em tradu\u00e7\u00e3o livre),\u00a0<\/a>a nova medida \u00e9 focada no consentimento expl\u00edcito da v\u00edtima, o que, neste caso, n\u00e3o foi feita, segundo a acusa\u00e7\u00e3o.<\/p>\n<\/div>\n<\/div>\n<div id=\"chunk-84ebj\">\n<div class=\"bs-video-block mc-column  content-media content-video\" data-block-type=\"backstage-video\" data-block-id=\"44\">\n<div class=\"content-media__container\">\n<div class=\"content-video__bigger-player-description-fixer\">\n<article class=\"content-video\">\n<section class=\"content-video__video-container\">\n<div class=\"content-video__video\">\n<div class=\"content-video__placeholder\" data-video-id=\"6694113\" data-video-has-viewport-play=\"True\"><img class=\"content-video__placeholder__thumb\" title=\"Senten\u00e7a de jovens acusados de estupro causa revolta na Espanha\" src=\"https:\/\/s02.video.glbimg.com\/x240\/6694113.jpg\" alt=\"Senten\u00e7a de jovens acusados de estupro causa revolta na Espanha\" \/><\/div>\n<div id=\"wp3-player-5\" class=\"clappr-player video-rec-after-end--enabled clappr-detach--is-detached clappr-detach--is-detached__visible\" tabindex=\"9999\" data-player=\"\">\n<div class=\"dfp-ad-overlay dfp-ad-overlay--poster-mode\">\n<div><\/div>\n<\/div>\n<\/div>\n<\/div>\n<\/section>\n<\/article>\n<\/div>\n<p class=\"content-media__description\">Senten\u00e7a de jovens acusados de estupro causa revolta na Espanha<\/p>\n<\/div>\n<\/div>\n<\/div>\n<div id=\"chunk-70d1v\">\n<div class=\"content-ads content-ads--reveal\" data-block-type=\"ads\" data-block-id=\"45\">\n<div id=\"banner_materia__caf6e372-24f2-4542-9e28-148fc5b413b6\" class=\"tag-manager-publicidade-container mc-has-reveal mc-has-ad-lazyload tag-manager-publicidade-banner_materia__caf6e372-24f2-4542-9e28-148fc5b413b6 tag-manager-publicidade-container--carregado tag-manager-publicidade-container--visivel\" data-id=\"banner_materia__caf6e372-24f2-4542-9e28-148fc5b413b6\" data-google-query-id=\"CJvgtoP34PwCFZGRlQId4C4APQ\">\n<div id=\"google_ads_iframe_\/95377733\/tvg_G1\/Mundo_8__container__\">Depoimentos de prima e amiga<\/div>\n<\/div>\n<\/div>\n<\/div>\n<div class=\"mc-column content-text active-extra-styles\" data-block-type=\"raw\" data-block-weight=\"5\" data-block-id=\"46\">\n<p>O jornal espanhol La Vanguardia publicou nesta ter\u00e7a que <span class=\"highlight highlighted\">a jovem de 23 anos estava na boate na companhia de uma prima e uma amiga.<\/span><\/p>\n<\/div>\n<div data-track-category=\"multicontent\" data-track-action=\"ultimo chunk conteudo\" data-track-noninteraction=\"false\" data-track-scroll=\"view\">\n<div id=\"chunk-2klq8\">\n<div class=\"mc-column content-text active-extra-styles \" data-block-type=\"unstyled\" data-block-weight=\"38\" data-block-id=\"48\">\n<p class=\"content-text__container \" data-track-category=\"Link no Texto\" data-track-links=\"\">De acordo com a reportagem, uma delas disse em depoimento que Daniel Alves a tocou violentamente e colocou a m\u00e3o em suas partes \u00edntimas. A testemunha disse que conseguiu se safar e se afastar do jogador.<\/p>\n<\/div>\n<\/div>\n<\/div>\n<\/div>\n<\/article>\n<\/div>\n","protected":false},"excerpt":{"rendered":"<p>Jogador est\u00e1 sendo acusado de estupro e agress\u00e3o sexual na Espanha. Ap\u00f3s contradi\u00e7\u00e3o no depoimento, ele afirmou que a rela\u00e7\u00e3o foi consentida, o que a jovem de 23 anos nega. Entenda pris\u00e3o preventiva de Daniel Alves por suposta agress\u00e3o sexual na Espanha Preso desde a semana passada, o jogador Daniel Alves est\u00e1 no centro de [&hellip;]<\/p>\n","protected":false},"author":2,"featured_media":0,"comment_status":"open","ping_status":"open","sticky":false,"template":"","format":"standard","meta":{"_links_to":"","_links_to_target":""},"categories":[7,9,8,1],"tags":[],"_links":{"self":[{"href":"https:\/\/www.ilheusnoticias.net.br\/v1\/wp-json\/wp\/v2\/posts\/30736"}],"collection":[{"href":"https:\/\/www.ilheusnoticias.net.br\/v1\/wp-json\/wp\/v2\/posts"}],"about":[{"href":"https:\/\/www.ilheusnoticias.net.br\/v1\/wp-json\/wp\/v2\/types\/post"}],"author":[{"embeddable":true,"href":"https:\/\/www.ilheusnoticias.net.br\/v1\/wp-json\/wp\/v2\/users\/2"}],"replies":[{"embeddable":true,"href":"https:\/\/www.ilheusnoticias.net.br\/v1\/wp-json\/wp\/v2\/comments?post=30736"}],"version-history":[{"count":1,"href":"https:\/\/www.ilheusnoticias.net.br\/v1\/wp-json\/wp\/v2\/posts\/30736\/revisions"}],"predecessor-version":[{"id":30737,"href":"https:\/\/www.ilheusnoticias.net.br\/v1\/wp-json\/wp\/v2\/posts\/30736\/revisions\/30737"}],"wp:attachment":[{"href":"https:\/\/www.ilheusnoticias.net.br\/v1\/wp-json\/wp\/v2\/media?parent=30736"}],"wp:term":[{"taxonomy":"category","embeddable":true,"href":"https:\/\/www.ilheusnoticias.net.br\/v1\/wp-json\/wp\/v2\/categories?post=30736"},{"taxonomy":"post_tag","embeddable":true,"href":"https:\/\/www.ilheusnoticias.net.br\/v1\/wp-json\/wp\/v2\/tags?post=30736"}],"curies":[{"name":"wp","href":"https:\/\/api.w.org\/{rel}","templated":true}]}}