{"id":30732,"date":"2023-01-24T08:36:44","date_gmt":"2023-01-24T11:36:44","guid":{"rendered":"https:\/\/www.ilheusnoticias.net.br\/v1\/?p=30732"},"modified":"2023-01-24T08:36:44","modified_gmt":"2023-01-24T11:36:44","slug":"a-8-dias-da-eleicao-deputados-intensificam-negociacao-por-cargos-na-direcao-da-camara","status":"publish","type":"post","link":"https:\/\/www.ilheusnoticias.net.br\/v1\/2023\/01\/24\/a-8-dias-da-eleicao-deputados-intensificam-negociacao-por-cargos-na-direcao-da-camara\/","title":{"rendered":"A 8 dias da elei\u00e7\u00e3o, deputados intensificam negocia\u00e7\u00e3o por cargos na dire\u00e7\u00e3o da C\u00e2mara"},"content":{"rendered":"<div class=\"row content-head non-featured \">\n<div class=\"title\" data-block-type=\"title\" data-block-id=\"0\">\n<h1 class=\"content-head__title\"><span style=\"font-size: 16px;\">Presidente da Casa, Arthur Lira (PP-AL), \u00e9 o favorito \u00e0 recondu\u00e7\u00e3o na elei\u00e7\u00e3o marcada para o dia 1\u00ba de fevereiro. Deputados disputam outras dez fun\u00e7\u00f5es da Mesa Diretora.<\/span><\/h1>\n<\/div>\n<\/div>\n<div class=\"content__signa-share\">\n<div class=\"content__signature\">\n<div class=\"content-publication-data\">\n<div class=\"content-publication-data__text\">\n<p class=\"content-publication-data__from\" title=\"Elisa Clavery, TV Globo\">Por Elisa Clavery, TV Globo\u00a0\u2014 Bras\u00edlia<\/p>\n<p class=\"content-publication-data__updated\"><img loading=\"lazy\" class=\"i-amphtml-fill-content i-amphtml-replaced-content\" src=\"https:\/\/s2.glbimg.com\/hWmPya4J-Ij7L0-y3DDftVu-zhg=\/0x0:3543x2362\/1008x0\/smart\/filters:strip_icc()\/i.s3.glbimg.com\/v1\/AUTH_59edd422c0c84a879bd37670ae4f538a\/internal_photos\/bs\/2022\/I\/c\/tkS3v9TFaKDKoo7VVTRg\/img20220713111420077.jpg\" srcset=\"\" alt=\"Plen\u00e1rio da C\u00e2mara dos Deputados durante sess\u00e3o em dezembro de 2022 \u2014 Foto: Elaine Menke\/C\u00e2mara dos Deputados\" width=\"582\" height=\"388\" \/><\/p>\n<\/div>\n<\/div>\n<\/div>\n<\/div>\n<div class=\"mc-article-body\">\n<article>\n<div id=\"chunk-4n488\">\n<div class=\"row medium-uncollapsed content-media content-photo\" data-block-type=\"backstage-photo\" data-block-id=\"1\">\n<div class=\"column medium-22 large-20 medium-centered content-media__container\">\n<p class=\"content-media__description \">Plen\u00e1rio da C\u00e2mara dos Deputados durante sess\u00e3o em dezembro de 2022 \u2014 Foto: Elaine Menke\/C\u00e2mara dos Deputados<\/p>\n<\/div>\n<\/div>\n<\/div>\n<div id=\"chunk-agtmk\">\n<div class=\"mc-column content-text active-extra-styles \" data-block-type=\"unstyled\" data-block-weight=\"27\" data-block-id=\"3\">\n<p class=\"content-text__container \" data-track-category=\"Link no Texto\" data-track-links=\"\">A oito dias da elei\u00e7\u00e3o da nova Mesa Diretora da C\u00e2mara, deputados intensificaram as negocia\u00e7\u00f5es em torno da divis\u00e3o de cargos e das presid\u00eancias das comiss\u00f5es.<\/p>\n<\/div>\n<\/div>\n<div class=\"wall protected-content\">\n<div id=\"chunk-f29pl\">\n<div class=\"mc-column content-text active-extra-styles \" data-block-type=\"unstyled\" data-block-weight=\"19\" data-block-id=\"4\">\n<p class=\"content-text__container \" data-track-category=\"Link no Texto\" data-track-links=\"\">Embora a defini\u00e7\u00e3o sobre o comando dos colegiados n\u00e3o esteja em disputa, os acordos tamb\u00e9m s\u00e3o costurados neste momento.<\/p>\n<\/div>\n<\/div>\n<div id=\"chunk-8o78a\">\n<div class=\"mc-column content-text active-extra-styles \" data-block-type=\"unstyled\" data-block-weight=\"39\" data-block-id=\"5\">\n<p class=\"content-text__container \" data-track-category=\"Link no Texto\" data-track-links=\"\">Na elei\u00e7\u00e3o, marcada para o dia 1\u00ba de fevereiro, 11 fun\u00e7\u00f5es da Mesa Diretora est\u00e3o em disputa, todas com mandato de dois anos. A principal cadeira da C\u00e2mara, a de presidente da Casa, est\u00e1 entre as disputadas pelos parlamentares.<\/p>\n<\/div>\n<\/div>\n<div id=\"chunk-9saff\">\n<div class=\"mc-column content-text active-extra-styles \" data-block-type=\"unstyled\" data-block-weight=\"46\" data-block-id=\"6\">\n<p class=\"content-text__container \" data-track-category=\"Link no Texto\" data-track-links=\"\">O atual presidente,\u00a0<a href=\"https:\/\/g1.globo.com\/politica\/politico\/arthur-lira\/\">Arthur Lira<\/a>\u00a0(<a href=\"https:\/\/g1.globo.com\/politica\/partido\/pp\/\">PP<\/a>-AL), concorre \u00e0 reelei\u00e7\u00e3o e \u00e9 o favorito na disputa, j\u00e1 que ter\u00e1\u00a0<a href=\"https:\/\/g1.globo.com\/politica\/noticia\/2022\/11\/29\/pt-pv-pcdob-e-psb-anunciam-apoio-a-reeleicao-de-arthur-lira-como-presidente-da-camara.ghtml\">apoio da maioria dos partidos e deve reunir votos de diferentes correntes pol\u00edticas<\/a>, como a do\u00a0<a href=\"https:\/\/g1.globo.com\/politica\/partido\/pt\/\">PT<\/a>, do presidente\u00a0<a href=\"https:\/\/g1.globo.com\/politica\/politico\/lula\/\">Lula<\/a>, e a do\u00a0<a href=\"https:\/\/g1.globo.com\/politica\/partido\/pl\/\">PL<\/a>, do ex-presidente\u00a0<a href=\"https:\/\/g1.globo.com\/politica\/politico\/jair-bolsonaro\/\">Jair Bolsonaro<\/a>.<\/p>\n<\/div>\n<\/div>\n<div id=\"chunk-buq7j\">\n<div class=\"content-ads content-ads--reveal\" data-block-type=\"ads\" data-block-id=\"7\">\n<div id=\"banner_materia2\" class=\"tag-manager-publicidade-container mc-has-reveal mc-has-ad-lazyload tag-manager-publicidade-banner_materia2 tag-manager-publicidade-container--carregado tag-manager-publicidade-container--visivel\" data-id=\"banner_materia2\" data-google-query-id=\"CLvNjZiO4PwCFVW7lQId5RoFbw\">\n<div id=\"google_ads_iframe_\/95377733\/tvg_G1\/Politica_3__container__\">Nos \u00faltimos dias, Lira tem se reunido com as bancadas estaduais na resid\u00eancia oficial da C\u00e2mara e ouvido as demandas dos parlamentares. A previs\u00e3o \u00e9 que novas reuni\u00f5es ainda aconte\u00e7am ao longo desta semana.<\/div>\n<\/div>\n<\/div>\n<\/div>\n<div id=\"chunk-ene88\">\n<div class=\"mc-column content-text active-extra-styles \" data-block-type=\"unstyled\" data-block-weight=\"34\" data-block-id=\"9\">\n<p class=\"content-text__container \" data-track-category=\"Link no Texto\" data-track-links=\"\">Com menos chances, o deputado federal eleito\u00a0<a href=\"https:\/\/g1.globo.com\/politica\/politico\/chico-alencar\/\">Chico Alencar<\/a>\u00a0(<a href=\"https:\/\/g1.globo.com\/politica\/partido\/psol\/\">PSOL<\/a>-RJ) tamb\u00e9m anunciou que concorrer\u00e1 \u00e0 presid\u00eancia da Casa. A federa\u00e7\u00e3o PSOL\/<a href=\"https:\/\/g1.globo.com\/politica\/partido\/rede\/\">Rede<\/a>\u00a0elegeu 14 deputados para a pr\u00f3xima legislatura, que ser\u00e1 empossada na pr\u00f3xima semana.<\/p>\n<\/div>\n<\/div>\n<div id=\"chunk-afv9j\">\n<div class=\"mc-column content-text active-extra-styles \" data-block-type=\"unstyled\" data-block-weight=\"35\" data-block-id=\"10\">\n<p class=\"content-text__container \" data-track-category=\"Link no Texto\" data-track-links=\"\">A elei\u00e7\u00e3o para os cargos em disputa \u00e9 secreta e feita em uma urna eletr\u00f4nica.\u00a0<strong><span class=\"highlight highlighted\">Pelo menos nove cabines j\u00e1 foram instaladas no Sal\u00e3o Verde da Casa, em frente ao plen\u00e1rio<\/span><\/strong>\u00a0(<em>veja na imagem abaixo<\/em>).<\/p>\n<\/div>\n<\/div>\n<div id=\"chunk-3ipjt\">\n<div class=\"row medium-uncollapsed content-media content-photo\" data-block-type=\"backstage-photo\" data-block-id=\"11\">\n<div class=\"mc-column content-media__container\">\n<div class=\"content-media-container glb-skeleton-box\">\n<figure class=\"content-media-figure\"><img class=\"i-amphtml-fill-content i-amphtml-replaced-content\" src=\"https:\/\/s2.glbimg.com\/yF9-FelZ4nk9HE7xD3Ytp_y9vvM=\/0x120:1600x1200\/984x0\/smart\/filters:strip_icc()\/i.s3.glbimg.com\/v1\/AUTH_59edd422c0c84a879bd37670ae4f538a\/internal_photos\/bs\/2023\/N\/c\/u28Lw0RQSZizAU2y1Vww\/whatsapp-image-2023-01-23-at-19.37.00-2-.jpeg\" sizes=\"(max-width: 1707px) 648px, 100vw\" srcset=\"https:\/\/s2.glbimg.com\/QoJwH5g3qUSIck7Mcm_Y-ilrFJM=\/0x120:1600x1200\/1000x0\/smart\/filters:strip_icc()\/i.s3.glbimg.com\/v1\/AUTH_59edd422c0c84a879bd37670ae4f538a\/internal_photos\/bs\/2023\/N\/c\/u28Lw0RQSZizAU2y1Vww\/whatsapp-image-2023-01-23-at-19.37.00-2-.jpeg 1000w, https:\/\/s2.glbimg.com\/yF9-FelZ4nk9HE7xD3Ytp_y9vvM=\/0x120:1600x1200\/984x0\/smart\/filters:strip_icc()\/i.s3.glbimg.com\/v1\/AUTH_59edd422c0c84a879bd37670ae4f538a\/internal_photos\/bs\/2023\/N\/c\/u28Lw0RQSZizAU2y1Vww\/whatsapp-image-2023-01-23-at-19.37.00-2-.jpeg 984w, https:\/\/s2.glbimg.com\/TrBKJt6O6YtJYnJ9DmicTCSbdFQ=\/0x120:1600x1200\/640x0\/smart\/filters:strip_icc()\/i.s3.glbimg.com\/v1\/AUTH_59edd422c0c84a879bd37670ae4f538a\/internal_photos\/bs\/2023\/N\/c\/u28Lw0RQSZizAU2y1Vww\/whatsapp-image-2023-01-23-at-19.37.00-2-.jpeg 640w, https:\/\/s2.glbimg.com\/rkT5-6p-wEtgcaqESTTpF8XgN7o=\/0x120:1600x1200\/600x0\/smart\/filters:strip_icc()\/i.s3.glbimg.com\/v1\/AUTH_59edd422c0c84a879bd37670ae4f538a\/internal_photos\/bs\/2023\/N\/c\/u28Lw0RQSZizAU2y1Vww\/whatsapp-image-2023-01-23-at-19.37.00-2-.jpeg 600w\" alt=\"Cabines para vota\u00e7\u00e3o na elei\u00e7\u00e3o da Mesa Diretora da C\u00e2mara j\u00e1 foram instaladas no Sal\u00e3o Verde \u2014 Foto: Elisa Clavery\/TV Globo\" \/><\/figure>\n<\/div>\n<p class=\"content-media__description \">Cabines para vota\u00e7\u00e3o na elei\u00e7\u00e3o da Mesa Diretora da C\u00e2mara j\u00e1 foram instaladas no Sal\u00e3o Verde \u2014 Foto: Elisa Clavery\/TV Globo<\/p>\n<\/div>\n<\/div>\n<\/div>\n<div class=\"mc-column content-text active-extra-styles\" data-block-type=\"raw\" data-block-weight=\"4\" data-block-id=\"13\">\n<div class=\"content-intertitle\">\n<h2>Vagas na Mesa Diretora<\/h2>\n<\/div>\n<\/div>\n<div id=\"chunk-cm4q8\">\n<div class=\"mc-column content-text active-extra-styles \" data-block-type=\"unstyled\" data-block-weight=\"51\" data-block-id=\"14\">\n<p class=\"content-text__container \" data-track-category=\"Link no Texto\" data-track-links=\"\">Embora a elei\u00e7\u00e3o para a presid\u00eancia da Casa j\u00e1 pare\u00e7a decidida \u2013<a href=\"https:\/\/g1.globo.com\/politica\/noticia\/2021\/02\/01\/arthur-lira-do-pp-e-eleito-presidente-da-camara-em-1o-turno-com-apoio-de-bolsonaro.ghtml\">\u00a0e menos concorrida que a de 2021,\u00a0<\/a>quando Lira teve como principal concorrente o deputado e presidente do\u00a0<a href=\"https:\/\/g1.globo.com\/politica\/partido\/mdb\/\">MDB<\/a>,\u00a0<a href=\"https:\/\/g1.globo.com\/politica\/politico\/baleia-rossi\/\">Baleia Rossi<\/a>\u00a0(SP) \u2013 os demais cargos na Mesa e as presid\u00eancias das comiss\u00f5es ainda s\u00e3o negociados pelas lideran\u00e7as partid\u00e1rias.<\/p>\n<\/div>\n<\/div>\n<div id=\"chunk-99ip6\">\n<div class=\"mc-column content-text active-extra-styles \" data-block-type=\"unstyled\" data-block-weight=\"27\" data-block-id=\"15\">\n<p class=\"content-text__container \" data-track-category=\"Link no Texto\" data-track-links=\"\">Partido com a maior bancada eleita, o PL dever\u00e1 ter um cargo de destaque na Mesa Diretora. Segundo parlamentares, o partido briga pela vice-presid\u00eancia da Casa.<\/p>\n<\/div>\n<\/div>\n<div id=\"chunk-2jo99\">\n<div class=\"mc-column content-text active-extra-styles \" data-block-type=\"unstyled\" data-block-weight=\"38\" data-block-id=\"16\">\n<p class=\"content-text__container \" data-track-category=\"Link no Texto\" data-track-links=\"\">Um nome que est\u00e1 bem encaminhado at\u00e9 o momento \u00e9 o de S\u00f3stenes Cavalcante (PL-RJ), aliado de Bolsonaro e presidente da bancada evang\u00e9lica. O partido deve bater o martelo sobre esta defini\u00e7\u00e3o em reuni\u00e3o no pr\u00f3ximo dia 30.<\/p>\n<\/div>\n<\/div>\n<div id=\"chunk-fd0cs\">\n<div class=\"mc-column content-text active-extra-styles \" data-block-type=\"unstyled\" data-block-weight=\"39\" data-block-id=\"17\">\n<p class=\"content-text__container \" data-track-category=\"Link no Texto\" data-track-links=\"\">J\u00e1 o PT decidiu lan\u00e7ar a deputada\u00a0<a href=\"http:\/\/g1.globo.com\/politica\/politico\/maria-do-rosario-nunes.html\">Maria do Ros\u00e1rio<\/a>\u00a0(RS) para uma fun\u00e7\u00e3o na Mesa. A parlamentar, inclusive, tem participado de reuni\u00f5es de Lira e deputados nos \u00faltimos dias. O cargo que ela ocupar\u00e1, contudo, ainda est\u00e1 indefinido.<\/p>\n<\/div>\n<\/div>\n<div id=\"chunk-7kob9\">\n<div class=\"mc-column content-text active-extra-styles \" data-block-type=\"unstyled\" data-block-weight=\"25\" data-block-id=\"18\">\n<p class=\"content-text__container \" data-track-category=\"Link no Texto\" data-track-links=\"\">Al\u00e9m da presid\u00eancia da C\u00e2mara, ser\u00e3o definidos outros dez cargos na Mesa Diretora, respons\u00e1veis pela condu\u00e7\u00e3o dos trabalhos legislativos e administra\u00e7\u00e3o da Casa. S\u00e3o eles:<\/p>\n<\/div>\n<\/div>\n<div class=\"mc-column content-text active-extra-styles\" data-block-type=\"raw\" data-block-weight=\"105\" data-block-id=\"19\">\n<ul class=\"content-unordered-list\">\n<li><strong>1\u00ba Vice-presidente<\/strong>: substitui o presidente e elabora pareceres sobre projetos de resolu\u00e7\u00e3o<\/li>\n<li><strong>2\u00ba Vice-presidente<\/strong>: substitui o presidente ou o 1\u00ba vice e examina os pedidos de ressarcimento de despesa m\u00e9dica dos deputados<\/li>\n<li><strong>1\u00ba Secret\u00e1rio<\/strong>: \u00e9 respons\u00e1vel pelo gerenciamento das despesas da C\u00e2mara, aprovando, por exemplo, obras e reformas<\/li>\n<li><strong>2\u00ba Secret\u00e1rio<\/strong>: trata de assuntos pertinentes a passaportes diplom\u00e1ticos<\/li>\n<li><strong>3\u00ba Secret\u00e1rio<\/strong>: autoriza reembolso de passagens a\u00e9reas e analisa pedidos de licen\u00e7a e justificativas de faltas<\/li>\n<li><strong>4\u00ba Secret\u00e1rio<\/strong>: supervisiona a concess\u00e3o de apartamentos funcionais ou o pagamento de aux\u00edlio-moradia aos deputados<\/li>\n<li><strong>Quatro suplentes de secret\u00e1rios<\/strong>, que substituem os titulares em suas aus\u00eancias e participam de reuni\u00f5es da Mesa<\/li>\n<\/ul>\n<\/div>\n<div class=\"mc-column content-text active-extra-styles\" data-block-type=\"raw\" data-block-weight=\"1\" data-block-id=\"21\">\n<div class=\"content-intertitle\">\n<h2>Comiss\u00f5es<\/h2>\n<\/div>\n<\/div>\n<div id=\"chunk-aqki7\">\n<div class=\"mc-column content-text active-extra-styles \" data-block-type=\"unstyled\" data-block-weight=\"33\" data-block-id=\"22\">\n<p class=\"content-text__container \" data-track-category=\"Link no Texto\" data-track-links=\"\">Ainda n\u00e3o h\u00e1 consenso sobre a defini\u00e7\u00e3o da presid\u00eancia da Comiss\u00e3o de Constitui\u00e7\u00e3o, Justi\u00e7a e Cidadania (CCJ), a mais importante da C\u00e2mara j\u00e1 que a maioria das propostas precisa, necessariamente, tramitar por l\u00e1.<\/p>\n<\/div>\n<\/div>\n<div id=\"chunk-2fima\">\n<div class=\"mc-column content-text active-extra-styles \" data-block-type=\"unstyled\" data-block-weight=\"39\" data-block-id=\"23\">\n<p class=\"content-text__container \" data-track-category=\"Link no Texto\" data-track-links=\"\">Deputados do PT querem o comando do colegiado ou, ao menos, que um aliado do governo presida a comiss\u00e3o. O receio do partido \u00e9 que, nas m\u00e3os de um deputado bolsonarista, a comiss\u00e3o paralise pautas de interesse do governo.<\/p>\n<\/div>\n<\/div>\n<div id=\"chunk-2jkci\">\n<div class=\"mc-column content-text active-extra-styles \" data-block-type=\"unstyled\" data-block-weight=\"35\" data-block-id=\"24\">\n<p class=\"content-text__container \" data-track-category=\"Link no Texto\" data-track-links=\"\">Por outro lado, a presid\u00eancia da CCJ tamb\u00e9m \u00e9 cobi\u00e7ada pelo PL. Deputados do partido tentam um acordo para que a sigla comande a comiss\u00e3o por dois anos e o PT, por um ano.<\/p>\n<\/div>\n<\/div>\n<div id=\"chunk-3rd5h\">\n<div class=\"mc-column content-text active-extra-styles \" data-block-type=\"unstyled\" data-block-weight=\"48\" data-block-id=\"25\">\n<p class=\"content-text__container \" data-track-category=\"Link no Texto\" data-track-links=\"\">A Comiss\u00e3o Mista de Or\u00e7amento (CMO) tamb\u00e9m \u00e9 alvo de disputa. Vinculado ao\u00a0<a href=\"https:\/\/g1.globo.com\/tudo-sobre\/congresso-nacional\/\">Congresso Nacional<\/a>, o colegiado \u00e9 respons\u00e1vel, por exemplo, por debater e aprovar o projeto de Lei de Diretrizes Or\u00e7ament\u00e1rias (PLDO) e o Projeto de Lei Or\u00e7ament\u00e1ria Anual (PLOA), al\u00e9m de outras propostas de cr\u00e9dito extra.<\/p>\n<\/div>\n<\/div>\n<div id=\"chunk-7qnt4\">\n<div class=\"mc-column content-text active-extra-styles \" data-block-type=\"unstyled\" data-block-weight=\"33\" data-block-id=\"26\">\n<p class=\"content-text__container \" data-track-category=\"Link no Texto\" data-track-links=\"\">Por tratar de quest\u00f5es or\u00e7ament\u00e1rias, o comando da CMO \u00e9 tamb\u00e9m muito cobi\u00e7ado por parlamentares. L\u00e1, a presid\u00eancia \u00e9 revezada, a cada ano, entre um deputado e um senador, assim como a relatoria.<\/p>\n<\/div>\n<\/div>\n<div id=\"chunk-35d51\">\n<div class=\"mc-column content-text active-extra-styles \" data-block-type=\"unstyled\" data-block-weight=\"15\" data-block-id=\"27\">\n<p class=\"content-text__container \" data-track-category=\"Link no Texto\" data-track-links=\"\">Segundo parlamentares do PL, o partido tamb\u00e9m ir\u00e1 pleitear dois anos da presid\u00eancia da comiss\u00e3o.<\/p>\n<\/div>\n<\/div>\n<div class=\"mc-column content-text active-extra-styles\" data-block-type=\"raw\" data-block-weight=\"3\" data-block-id=\"29\">\n<div class=\"content-intertitle\">\n<h2>Forma\u00e7\u00e3o de blocos<\/h2>\n<\/div>\n<p>O tamanho das bancadas \u00e9 levado em conta para a distribui\u00e7\u00e3o das vagas na Mesa Diretora e tamb\u00e9m para a distribui\u00e7\u00e3o das presid\u00eancias das comiss\u00f5es.<\/p>\n<\/div>\n<div id=\"chunk-p7o7\">\n<div class=\"mc-column content-text active-extra-styles \" data-block-type=\"unstyled\" data-block-weight=\"18\" data-block-id=\"31\">\n<p class=\"content-text__container \" data-track-category=\"Link no Texto\" data-track-links=\"\">Regimentalmente, os maiores blocos ou partidos t\u00eam a prefer\u00eancia para fazer a escolha dos cargos e das comiss\u00f5es.<\/p>\n<\/div>\n<\/div>\n<div id=\"chunk-dui7c\">\n<div class=\"mc-column content-text active-extra-styles \" data-block-type=\"unstyled\" data-block-weight=\"24\" data-block-id=\"32\">\n<p class=\"content-text__container \" data-track-category=\"Link no Texto\" data-track-links=\"\">Partido com maior bancada, o PL elegeu 99 deputados e teria a prefer\u00eancia das escolhas, caso os partidos n\u00e3o se unissem em blocos.<\/p>\n<\/div>\n<\/div>\n<div id=\"chunk-3846a\">\n<div class=\"mc-column content-text active-extra-styles \" data-block-type=\"unstyled\" data-block-weight=\"32\" data-block-id=\"33\">\n<p class=\"content-text__container \" data-track-category=\"Link no Texto\" data-track-links=\"\">\u00c9 por isso que o PT articula a forma\u00e7\u00e3o de um bloco unindo, por exemplo, siglas que fazem parte do seu governo, como o MDB, o\u00a0<a href=\"https:\/\/g1.globo.com\/politica\/partido\/uniao-brasil\/\">Uni\u00e3o Brasil<\/a>\u00a0e o\u00a0<a href=\"https:\/\/g1.globo.com\/politica\/partido\/psd\/\">PSD<\/a>.<\/p>\n<\/div>\n<\/div>\n<div id=\"chunk-2910v\">\n<div class=\"mc-column content-text active-extra-styles \" data-block-type=\"unstyled\" data-block-weight=\"20\" data-block-id=\"34\">\n<p class=\"content-text__container \" data-track-category=\"Link no Texto\" data-track-links=\"\">O atual l\u00edder do PT,\u00a0<a href=\"https:\/\/g1.globo.com\/politica\/politico\/reginaldo-lazaro-de-oliveira-lopes\/\">Reginaldo Lopes<\/a>\u00a0(MG), contudo, disse que n\u00e3o h\u00e1 inten\u00e7\u00e3o do governo de &#8220;isolar&#8221; o PL.<\/p>\n<\/div>\n<\/div>\n<div id=\"chunk-birkk\">\n<div class=\"mc-column content-text active-extra-styles \" data-block-type=\"unstyled\" data-block-weight=\"21\" data-block-id=\"35\">\n<p class=\"content-text__container \" data-track-category=\"Link no Texto\" data-track-links=\"\"><a href=\"https:\/\/g1.globo.com\/politica\/partido\/psb\/\">PSB<\/a>\u00a0e\u00a0<a href=\"https:\/\/g1.globo.com\/politica\/partido\/pdt\/\">PDT<\/a>, partidos que elegeram respectivamente 14 e 17 deputados, tamb\u00e9m avaliam a possibilidade de formar um bloco \u00fanico.<\/p>\n<\/div>\n<\/div>\n<div id=\"chunk-4mem1\">\n<div class=\"mc-column content-text active-extra-styles \" data-block-type=\"unstyled\" data-block-weight=\"20\" data-block-id=\"36\">\n<p class=\"content-text__container \" data-track-category=\"Link no Texto\" data-track-links=\"\">Apesar de apoiarem o governo Lula, parlamentares desses partidos calculam que a uni\u00e3o garantiria melhor poder de escolha \u00e0s siglas.<\/p>\n<\/div>\n<\/div>\n<div class=\"mc-column content-text active-extra-styles\" data-block-type=\"raw\" data-block-weight=\"3\" data-block-id=\"37\">\n<div class=\"content-intertitle\">\n<h2>Vota\u00e7\u00e3o e regras<\/h2>\n<\/div>\n<\/div>\n<div id=\"chunk-7prpn\">\n<div class=\"mc-column content-text active-extra-styles \" data-block-type=\"unstyled\" data-block-weight=\"42\" data-block-id=\"38\">\n<p class=\"content-text__container \" data-track-category=\"Link no Texto\" data-track-links=\"\">Segundo comunicado encaminhado por Arthur Lira aos deputados, a sess\u00e3o para elei\u00e7\u00e3o dos cargos da Mesa est\u00e1 prevista para as 16h30 do dia 1\u00ba de fevereiro. No mesmo dia, pela manh\u00e3, est\u00e1 agendada a posse dos deputados federais eleitos e j\u00e1 diplomados.<\/p>\n<\/div>\n<\/div>\n<div id=\"chunk-6v1a8\">\n<div class=\"mc-column content-text active-extra-styles \" data-block-type=\"unstyled\" data-block-weight=\"4\" data-block-id=\"40\">\n<p class=\"content-text__container \" data-track-category=\"Link no Texto\" data-track-links=\"\">O cronograma previsto \u00e9:<\/p>\n<\/div>\n<\/div>\n<div class=\"mc-column content-text active-extra-styles\" data-block-type=\"raw\" data-block-weight=\"61\" data-block-id=\"41\">\n<ul class=\"content-unordered-list\">\n<li><strong>10h\u00a0<\/strong>&#8211; Sess\u00e3o preparat\u00f3ria de posse dos 513 deputados eleitos<\/li>\n<li><strong>13h\u00a0<\/strong>&#8211; Prazo limite para a forma\u00e7\u00e3o de blocos parlamentares<\/li>\n<li><strong>14h\u00a0<\/strong>&#8211; Reuni\u00e3o de l\u00edderes para a escolha dos cargos da Mesa Diretora<\/li>\n<li><strong>15h30\u00a0<\/strong>&#8211; Prazo limite para o registro de candidaturas e sorteio da ordem dos candidatos na urna eletr\u00f4nica<\/li>\n<li><strong>16h30\u00a0<\/strong>&#8211; Sess\u00e3o Preparat\u00f3ria para a elei\u00e7\u00e3o da Mesa Diretora<\/li>\n<\/ul>\n<p>&nbsp;<\/p>\n<\/div>\n<div id=\"chunk-5mp0k\">\n<div class=\"mc-column content-text active-extra-styles \" data-block-type=\"unstyled\" data-block-weight=\"15\" data-block-id=\"42\">\n<p class=\"content-text__container \" data-track-category=\"Link no Texto\" data-track-links=\"\">O qu\u00f3rum m\u00ednimo de vota\u00e7\u00e3o para os cargos na Mesa \u00e9 de 257 deputados.<\/p>\n<\/div>\n<\/div>\n<div id=\"chunk-64k2i\">\n<div class=\"mc-column content-text active-extra-styles \" data-block-type=\"unstyled\" data-block-weight=\"44\" data-block-id=\"43\">\n<p class=\"content-text__container \" data-track-category=\"Link no Texto\" data-track-links=\"\">Se um candidato receber a maioria absoluta dos votos, ele vence em primeiro turno. Por exemplo, se 400 deputados votarem, mesmo que haja votos em branco, s\u00e3o necess\u00e1rios 201 votos para o candidato levar em primeiro turno. A regra vale para todos os cargos.<\/p>\n<\/div>\n<\/div>\n<div id=\"chunk-2bk4s\">\n<div class=\"mc-column content-text active-extra-styles \" data-block-type=\"unstyled\" data-block-weight=\"20\" data-block-id=\"44\">\n<p class=\"content-text__container \" data-track-category=\"Link no Texto\" data-track-links=\"\">Se houver segundo turno, vence a elei\u00e7\u00e3o quem obtiver maioria simples dos votos, desde que haja qu\u00f3rum de 257 deputados.<\/p>\n<\/div>\n<\/div>\n<div id=\"chunk-7bems\">\n<div class=\"mc-column content-text active-extra-styles \" data-block-type=\"unstyled\" data-block-weight=\"42\" data-block-id=\"45\">\n<p class=\"content-text__container \" data-track-category=\"Link no Texto\" data-track-links=\"\">Na vota\u00e7\u00e3o, os deputados votam para todos os cargos da Mesa de uma vez. Em um primeiro momento, contudo, apenas o resultado do presidente da Casa \u00e9 divulgado. Ap\u00f3s tomar posse da fun\u00e7\u00e3o, o presidente eleito proclama o resultado dos demais cargos.<\/p>\n<\/div>\n<\/div>\n<\/div>\n<\/article>\n<\/div>\n","protected":false},"excerpt":{"rendered":"<p>Presidente da Casa, Arthur Lira (PP-AL), \u00e9 o favorito \u00e0 recondu\u00e7\u00e3o na elei\u00e7\u00e3o marcada para o dia 1\u00ba de fevereiro. Deputados disputam outras dez fun\u00e7\u00f5es da Mesa Diretora. Por Elisa Clavery, TV Globo\u00a0\u2014 Bras\u00edlia Plen\u00e1rio da C\u00e2mara dos Deputados durante sess\u00e3o em dezembro de 2022 \u2014 Foto: Elaine Menke\/C\u00e2mara dos Deputados A oito dias da [&hellip;]<\/p>\n","protected":false},"author":2,"featured_media":0,"comment_status":"open","ping_status":"open","sticky":false,"template":"","format":"standard","meta":{"_links_to":"","_links_to_target":""},"categories":[7,9,8,1],"tags":[],"_links":{"self":[{"href":"https:\/\/www.ilheusnoticias.net.br\/v1\/wp-json\/wp\/v2\/posts\/30732"}],"collection":[{"href":"https:\/\/www.ilheusnoticias.net.br\/v1\/wp-json\/wp\/v2\/posts"}],"about":[{"href":"https:\/\/www.ilheusnoticias.net.br\/v1\/wp-json\/wp\/v2\/types\/post"}],"author":[{"embeddable":true,"href":"https:\/\/www.ilheusnoticias.net.br\/v1\/wp-json\/wp\/v2\/users\/2"}],"replies":[{"embeddable":true,"href":"https:\/\/www.ilheusnoticias.net.br\/v1\/wp-json\/wp\/v2\/comments?post=30732"}],"version-history":[{"count":1,"href":"https:\/\/www.ilheusnoticias.net.br\/v1\/wp-json\/wp\/v2\/posts\/30732\/revisions"}],"predecessor-version":[{"id":30733,"href":"https:\/\/www.ilheusnoticias.net.br\/v1\/wp-json\/wp\/v2\/posts\/30732\/revisions\/30733"}],"wp:attachment":[{"href":"https:\/\/www.ilheusnoticias.net.br\/v1\/wp-json\/wp\/v2\/media?parent=30732"}],"wp:term":[{"taxonomy":"category","embeddable":true,"href":"https:\/\/www.ilheusnoticias.net.br\/v1\/wp-json\/wp\/v2\/categories?post=30732"},{"taxonomy":"post_tag","embeddable":true,"href":"https:\/\/www.ilheusnoticias.net.br\/v1\/wp-json\/wp\/v2\/tags?post=30732"}],"curies":[{"name":"wp","href":"https:\/\/api.w.org\/{rel}","templated":true}]}}