{"id":30730,"date":"2023-01-24T08:32:42","date_gmt":"2023-01-24T11:32:42","guid":{"rendered":"https:\/\/www.ilheusnoticias.net.br\/v1\/?p=30730"},"modified":"2023-01-24T08:32:42","modified_gmt":"2023-01-24T11:32:42","slug":"prefeitura-de-ilheus-realiza-atualizacao-cadastral-do-bolsa-familia-a-partir-do-dia-25-de-fevereiro","status":"publish","type":"post","link":"https:\/\/www.ilheusnoticias.net.br\/v1\/2023\/01\/24\/prefeitura-de-ilheus-realiza-atualizacao-cadastral-do-bolsa-familia-a-partir-do-dia-25-de-fevereiro\/","title":{"rendered":"Prefeitura de Ilh\u00e9us realiza atualiza\u00e7\u00e3o Cadastral do Bolsa Fam\u00edlia a partir do dia 25 de fevereiro"},"content":{"rendered":"<p class=\"dt_materia\">\n<div class=\"imagem thumbnail col-xs-12 col-sm-8 col-md-6 col-lg-6 imagem-materia\"><a class=\"fresco\" title=\"\" href=\"https:\/\/portalfacilarquivos.blob.core.windows.net\/uploads\/ILHEUS\/imgOrig\/%7B356ABCDA-CA8A-287E-B1B5-E1DBCACE42BD%7D.jpg\" data-fresco-caption=\"\"><img loading=\"lazy\" title=\"\" src=\"https:\/\/portalfacilarquivos.blob.core.windows.net\/uploads\/ILHEUS\/img\/%7B356ABCDA-CA8A-287E-B1B5-E1DBCACE42BD%7D\/%7B356ABCDA-CA8A-287E-B1B5-E1DBCACE42BD%7D_650X450.jpg\" alt=\"pesagem; bolsa fam\u00edlia; aux\u00edlio brasil\" width=\"650\" height=\"450\" \/><\/a><\/p>\n<p class=\"bg-primary\">\n<\/div>\n<p>A Prefeitura de Ilh\u00e9us informa que a atualiza\u00e7\u00e3o cadastral do Programa Bolsa Fam\u00edlia ser\u00e1 realizada a partir do dia 25 de fevereiro, nas unidades do Centro de Refer\u00eancia da Assist\u00eancia Social (<dfn id=\"dfn_materia_1_0\" title=\"\" data-trigger=\"hover\" data-toggle=\"popover\" data-placement=\"left\" data-content=\"Centro de Refer\u00eancia da Assist\u00eancia Social\" data-original-title=\"\">CRAS<\/dfn>) e na sede da Secretaria de Promo\u00e7\u00e3o Social e Combate \u00e0 Pobreza (SPS).<\/p>\n<p>Para quem tem filho em idade escolar \u00e9 necess\u00e1rio apresentar o comprovante de matr\u00edcula do ano de 2023 para realizar a atualiza\u00e7\u00e3o cadastral. A coordenadora do Bolsa Fam\u00edlia do munic\u00edpio, G\u00e9ssica Miranda, explica que, \u201csem\u00a0 o comprovante de matr\u00edcula, os benefici\u00e1rios que t\u00eam filhos em idade escolar n\u00e3o v\u00e3o conseguir efetivar a atualiza\u00e7\u00e3o&#8221;.<\/p>\n<p><strong>Documentos necess\u00e1rios:<\/strong><\/p>\n<p>-RG;<\/p>\n<p>&#8211; CPF;<\/p>\n<p>&#8211; Carteira de Trabalho;<\/p>\n<p>&#8211; T\u00edtulo de Eleitor;<\/p>\n<p>&#8211; Certid\u00e3o e\/ ou RG dos filhos menores de idade;<\/p>\n<p>&#8211; Comprovante de matr\u00edcula<\/p>\n<p>A coordenadora ressalta que os benefici\u00e1rios devem aproveitar os meses de janeiro e fevereiro para realizar a matr\u00edcula na rede de ensino, a fim de que no per\u00edodo da atualiza\u00e7\u00e3o a documenta\u00e7\u00e3o esteja organizada.<\/p>\n","protected":false},"excerpt":{"rendered":"<p>A Prefeitura de Ilh\u00e9us informa que a atualiza\u00e7\u00e3o cadastral do Programa Bolsa Fam\u00edlia ser\u00e1 realizada a partir do dia 25 de fevereiro, nas unidades do Centro de Refer\u00eancia da Assist\u00eancia Social (CRAS) e na sede da Secretaria de Promo\u00e7\u00e3o Social e Combate \u00e0 Pobreza (SPS). Para quem tem filho em idade escolar \u00e9 necess\u00e1rio apresentar [&hellip;]<\/p>\n","protected":false},"author":2,"featured_media":0,"comment_status":"open","ping_status":"open","sticky":false,"template":"","format":"standard","meta":{"_links_to":"","_links_to_target":""},"categories":[7,9,8,1],"tags":[],"_links":{"self":[{"href":"https:\/\/www.ilheusnoticias.net.br\/v1\/wp-json\/wp\/v2\/posts\/30730"}],"collection":[{"href":"https:\/\/www.ilheusnoticias.net.br\/v1\/wp-json\/wp\/v2\/posts"}],"about":[{"href":"https:\/\/www.ilheusnoticias.net.br\/v1\/wp-json\/wp\/v2\/types\/post"}],"author":[{"embeddable":true,"href":"https:\/\/www.ilheusnoticias.net.br\/v1\/wp-json\/wp\/v2\/users\/2"}],"replies":[{"embeddable":true,"href":"https:\/\/www.ilheusnoticias.net.br\/v1\/wp-json\/wp\/v2\/comments?post=30730"}],"version-history":[{"count":1,"href":"https:\/\/www.ilheusnoticias.net.br\/v1\/wp-json\/wp\/v2\/posts\/30730\/revisions"}],"predecessor-version":[{"id":30731,"href":"https:\/\/www.ilheusnoticias.net.br\/v1\/wp-json\/wp\/v2\/posts\/30730\/revisions\/30731"}],"wp:attachment":[{"href":"https:\/\/www.ilheusnoticias.net.br\/v1\/wp-json\/wp\/v2\/media?parent=30730"}],"wp:term":[{"taxonomy":"category","embeddable":true,"href":"https:\/\/www.ilheusnoticias.net.br\/v1\/wp-json\/wp\/v2\/categories?post=30730"},{"taxonomy":"post_tag","embeddable":true,"href":"https:\/\/www.ilheusnoticias.net.br\/v1\/wp-json\/wp\/v2\/tags?post=30730"}],"curies":[{"name":"wp","href":"https:\/\/api.w.org\/{rel}","templated":true}]}}