{"id":30726,"date":"2023-01-24T08:28:57","date_gmt":"2023-01-24T11:28:57","guid":{"rendered":"https:\/\/www.ilheusnoticias.net.br\/v1\/?p=30726"},"modified":"2023-01-24T08:28:57","modified_gmt":"2023-01-24T11:28:57","slug":"governo-lula-recria-programa-pro-catador-que-visa-melhorar-as-condicoes-de-trabalho-e-ampliar-oportunidades-de-inclusao-social","status":"publish","type":"post","link":"https:\/\/www.ilheusnoticias.net.br\/v1\/2023\/01\/24\/governo-lula-recria-programa-pro-catador-que-visa-melhorar-as-condicoes-de-trabalho-e-ampliar-oportunidades-de-inclusao-social\/","title":{"rendered":"Governo Lula recria programa Pr\u00f3-Catador que visa melhorar as condi\u00e7\u00f5es de trabalho e ampliar oportunidades de inclus\u00e3o social"},"content":{"rendered":"<div class=\"PostHeaderIcons metadata-icons\"><img src=\"http:\/\/www.blogdothame.blog.br\/v1\/wp-content\/uploads\/2023\/01\/recicla-300x300.jpg\" \/><\/div>\n<div class=\"PostContent\">\n<p>O governo do atual presidente, Luiz In\u00e1cio Lula da Silva (PT), divulgou recentemente a recria\u00e7\u00e3o do programa Pr\u00f3-catador, que teve fim em 2020 na gest\u00e3o do ex-presidente Jair Messias Bolsonaro (PL).\u00a0 Al\u00e9m de realizar estudos de revis\u00e3o do programa Recicla +, o projeto visa fomentar a organiza\u00e7\u00e3o produtiva dos catadores de materiais reutiliz\u00e1veis e recicl\u00e1veis, melhorar as condi\u00e7\u00f5es de trabalho, ampliar as oportunidades de inclus\u00e3o social e expandir a coleta seletiva de res\u00edduos s\u00f3lidos. A ideia \u00e9 mostrar a import\u00e2ncia dos catadores e das cooperativas por meio de pol\u00edticas para que a categoria alcance sustentabilidade financeira.<\/p>\n<p>Para Rafael Henrique Rodrigues, diretor de\u00a0Opera\u00e7\u00e3o do Instituto Recicleiros.\u2018\u2019Contar com o trabalho dos catadores e catadoras de reciclagem no brasil, que s\u00e3o mais de 1 bilh\u00e3o de pessoas, \u00e9 fundamental para que possa ter uma gest\u00e3o sustent\u00e1vel de res\u00edduos no que tange a recupera\u00e7\u00e3o de recicl\u00e1veis dada as caracter\u00edsticas da maior parte das cidades brasileiras. \u201c\u00c9 fundamental ter\u00a0 estrutura para poder recuperar no brasil todo esse material gerado, e ao mesmo tempo alinhar com estrat\u00e9gia que\u00a0 gere emprego e renda financeira de maneira qualificada para quem mais precisa, como \u00e9 o caso do projeto Pr\u00f3-catador, que, alinhado com o trabalho que o Instituto faz, tenta qualificar esses investimentos para que eles sejam bem direcionados e distribu\u00eddos de forma que visa capacitar catadores e catadoras de material recicl\u00e1vel para que se qualifiquem como empreendedores coletivos e conquistem a emancipa\u00e7\u00e3o sustent\u00e1vel de seus empreendimentos.\u00a0\u2019\u2019\u00a0Conclui Rafael.<\/p>\n<\/div>\n","protected":false},"excerpt":{"rendered":"<p>O governo do atual presidente, Luiz In\u00e1cio Lula da Silva (PT), divulgou recentemente a recria\u00e7\u00e3o do programa Pr\u00f3-catador, que teve fim em 2020 na gest\u00e3o do ex-presidente Jair Messias Bolsonaro (PL).\u00a0 Al\u00e9m de realizar estudos de revis\u00e3o do programa Recicla +, o projeto visa fomentar a organiza\u00e7\u00e3o produtiva dos catadores de materiais reutiliz\u00e1veis e recicl\u00e1veis, [&hellip;]<\/p>\n","protected":false},"author":2,"featured_media":0,"comment_status":"open","ping_status":"open","sticky":false,"template":"","format":"standard","meta":{"_links_to":"","_links_to_target":""},"categories":[7,9,8,1],"tags":[],"_links":{"self":[{"href":"https:\/\/www.ilheusnoticias.net.br\/v1\/wp-json\/wp\/v2\/posts\/30726"}],"collection":[{"href":"https:\/\/www.ilheusnoticias.net.br\/v1\/wp-json\/wp\/v2\/posts"}],"about":[{"href":"https:\/\/www.ilheusnoticias.net.br\/v1\/wp-json\/wp\/v2\/types\/post"}],"author":[{"embeddable":true,"href":"https:\/\/www.ilheusnoticias.net.br\/v1\/wp-json\/wp\/v2\/users\/2"}],"replies":[{"embeddable":true,"href":"https:\/\/www.ilheusnoticias.net.br\/v1\/wp-json\/wp\/v2\/comments?post=30726"}],"version-history":[{"count":1,"href":"https:\/\/www.ilheusnoticias.net.br\/v1\/wp-json\/wp\/v2\/posts\/30726\/revisions"}],"predecessor-version":[{"id":30727,"href":"https:\/\/www.ilheusnoticias.net.br\/v1\/wp-json\/wp\/v2\/posts\/30726\/revisions\/30727"}],"wp:attachment":[{"href":"https:\/\/www.ilheusnoticias.net.br\/v1\/wp-json\/wp\/v2\/media?parent=30726"}],"wp:term":[{"taxonomy":"category","embeddable":true,"href":"https:\/\/www.ilheusnoticias.net.br\/v1\/wp-json\/wp\/v2\/categories?post=30726"},{"taxonomy":"post_tag","embeddable":true,"href":"https:\/\/www.ilheusnoticias.net.br\/v1\/wp-json\/wp\/v2\/tags?post=30726"}],"curies":[{"name":"wp","href":"https:\/\/api.w.org\/{rel}","templated":true}]}}