{"id":30715,"date":"2023-01-23T10:02:39","date_gmt":"2023-01-23T13:02:39","guid":{"rendered":"https:\/\/www.ilheusnoticias.net.br\/v1\/?p=30715"},"modified":"2023-01-23T10:02:39","modified_gmt":"2023-01-23T13:02:39","slug":"vem-viver-verao-traz-atividades-gratuitas-de-danca-e-agita-areias-das-praias-de-ilheus","status":"publish","type":"post","link":"https:\/\/www.ilheusnoticias.net.br\/v1\/2023\/01\/23\/vem-viver-verao-traz-atividades-gratuitas-de-danca-e-agita-areias-das-praias-de-ilheus\/","title":{"rendered":"&#8220;Vem Viver Ver\u00e3o&#8221; traz atividades gratuitas de dan\u00e7a e agita areias das praias de Ilh\u00e9us"},"content":{"rendered":"<p>&nbsp;<\/p>\n<div class=\"imagem thumbnail col-xs-12 col-sm-8 col-md-6 col-lg-6 imagem-materia\"><a class=\"fresco\" title=\"\" href=\"https:\/\/portalfacilarquivos.blob.core.windows.net\/uploads\/ILHEUS\/imgOrig\/%7BAC5037CB-21E4-C461-E74A-0C2DA27CDB2A%7D.jpg\" data-fresco-caption=\"\"><img loading=\"lazy\" title=\"\" src=\"https:\/\/portalfacilarquivos.blob.core.windows.net\/uploads\/ILHEUS\/img\/%7BAC5037CB-21E4-C461-E74A-0C2DA27CDB2A%7D\/%7BAC5037CB-21E4-C461-E74A-0C2DA27CDB2A%7D_650X450.jpg\" alt=\"vem viver ver\u00e3o\" width=\"650\" height=\"450\" \/><\/a><\/p>\n<p class=\"bg-primary\">\n<\/div>\n<p>&nbsp;<\/p>\n<p>A Prefeitura de Ilh\u00e9us preparou uma programa\u00e7\u00e3o especial para que a popula\u00e7\u00e3o local e os turistas possam curtir a alta temporada na cidade. O projeto Vem Viver Ver\u00e3o traz diversas atividades gratuitas com dan\u00e7a, brincadeiras e m\u00fasica para todas as idades.<\/p>\n<p>No \u00faltimo domingo (22), a Cabana Guarany foi palco da apresenta\u00e7\u00e3o comandada pelo Grupo Thy Dance, que agitou o p\u00fablico presente mesmo debaixo de chuva. Realizada com apoio da Bahia FM Sul, Drogarias Velanes e Centel Brasil, a iniciativa garante ainda a divers\u00e3o da crian\u00e7ada nestas f\u00e9rias.<\/p>\n<p>&nbsp;<\/p>\n<div class=\"imagem thumbnail col-xs-12 col-sm-8 col-md-6 col-lg-6 imagem-materia\"><a class=\"fresco\" title=\"\" href=\"https:\/\/portalfacilarquivos.blob.core.windows.net\/uploads\/ILHEUS\/imgOrig\/%7BA683A68C-6D13-D6C2-B3CD-C03411CCBAE8%7D.jpg\" data-fresco-caption=\"\"><img loading=\"lazy\" title=\"\" src=\"https:\/\/portalfacilarquivos.blob.core.windows.net\/uploads\/ILHEUS\/img\/%7BA683A68C-6D13-D6C2-B3CD-C03411CCBAE8%7D\/%7BA683A68C-6D13-D6C2-B3CD-C03411CCBAE8%7D_650X450.jpg\" alt=\"vem viver ver\u00e3o\" width=\"650\" height=\"450\" \/><\/a><\/p>\n<p class=\"bg-primary\">\n<\/div>\n<p>\u201cEu estou amando. Esse projeto deveria se estender por mais tempo, pois entret\u00e9m crian\u00e7as, fam\u00edlias e todo mundo se envolve. Uma a\u00e7\u00e3o muito importante. A Prefeitura est\u00e1 de parab\u00e9ns\u201d, afirmou Danila Dourado, orientadora pedag\u00f3gica.<\/p>\n<p>Ilh\u00e9us tem se tornado uma cidade cada vez mais ativa, com os espa\u00e7os p\u00fablicos sendo ocupados com diversas atividades e atra\u00e7\u00f5es para todos os p\u00fablicos e idades.<\/p>\n<p>&nbsp;<\/p>\n<div class=\"imagem thumbnail col-xs-12 col-sm-8 col-md-6 col-lg-6 imagem-materia\"><a class=\"fresco\" title=\"\" href=\"https:\/\/portalfacilarquivos.blob.core.windows.net\/uploads\/ILHEUS\/imgOrig\/%7B2C35A1D8-0678-AB4E-EED0-113ACBAADDB5%7D.jpg\" data-fresco-caption=\"\"><img loading=\"lazy\" title=\"\" src=\"https:\/\/portalfacilarquivos.blob.core.windows.net\/uploads\/ILHEUS\/img\/%7B2C35A1D8-0678-AB4E-EED0-113ACBAADDB5%7D\/%7B2C35A1D8-0678-AB4E-EED0-113ACBAADDB5%7D_650X450.jpg\" alt=\"vem viver ver\u00e3o\" width=\"650\" height=\"450\" \/><\/a><\/p>\n<p class=\"bg-primary\">\n<\/div>\n<p>A a\u00e7\u00e3o contou com a cobertura e flashes ao vivo da Bahia FM Sul, incluindo brincadeiras, banho de espuma, bambol\u00ea e futebol, al\u00e9m da distribui\u00e7\u00e3o de picol\u00e9s.<\/p>\n<p>As Drogarias Velanes disponibilizaram protetor solar para os banhistas. As atividades de dan\u00e7a devem acontecer tamb\u00e9m no dia 2 de fevereiro.<\/p>\n","protected":false},"excerpt":{"rendered":"<p>&nbsp; &nbsp; A Prefeitura de Ilh\u00e9us preparou uma programa\u00e7\u00e3o especial para que a popula\u00e7\u00e3o local e os turistas possam curtir a alta temporada na cidade. O projeto Vem Viver Ver\u00e3o traz diversas atividades gratuitas com dan\u00e7a, brincadeiras e m\u00fasica para todas as idades. No \u00faltimo domingo (22), a Cabana Guarany foi palco da apresenta\u00e7\u00e3o comandada [&hellip;]<\/p>\n","protected":false},"author":2,"featured_media":0,"comment_status":"open","ping_status":"open","sticky":false,"template":"","format":"standard","meta":{"_links_to":"","_links_to_target":""},"categories":[7,9,8,1],"tags":[],"_links":{"self":[{"href":"https:\/\/www.ilheusnoticias.net.br\/v1\/wp-json\/wp\/v2\/posts\/30715"}],"collection":[{"href":"https:\/\/www.ilheusnoticias.net.br\/v1\/wp-json\/wp\/v2\/posts"}],"about":[{"href":"https:\/\/www.ilheusnoticias.net.br\/v1\/wp-json\/wp\/v2\/types\/post"}],"author":[{"embeddable":true,"href":"https:\/\/www.ilheusnoticias.net.br\/v1\/wp-json\/wp\/v2\/users\/2"}],"replies":[{"embeddable":true,"href":"https:\/\/www.ilheusnoticias.net.br\/v1\/wp-json\/wp\/v2\/comments?post=30715"}],"version-history":[{"count":1,"href":"https:\/\/www.ilheusnoticias.net.br\/v1\/wp-json\/wp\/v2\/posts\/30715\/revisions"}],"predecessor-version":[{"id":30716,"href":"https:\/\/www.ilheusnoticias.net.br\/v1\/wp-json\/wp\/v2\/posts\/30715\/revisions\/30716"}],"wp:attachment":[{"href":"https:\/\/www.ilheusnoticias.net.br\/v1\/wp-json\/wp\/v2\/media?parent=30715"}],"wp:term":[{"taxonomy":"category","embeddable":true,"href":"https:\/\/www.ilheusnoticias.net.br\/v1\/wp-json\/wp\/v2\/categories?post=30715"},{"taxonomy":"post_tag","embeddable":true,"href":"https:\/\/www.ilheusnoticias.net.br\/v1\/wp-json\/wp\/v2\/tags?post=30715"}],"curies":[{"name":"wp","href":"https:\/\/api.w.org\/{rel}","templated":true}]}}