{"id":30711,"date":"2023-01-23T10:00:07","date_gmt":"2023-01-23T13:00:07","guid":{"rendered":"https:\/\/www.ilheusnoticias.net.br\/v1\/?p=30711"},"modified":"2023-01-23T10:00:07","modified_gmt":"2023-01-23T13:00:07","slug":"associacao-de-catadores-de-itacare-produz-cem-toneladas-de-reciclaveis-em-cinco-meses-de-funcionamento","status":"publish","type":"post","link":"https:\/\/www.ilheusnoticias.net.br\/v1\/2023\/01\/23\/associacao-de-catadores-de-itacare-produz-cem-toneladas-de-reciclaveis-em-cinco-meses-de-funcionamento\/","title":{"rendered":"Associa\u00e7\u00e3o de Catadores de Itacar\u00e9 produz cem toneladas de recicl\u00e1veis em cinco meses de funcionamento"},"content":{"rendered":"<p><img loading=\"lazy\" class=\"alignnone size-full wp-image-30712\" src=\"https:\/\/www.ilheusnoticias.net.br\/v1\/wp-content\/uploads\/2023\/01\/WhatsApp-Image-2023-01-23-at-09.32.55.jpeg\" alt=\"\" width=\"249\" height=\"300\" \/><\/p>\n<p>A Associa\u00e7\u00e3o dos Catadores Vit\u00f3ria de Itacar\u00e9 \u2013 futura Cooperativa \u2013 conseguiu alcan\u00e7ar, hoje, uma marca hist\u00f3rica: a produ\u00e7\u00e3o e venda de cem toneladas de material recicl\u00e1vel seco proveniente da Coleta Seletiva produzida no Centro de Triagem e Econeg\u00f3cios, ap\u00f3s o fechamento do lix\u00e3o, ocorrido em 25 de agosto de 2022, no munic\u00edpio. \u201c\u00c9 um n\u00famero expressivo, pois demonstra que estamos no caminho certo para consolidar a independ\u00eancia financeira da Associa\u00e7\u00e3o e dar exemplo para a Bahia, o Brasil e o mundo\u201d, diz o prefeito de Itacar\u00e9, Ant\u00f4nio de An\u00edzio.<\/p>\n<p><img loading=\"lazy\" class=\"alignnone size-full wp-image-30713\" src=\"https:\/\/www.ilheusnoticias.net.br\/v1\/wp-content\/uploads\/2023\/01\/WhatsApp-Image-2023-01-23-at-09.32.55-3.jpeg\" alt=\"\" width=\"249\" height=\"300\" \/><\/p>\n<p>&nbsp;<\/p>\n<p>O presidente da Associa\u00e7\u00e3o Vit\u00f3ria, Jos\u00e9 Emerson (Binho) lembrou tamb\u00e9m que a reciclagem \u201cainda est\u00e1 no in\u00edcio, pois o munic\u00edpio produz, diariamente, nove toneladas de recicl\u00e1vel seco e n\u00f3s j\u00e1 conseguimos processar uma tonelada por dia\u201d. A Secretaria de Meio Ambiente \u2013 SEMA informa que a prioridade, agora, \u00e9 a consolida\u00e7\u00e3o do Programa Lix\u00e3o Nunca Mais no ano de 2023, atrav\u00e9s da continuidade dos projetos de Coleta Seletiva, Educa\u00e7\u00e3o Ambiental, Comunica\u00e7\u00e3o Ambiental e Requalifica\u00e7\u00e3o da \u00e1rea do extinto lix\u00e3o. O Programa tem sido refer\u00eancia e modelo nacional para o fechamento dos lix\u00f5es em todo o Pa\u00eds.<\/p>\n<p>&nbsp;<\/p>\n<p>A implanta\u00e7\u00e3o do Centro de Triagem e Econeg\u00f3cios de Itacar\u00e9 tem o apoio da CVR Costa do Cacau, \u00fanica empresa do Sul da Bahia credenciada pelo Inema e Ibama para a destina\u00e7\u00e3o correta de res\u00edduos, que atende as diretrizes do Plano Nacional de Saneamento.<\/p>\n","protected":false},"excerpt":{"rendered":"<p>A Associa\u00e7\u00e3o dos Catadores Vit\u00f3ria de Itacar\u00e9 \u2013 futura Cooperativa \u2013 conseguiu alcan\u00e7ar, hoje, uma marca hist\u00f3rica: a produ\u00e7\u00e3o e venda de cem toneladas de material recicl\u00e1vel seco proveniente da Coleta Seletiva produzida no Centro de Triagem e Econeg\u00f3cios, ap\u00f3s o fechamento do lix\u00e3o, ocorrido em 25 de agosto de 2022, no munic\u00edpio. \u201c\u00c9 um [&hellip;]<\/p>\n","protected":false},"author":2,"featured_media":0,"comment_status":"open","ping_status":"open","sticky":false,"template":"","format":"standard","meta":{"_links_to":"","_links_to_target":""},"categories":[7,9,8,1],"tags":[],"_links":{"self":[{"href":"https:\/\/www.ilheusnoticias.net.br\/v1\/wp-json\/wp\/v2\/posts\/30711"}],"collection":[{"href":"https:\/\/www.ilheusnoticias.net.br\/v1\/wp-json\/wp\/v2\/posts"}],"about":[{"href":"https:\/\/www.ilheusnoticias.net.br\/v1\/wp-json\/wp\/v2\/types\/post"}],"author":[{"embeddable":true,"href":"https:\/\/www.ilheusnoticias.net.br\/v1\/wp-json\/wp\/v2\/users\/2"}],"replies":[{"embeddable":true,"href":"https:\/\/www.ilheusnoticias.net.br\/v1\/wp-json\/wp\/v2\/comments?post=30711"}],"version-history":[{"count":1,"href":"https:\/\/www.ilheusnoticias.net.br\/v1\/wp-json\/wp\/v2\/posts\/30711\/revisions"}],"predecessor-version":[{"id":30714,"href":"https:\/\/www.ilheusnoticias.net.br\/v1\/wp-json\/wp\/v2\/posts\/30711\/revisions\/30714"}],"wp:attachment":[{"href":"https:\/\/www.ilheusnoticias.net.br\/v1\/wp-json\/wp\/v2\/media?parent=30711"}],"wp:term":[{"taxonomy":"category","embeddable":true,"href":"https:\/\/www.ilheusnoticias.net.br\/v1\/wp-json\/wp\/v2\/categories?post=30711"},{"taxonomy":"post_tag","embeddable":true,"href":"https:\/\/www.ilheusnoticias.net.br\/v1\/wp-json\/wp\/v2\/tags?post=30711"}],"curies":[{"name":"wp","href":"https:\/\/api.w.org\/{rel}","templated":true}]}}