{"id":30707,"date":"2023-01-23T09:50:10","date_gmt":"2023-01-23T12:50:10","guid":{"rendered":"https:\/\/www.ilheusnoticias.net.br\/v1\/?p=30707"},"modified":"2023-01-23T09:50:10","modified_gmt":"2023-01-23T12:50:10","slug":"grata-e-emocionada-olga-amaral-se-despede-da-tv-santa-cruz","status":"publish","type":"post","link":"https:\/\/www.ilheusnoticias.net.br\/v1\/2023\/01\/23\/grata-e-emocionada-olga-amaral-se-despede-da-tv-santa-cruz\/","title":{"rendered":"Grata e emocionada, Olga Amaral se despede da TV Santa Cruz"},"content":{"rendered":"<div class=\"Post\">\n<div class=\"Post-body\">\n<div class=\"Post-inner article\">\n<div class=\"PostFooterIcons metadata-icons\">\n<img src=\"http:\/\/www.blogdothame.blog.br\/v1\/wp-content\/uploads\/2023\/01\/Olga-Amaral.jpg\" \/><\/p>\n<div align=\"center\">\n<hr width=\"300\" \/>\n<\/div>\n<\/div>\n<\/div>\n<\/div>\n<\/div>\n<div class=\"Post\">\n<div class=\"Post-body\">\n<div class=\"Post-inner article\">\n<div class=\"PostHeaderIcons metadata-icons\">A jornalista Olga Amaral despediu-se, nesta sexta-feira (20), da TV Santa Cruz, afiliada da Rede Bahia (Rede Globo).\u00a0 Emocionada, a apresentadora e rep\u00f3rter gravou um v\u00eddeo para agradecer aos colegas de emissora e aos telespectadores que acompanharam o seu trabalho nos \u00faltimos 10 anos. \u201cMaquiagem borrada e dia de muitas emo\u00e7\u00f5es por aqui. Isso mesmo. Eu encerro meu ciclo aqui, na TV Santa Cruz, hoje, sexta-feira, 20 de janeiro de 2023\u2026\u201d.<\/div>\n<div class=\"PostContent\">\n<p>A jornalista afirmou ter amado apresentar o telejornal\u00a0<em>Bahia Meio Dia<\/em>. E acrescentou que foi muito bom ter chegado, durante muito tempo, t\u00e3o perto dos telespectadores. \u201cMas \u00e9 isso. Novos ares, caminhos profissionais e pessoais a serem seguidos. Estou muito feliz por isso. Gostaria de agradecer aos chefes, aos colegas de trabalho, \u00e0 Rede Bahia e aos telespectadores\u201d.<\/p>\n<p>Na mensagem de despedida, Olga Amaral lembrou que foram 10 anos entrando nos lares de milhares de pessoas, no sul, extremo-sul e parte do baixo-sul da Bahia, levando informa\u00e7\u00f5es de qualidade e fazendo presta\u00e7\u00e3o de servi\u00e7o. A jornalista assegurou que jamais esquecer\u00e1 de tanto carinho que recebeu das ruas e de seus colegas de trabalho.<\/p>\n<p>A apresentadora assegurou que as boas lembran\u00e7as dessas regi\u00f5es ficar\u00e3o para sempre na sua mem\u00f3ria e segue muito feliz para novos desafios. Al\u00e9m de muito competente, ela \u00e9 uma das profissionais mais simples e queridas da emissora e por colegas de profiss\u00e3o. A equipe do PIMENTA tem certeza que Olga Amaral seguir\u00e1 brilhando, onde for, com seu profissionalismo e senso de justi\u00e7a. Ele \u00e9 um exemplo de humildade a ser seguido.<\/p>\n<\/div>\n<\/div>\n<\/div>\n<\/div>\n","protected":false},"excerpt":{"rendered":"<p>A jornalista Olga Amaral despediu-se, nesta sexta-feira (20), da TV Santa Cruz, afiliada da Rede Bahia (Rede Globo).\u00a0 Emocionada, a apresentadora e rep\u00f3rter gravou um v\u00eddeo para agradecer aos colegas de emissora e aos telespectadores que acompanharam o seu trabalho nos \u00faltimos 10 anos. \u201cMaquiagem borrada e dia de muitas emo\u00e7\u00f5es por aqui. Isso mesmo. [&hellip;]<\/p>\n","protected":false},"author":2,"featured_media":0,"comment_status":"open","ping_status":"open","sticky":false,"template":"","format":"standard","meta":{"_links_to":"","_links_to_target":""},"categories":[7,9,8,1],"tags":[],"_links":{"self":[{"href":"https:\/\/www.ilheusnoticias.net.br\/v1\/wp-json\/wp\/v2\/posts\/30707"}],"collection":[{"href":"https:\/\/www.ilheusnoticias.net.br\/v1\/wp-json\/wp\/v2\/posts"}],"about":[{"href":"https:\/\/www.ilheusnoticias.net.br\/v1\/wp-json\/wp\/v2\/types\/post"}],"author":[{"embeddable":true,"href":"https:\/\/www.ilheusnoticias.net.br\/v1\/wp-json\/wp\/v2\/users\/2"}],"replies":[{"embeddable":true,"href":"https:\/\/www.ilheusnoticias.net.br\/v1\/wp-json\/wp\/v2\/comments?post=30707"}],"version-history":[{"count":1,"href":"https:\/\/www.ilheusnoticias.net.br\/v1\/wp-json\/wp\/v2\/posts\/30707\/revisions"}],"predecessor-version":[{"id":30708,"href":"https:\/\/www.ilheusnoticias.net.br\/v1\/wp-json\/wp\/v2\/posts\/30707\/revisions\/30708"}],"wp:attachment":[{"href":"https:\/\/www.ilheusnoticias.net.br\/v1\/wp-json\/wp\/v2\/media?parent=30707"}],"wp:term":[{"taxonomy":"category","embeddable":true,"href":"https:\/\/www.ilheusnoticias.net.br\/v1\/wp-json\/wp\/v2\/categories?post=30707"},{"taxonomy":"post_tag","embeddable":true,"href":"https:\/\/www.ilheusnoticias.net.br\/v1\/wp-json\/wp\/v2\/tags?post=30707"}],"curies":[{"name":"wp","href":"https:\/\/api.w.org\/{rel}","templated":true}]}}