{"id":30704,"date":"2023-01-22T18:00:59","date_gmt":"2023-01-22T21:00:59","guid":{"rendered":"https:\/\/www.ilheusnoticias.net.br\/v1\/?p=30704"},"modified":"2023-01-22T18:00:59","modified_gmt":"2023-01-22T21:00:59","slug":"30704","status":"publish","type":"post","link":"https:\/\/www.ilheusnoticias.net.br\/v1\/2023\/01\/22\/30704\/","title":{"rendered":""},"content":{"rendered":"<p><img loading=\"lazy\" class=\"alignnone size-full wp-image-30705\" src=\"https:\/\/www.ilheusnoticias.net.br\/v1\/wp-content\/uploads\/2023\/01\/E3B482EF-6406-4D97-B7D8-435D198009DE.jpeg\" alt=\"\" width=\"600\" height=\"800\" srcset=\"https:\/\/www.ilheusnoticias.net.br\/v1\/wp-content\/uploads\/2023\/01\/E3B482EF-6406-4D97-B7D8-435D198009DE.jpeg 600w, https:\/\/www.ilheusnoticias.net.br\/v1\/wp-content\/uploads\/2023\/01\/E3B482EF-6406-4D97-B7D8-435D198009DE-225x300.jpeg 225w\" sizes=\"(max-width: 600px) 100vw, 600px\" \/><\/p>\n<p>Mais um pra conta. O professor Emenson Silva, coordenador do Curso Gabaritando, acertou novamente o tema da reda\u00e7\u00e3o do concurso da Pol\u00edcia Militar da Bahia (PM BA), realizado neste domingo (22). Neste ano, o certame organizado pela Funda\u00e7\u00e3o Carlos Chagas (FCC) abordou quest\u00f5es ligadas \u00e0 viol\u00eancia no Brasil.<\/p>\n<p><!--more--><\/p>\n<p>O educador ilheense relata que o tema foi trabalhado com os alunos no decorrer do \u00faltimo ano e durante mega revis\u00e3o realizada na semana passada.<\/p>\n<p>\u201cSe tornar refer\u00eancia na vida das pessoas n\u00e3o \u00e9 tarefa f\u00e1cil. Exige planejamento, esfor\u00e7o e muito estudo. Uma alegria ser reconhecido pelo trabalho que realizo diariamente para garantir que os jovens possam al\u00e7ar voos mais altos e alcancem seus objetivos e metas com afinco\u201d, disse Emenson.<\/p>\n<p>O professor destacou que o tema deste ano n\u00e3o foi surpresa para os alunos que acompanharam as suas aulas. Ele recebeu diversas mensagens de agradecimento enviadas pelos alunos do Gabaritando e afirma que prepara os candidatos com base nos assuntos discutidos no cen\u00e1rio atual, visto que as provas abrangem quest\u00f5es de cunho social.<\/p>\n<p>Emenson Silva \u00e9 fundador e coordenador do Projeto e Curso Gabaritando, iniciativa social desenvolvida na cidade de Ilh\u00e9us desde 2014, cujo prop\u00f3sito \u00e9 transformar a vida dos alunos atrav\u00e9s da aprova\u00e7\u00e3o em concursos p\u00fablicos, incluindo PM BA (Soldado e Oficial) e carreira docente e administrativa. Atualmente, o curso possui 150 inscritos.<\/p>\n","protected":false},"excerpt":{"rendered":"<p>Mais um pra conta. O professor Emenson Silva, coordenador do Curso Gabaritando, acertou novamente o tema da reda\u00e7\u00e3o do concurso da Pol\u00edcia Militar da Bahia (PM BA), realizado neste domingo (22). Neste ano, o certame organizado pela Funda\u00e7\u00e3o Carlos Chagas (FCC) abordou quest\u00f5es ligadas \u00e0 viol\u00eancia no Brasil.<\/p>\n","protected":false},"author":2,"featured_media":0,"comment_status":"open","ping_status":"open","sticky":false,"template":"","format":"standard","meta":{"_links_to":"","_links_to_target":""},"categories":[1],"tags":[],"_links":{"self":[{"href":"https:\/\/www.ilheusnoticias.net.br\/v1\/wp-json\/wp\/v2\/posts\/30704"}],"collection":[{"href":"https:\/\/www.ilheusnoticias.net.br\/v1\/wp-json\/wp\/v2\/posts"}],"about":[{"href":"https:\/\/www.ilheusnoticias.net.br\/v1\/wp-json\/wp\/v2\/types\/post"}],"author":[{"embeddable":true,"href":"https:\/\/www.ilheusnoticias.net.br\/v1\/wp-json\/wp\/v2\/users\/2"}],"replies":[{"embeddable":true,"href":"https:\/\/www.ilheusnoticias.net.br\/v1\/wp-json\/wp\/v2\/comments?post=30704"}],"version-history":[{"count":1,"href":"https:\/\/www.ilheusnoticias.net.br\/v1\/wp-json\/wp\/v2\/posts\/30704\/revisions"}],"predecessor-version":[{"id":30706,"href":"https:\/\/www.ilheusnoticias.net.br\/v1\/wp-json\/wp\/v2\/posts\/30704\/revisions\/30706"}],"wp:attachment":[{"href":"https:\/\/www.ilheusnoticias.net.br\/v1\/wp-json\/wp\/v2\/media?parent=30704"}],"wp:term":[{"taxonomy":"category","embeddable":true,"href":"https:\/\/www.ilheusnoticias.net.br\/v1\/wp-json\/wp\/v2\/categories?post=30704"},{"taxonomy":"post_tag","embeddable":true,"href":"https:\/\/www.ilheusnoticias.net.br\/v1\/wp-json\/wp\/v2\/tags?post=30704"}],"curies":[{"name":"wp","href":"https:\/\/api.w.org\/{rel}","templated":true}]}}