{"id":30700,"date":"2023-01-22T13:54:39","date_gmt":"2023-01-22T16:54:39","guid":{"rendered":"https:\/\/www.ilheusnoticias.net.br\/v1\/?p=30700"},"modified":"2023-01-22T13:54:39","modified_gmt":"2023-01-22T16:54:39","slug":"conheca-a-travesti-que-e-atriz-e-investigadora-da-policia-civil-minha-familia-tem-orgulho-de-mim","status":"publish","type":"post","link":"https:\/\/www.ilheusnoticias.net.br\/v1\/2023\/01\/22\/conheca-a-travesti-que-e-atriz-e-investigadora-da-policia-civil-minha-familia-tem-orgulho-de-mim\/","title":{"rendered":"Conhe\u00e7a a travesti que \u00e9 atriz e investigadora da Pol\u00edcia Civil : &#8216;Minha fam\u00edlia tem orgulho de mim&#8217;"},"content":{"rendered":"<div class=\"row content-head non-featured \">\n<div class=\"title\" data-block-type=\"title\" data-block-id=\"0\">\n<h1 class=\"content-head__title\"><span style=\"font-size: 16px;\">Fernanda Aleixo, graduada em Artes C\u00eanicas pela UFOP, redescobriu a identidade de g\u00eanero em personagem que interpretou na pe\u00e7a &#8216;Para\u00edso&#8217;. Ao g1, ela tamb\u00e9m falou sobre o processo de transi\u00e7\u00e3o e na rela\u00e7\u00e3o com os colegas da corpora\u00e7\u00e3o, em Juiz de Fora.<\/span><\/h1>\n<\/div>\n<\/div>\n<div class=\"content__signa-share\">\n<div class=\"content__signature\">\n<div class=\"content-publication-data\">\n<div class=\"content-publication-data__text\">\n<p class=\"content-publication-data__from\" title=\"Juliana Netto, g1 Zona da Mata\">Por Juliana Netto, g1<\/p>\n<p class=\"content-publication-data__updated\">\n<\/div>\n<\/div>\n<\/div>\n<\/div>\n<div class=\"mc-article-body\">\n<article>\n<div id=\"chunk-99jtv\">\n<div class=\"row medium-uncollapsed content-media content-photo\" data-block-type=\"backstage-photo\" data-block-id=\"1\">\n<div class=\"mc-column content-media__container\">\n<div class=\"content-media-container glb-skeleton-box\">\n<figure class=\"content-media-figure\"><img class=\"i-amphtml-fill-content i-amphtml-replaced-content\" src=\"https:\/\/s2.glbimg.com\/F3ccJgCNBKfRQRACNaLYMludir4=\/0x0:1200x1358\/984x0\/smart\/filters:strip_icc()\/i.s3.glbimg.com\/v1\/AUTH_59edd422c0c84a879bd37670ae4f538a\/internal_photos\/bs\/2023\/n\/D\/RfHGXcTMui6uAMxRsBYw\/fernanda-aleixo-cortada.jpg\" sizes=\"(max-width: 1707px) 648px, 100vw\" srcset=\"https:\/\/s2.glbimg.com\/eMgy70XntUYzjKZvRcz8pswZDpM=\/0x0:1200x1358\/1000x0\/smart\/filters:strip_icc()\/i.s3.glbimg.com\/v1\/AUTH_59edd422c0c84a879bd37670ae4f538a\/internal_photos\/bs\/2023\/n\/D\/RfHGXcTMui6uAMxRsBYw\/fernanda-aleixo-cortada.jpg 1000w, https:\/\/s2.glbimg.com\/F3ccJgCNBKfRQRACNaLYMludir4=\/0x0:1200x1358\/984x0\/smart\/filters:strip_icc()\/i.s3.glbimg.com\/v1\/AUTH_59edd422c0c84a879bd37670ae4f538a\/internal_photos\/bs\/2023\/n\/D\/RfHGXcTMui6uAMxRsBYw\/fernanda-aleixo-cortada.jpg 984w, https:\/\/s2.glbimg.com\/nlq1m0B32HF_Jl0JExHY_36gdiI=\/0x0:1200x1358\/640x0\/smart\/filters:strip_icc()\/i.s3.glbimg.com\/v1\/AUTH_59edd422c0c84a879bd37670ae4f538a\/internal_photos\/bs\/2023\/n\/D\/RfHGXcTMui6uAMxRsBYw\/fernanda-aleixo-cortada.jpg 640w, https:\/\/s2.glbimg.com\/z83UfJ2c9wLDkQLLI2EzE0Ee_q8=\/0x0:1200x1358\/600x0\/smart\/filters:strip_icc()\/i.s3.glbimg.com\/v1\/AUTH_59edd422c0c84a879bd37670ae4f538a\/internal_photos\/bs\/2023\/n\/D\/RfHGXcTMui6uAMxRsBYw\/fernanda-aleixo-cortada.jpg 600w\" alt=\"Fernanda Aleixo, investigadora travesti da Pol\u00edcia Civil de Juiz de Fora \u2014 Foto: Fernanda Aleixo\/Arquivo Pessoal\" \/><\/figure>\n<\/div>\n<p class=\"content-media__description \">Fernanda Aleixo, investigadora travesti da Pol\u00edcia Civil de Juiz de Fora \u2014 Foto: Fernanda Aleixo\/Arquivo Pessoal<\/p>\n<\/div>\n<\/div>\n<\/div>\n<div id=\"chunk-671nf\">\n<div class=\"mc-column content-text active-extra-styles \" data-block-type=\"unstyled\" data-block-weight=\"36\" data-block-id=\"3\">\n<p class=\"content-text__container \" data-track-category=\"Link no Texto\" data-track-links=\"\">Dia 13 de setembro ficar\u00e1 marcado como a data em que Fernando Aleixo Marliere tomou a decis\u00e3o de solicitar o uso do nome social nos documentos pessoais, em uma longa batalha de descobertas e transforma\u00e7\u00f5es.<\/p>\n<\/div>\n<\/div>\n<div class=\"wall protected-content\">\n<div class=\"mc-column content-text active-extra-styles\" data-block-type=\"raw\" data-block-weight=\"6\" data-block-id=\"4\">\n<p>Em novembro do ano passado, a travesti apareceria publicamente como Fernanda em uma coletiva de imprensa da <a href=\"https:\/\/g1.globo.com\/tudo-sobre\/policia-civil\/\">Pol\u00edcia Civil<\/a>\u00a0em\u00a0<a href=\"https:\/\/g1.globo.com\/mg\/zona-da-mata\/cidade\/juiz-de-fora\/\">Juiz de Fora<\/a>.<\/p>\n<\/div>\n<div id=\"chunk-cr7nu\">\n<div class=\"mc-column content-text active-extra-styles \" data-block-type=\"unstyled\" data-block-weight=\"37\" data-block-id=\"6\">\n<p class=\"content-text__container \" data-track-category=\"Link no Texto\" data-track-links=\"\">Segundo a investigadora, de 33 anos, embora v\u00edtima de olhares desconfiados em alguns momentos, a rea\u00e7\u00e3o dos colegas policiais e das pessoas com quem lida diariamente na Delegacia Especializada no Atendimento \u00e0 Mulher (DEAM) \u00e9 positiva.<\/p>\n<\/div>\n<\/div>\n<div id=\"chunk-8dp51\">\n<div class=\"content-ads content-ads--reveal\" data-block-type=\"ads\" data-block-id=\"7\">\n<div id=\"banner_materia2\" class=\"tag-manager-publicidade-container mc-has-reveal mc-has-ad-lazyload tag-manager-publicidade-banner_materia2 tag-manager-publicidade-container--carregado tag-manager-publicidade-container--visivel\" data-id=\"banner_materia2\" data-google-query-id=\"CLnAyY3R2_wCFXy5lQIdQhQJow\">\n<div id=\"google_ads_iframe_\/95377733\/tvg_G1\/Sua_Regiao&gt;Sudeste&gt;Minas_Gerais_(Zona_da_Mata)_3__container__\" style=\"box-sizing: inherit; margin: auto; padding: 0px; border: 0pt none; font: inherit; vertical-align: initial; max-width: 100%; text-align: center; width: 970px; height: 150px;\">A <strong>aceita\u00e7\u00e3o da fam\u00edlia e a forma\u00e7\u00e3o em artes c\u00eanicas tamb\u00e9m s\u00e3o pilares para o processo de transi\u00e7\u00e3o<\/strong>. Dos palcos, inclusive, veio o pontap\u00e9 para a autoidentifica\u00e7\u00e3o, ap\u00f3s interpretar uma travesti em uma pe\u00e7a de teatro<\/div>\n<div style=\"box-sizing: inherit; margin: auto; padding: 0px; border: 0pt none; font: inherit; vertical-align: initial; max-width: 100%; text-align: center; width: 970px; height: 150px;\">Faculdade e trabalho<\/div>\n<div style=\"box-sizing: inherit; margin: auto; padding: 0px; border: 0pt none; font: inherit; vertical-align: initial; max-width: 100%; text-align: center; width: 970px; height: 150px;\">Aos 18 anos, Fernanda, natural de Inhapim, no Vale do A\u00e7o, seria aprovada no curso de artes c\u00eanicas da Universidade Federal de <a href=\"https:\/\/g1.globo.com\/mg\/minas-gerais\/cidade\/ouro-preto\/\">Ouro Preto<\/a>\u00a0(<a href=\"https:\/\/g1.globo.com\/educacao\/universidade\/ufop\/\">UFOP<\/a>).<\/div>\n<div style=\"box-sizing: inherit; margin: auto; padding: 0px; border: 0pt none; font: inherit; vertical-align: initial; max-width: 100%; text-align: center; width: 970px; height: 150px;\">No mesmo ano, passou no concurso p\u00fablico para investigadora da Pol\u00edcia Civil, conciliando faculdade com trabalho. \u201cFiz o primeiro per\u00edodo da faculdade e logo depois a pol\u00edcia chamou. Fui para a academia de pol\u00edcia e voltei para Ouro Preto. Trabalhava de dia e<\/div>\n<div style=\"box-sizing: inherit; margin: auto; padding: 0px; border: 0pt none; font: inherit; vertical-align: initial; max-width: 100%; text-align: center; width: 970px; height: 150px;\">Ap\u00f3s chegar na cidade hist\u00f3rica, veio a coragem em se assumir gay. \u201cFoi nessa \u00e9poca que sa\u00ed do arm\u00e1rio e falei para minha fam\u00edlia\u201d, contou. Seis anos depois, uma pe\u00e7a de teatro, j\u00e1 em Juiz de Fora, cidade onde reside atualmente, mudaria novamente a rela\u00e7\u00e3o com a sexualidade.<\/div>\n<\/div>\n<\/div>\n<\/div>\n<div id=\"chunk-4sq80\">\n<div class=\"row medium-uncollapsed content-media content-photo\" data-block-type=\"backstage-photo\" data-block-id=\"16\">\n<div class=\"mc-column content-media__container\">\n<div class=\"content-media-container glb-skeleton-box\">\n<figure class=\"content-media-figure\"><img class=\"i-amphtml-fill-content i-amphtml-replaced-content\" src=\"https:\/\/s2.glbimg.com\/LOwUnEqX1yjWM2KiXepWM5aiNRE=\/0x0:1036x1280\/984x0\/smart\/filters:strip_icc()\/i.s3.glbimg.com\/v1\/AUTH_59edd422c0c84a879bd37670ae4f538a\/internal_photos\/bs\/2023\/8\/O\/6o2PHjQxmPSnuyYq3SFw\/fernanda-aleixo-peca-paraiso.jpeg\" sizes=\"(max-width: 1707px) 648px, 100vw\" srcset=\"https:\/\/s2.glbimg.com\/Ym7jYXbsAWheYKaYdgLV3ookVYc=\/0x0:1036x1280\/1000x0\/smart\/filters:strip_icc()\/i.s3.glbimg.com\/v1\/AUTH_59edd422c0c84a879bd37670ae4f538a\/internal_photos\/bs\/2023\/8\/O\/6o2PHjQxmPSnuyYq3SFw\/fernanda-aleixo-peca-paraiso.jpeg 1000w, https:\/\/s2.glbimg.com\/LOwUnEqX1yjWM2KiXepWM5aiNRE=\/0x0:1036x1280\/984x0\/smart\/filters:strip_icc()\/i.s3.glbimg.com\/v1\/AUTH_59edd422c0c84a879bd37670ae4f538a\/internal_photos\/bs\/2023\/8\/O\/6o2PHjQxmPSnuyYq3SFw\/fernanda-aleixo-peca-paraiso.jpeg 984w, https:\/\/s2.glbimg.com\/1a2eVEnCRw3i2JumC8IByG5Qp6k=\/0x0:1036x1280\/640x0\/smart\/filters:strip_icc()\/i.s3.glbimg.com\/v1\/AUTH_59edd422c0c84a879bd37670ae4f538a\/internal_photos\/bs\/2023\/8\/O\/6o2PHjQxmPSnuyYq3SFw\/fernanda-aleixo-peca-paraiso.jpeg 640w, https:\/\/s2.glbimg.com\/THSlhhElqBzCtgTGBN0tu46J0Xo=\/0x0:1036x1280\/600x0\/smart\/filters:strip_icc()\/i.s3.glbimg.com\/v1\/AUTH_59edd422c0c84a879bd37670ae4f538a\/internal_photos\/bs\/2023\/8\/O\/6o2PHjQxmPSnuyYq3SFw\/fernanda-aleixo-peca-paraiso.jpeg 600w\" alt=\"Personagem interpretada na pe\u00e7a 'Para\u00edso' fez Fernanda se ver como travesti \u2014 Foto: Fernanda Aleixo\/Arquivo Pessoal\" \/><\/figure>\n<\/div>\n<p class=\"content-media__description \">Personagem interpretada na pe\u00e7a &#8216;Para\u00edso&#8217; fez Fernanda se ver como travesti \u2014 Foto: Fernanda Aleixo\/Arquivo Pessoal<\/p>\n<\/div>\n<\/div>\n<\/div>\n<div id=\"chunk-c2sho\">\n<div class=\"mc-column content-text active-extra-styles \" data-block-type=\"unstyled\" data-block-weight=\"79\" data-block-id=\"18\">\n<p class=\"content-text__container \" data-track-category=\"Link no Texto\" data-track-links=\"\">\u201cMesmo com quatro anos de terapia, eu falava que eu n\u00e3o conseguia entender a minha ansiedade, que n\u00e3o cessava. Tentava interpretar, mas n\u00e3o ia. Ent\u00e3o, em 2018, fiz uma pe\u00e7a de teatro, com o pessoal do OAndarDeBaixo. Nessa pe\u00e7a eu era uma travesti de cabar\u00e9, de barba e cabelo curto. Pedi uma amiga para gravar o ensaio, onde eu dublava uma m\u00fasica da Christina Aguilera. \u00c0 noite, assisti ao v\u00eddeo e vi. Descobri a minha travesti interna\u201d.<\/p>\n<\/div>\n<\/div>\n<div class=\"mc-column content-text active-extra-styles\" data-block-type=\"raw\" data-block-weight=\"5\" data-block-id=\"19\">\n<p class=\"content-text__container\">\n<div class=\"content-intertitle\">\n<h2>O desafio di\u00e1rio da profiss\u00e3o<\/h2>\n<\/div>\n<p>&nbsp;<\/p>\n<\/div>\n<div id=\"chunk-fk4k3\">\n<div class=\"mc-column content-text active-extra-styles \" data-block-type=\"unstyled\" data-block-weight=\"22\" data-block-id=\"20\">\n<p class=\"content-text__container \" data-track-category=\"Link no Texto\" data-track-links=\"\">O\u00a0<a href=\"https:\/\/g1.globo.com\/mg\/zona-da-mata\/\"><strong>g1<\/strong><\/a>\u00a0solicitou \u00e0 Pol\u00edcia Civil informa\u00e7\u00f5es a respeito de profissionais da corpora\u00e7\u00e3o que se assumem LGTBQIA+, mas n\u00e3o obteve resposta.<\/p>\n<\/div>\n<\/div>\n<div id=\"chunk-70sd\">\n<div class=\"row medium-uncollapsed content-media content-photo\" data-block-type=\"backstage-photo\" data-block-id=\"21\">\n<div class=\"mc-column content-media__container\">\n<div class=\"content-media-container glb-skeleton-box\">\n<figure class=\"content-media-figure\"><img class=\"i-amphtml-fill-content i-amphtml-replaced-content\" src=\"https:\/\/s2.glbimg.com\/oAfXu0AlPTiOu_sL7rFfORqPI88=\/0x0:1312x610\/984x0\/smart\/filters:strip_icc()\/i.s3.glbimg.com\/v1\/AUTH_59edd422c0c84a879bd37670ae4f538a\/internal_photos\/bs\/2023\/T\/u\/6qfXE0QfuSCvy3A0Lw6Q\/fernanda-aleixo-3.jpg\" sizes=\"(max-width: 1707px) 648px, 100vw\" srcset=\"https:\/\/s2.glbimg.com\/Vabg3weOFRmrXrYxj6EoSIqyFvQ=\/0x0:1312x610\/1000x0\/smart\/filters:strip_icc()\/i.s3.glbimg.com\/v1\/AUTH_59edd422c0c84a879bd37670ae4f538a\/internal_photos\/bs\/2023\/T\/u\/6qfXE0QfuSCvy3A0Lw6Q\/fernanda-aleixo-3.jpg 1000w, https:\/\/s2.glbimg.com\/oAfXu0AlPTiOu_sL7rFfORqPI88=\/0x0:1312x610\/984x0\/smart\/filters:strip_icc()\/i.s3.glbimg.com\/v1\/AUTH_59edd422c0c84a879bd37670ae4f538a\/internal_photos\/bs\/2023\/T\/u\/6qfXE0QfuSCvy3A0Lw6Q\/fernanda-aleixo-3.jpg 984w, https:\/\/s2.glbimg.com\/6nbnmtyH6sgTCLlV-As1U5jRZ8c=\/0x0:1312x610\/640x0\/smart\/filters:strip_icc()\/i.s3.glbimg.com\/v1\/AUTH_59edd422c0c84a879bd37670ae4f538a\/internal_photos\/bs\/2023\/T\/u\/6qfXE0QfuSCvy3A0Lw6Q\/fernanda-aleixo-3.jpg 640w, https:\/\/s2.glbimg.com\/l1xMEnA1QgIg32L52jCJwlLKZkg=\/0x0:1312x610\/600x0\/smart\/filters:strip_icc()\/i.s3.glbimg.com\/v1\/AUTH_59edd422c0c84a879bd37670ae4f538a\/internal_photos\/bs\/2023\/T\/u\/6qfXE0QfuSCvy3A0Lw6Q\/fernanda-aleixo-3.jpg 600w\" alt=\"Fernanda Aleixo em entrevista \u00e0 TV Integra\u00e7\u00e3o, em Juiz de Fora \u2014 Foto: Reprodu\u00e7\u00e3o\/TV Integra\u00e7\u00e3o\" \/><\/figure>\n<\/div>\n<p class=\"content-media__description \">Fernanda Aleixo em entrevista \u00e0 TV Integra\u00e7\u00e3o, em Juiz de Fora \u2014 Foto: Reprodu\u00e7\u00e3o\/TV Integra\u00e7\u00e3o<\/p>\n<\/div>\n<\/div>\n<\/div>\n<div id=\"chunk-5550n\">\n<div class=\"mc-column content-text active-extra-styles \" data-block-type=\"unstyled\" data-block-weight=\"36\" data-block-id=\"23\">\n<p class=\"content-text__container \" data-track-category=\"Link no Texto\" data-track-links=\"\">Em um meio ainda predominantemente masculino, o inusitado fato de ser uma investigadora travesti, de batom, brincos e outros acess\u00f3rios femininos, chama aten\u00e7\u00e3o. Os olhares curiosos \u2014 e por vezes preconceituosos \u2014 n\u00e3o s\u00e3o incomuns.<\/p>\n<\/div>\n<\/div>\n<div id=\"chunk-89p9o\">\n<div class=\"mc-column content-text active-extra-styles \" data-block-type=\"unstyled\" data-block-weight=\"14\" data-block-id=\"24\">\n<p class=\"content-text__container \" data-track-category=\"Link no Texto\" data-track-links=\"\">No entanto, em equipe de trabalho, ela se diz segura e aceita.<\/p>\n<\/div>\n<\/div>\n<div class=\"mc-column content-text active-extra-styles\" data-block-type=\"raw\" data-block-weight=\"46\" data-block-id=\"25\">\n<p class=\"content-text__container\">\n<blockquote class=\"content-blockquote theme-border-color-primary-before\"><p>\u201cN\u00e3o tenho o costume de participar de muitas opera\u00e7\u00f5es de rua. Nas poucas que fui, n\u00e3o senti preconceito. H\u00e1 as pessoas que ficam de longe debochando, mas as que se aproximam e conversam reagem bem. Quem tem coragem de chegar at\u00e9 mim, elogia minha coragem\u201d, contou.<\/p><\/blockquote>\n<p>&nbsp;<\/p>\n<\/div>\n<div id=\"chunk-5a7n1\">\n<div class=\"mc-column content-text active-extra-styles \" data-block-type=\"unstyled\" data-block-weight=\"27\" data-block-id=\"26\">\n<p class=\"content-text__container \" data-track-category=\"Link no Texto\" data-track-links=\"\">\u201cTenho um amigo da pol\u00edcia que \u00e9 gay, que estava com meias rosas, e foi chamado de viado em uma opera\u00e7\u00e3o, mas comigo isso nunca aconteceu\u201d.<\/p>\n<\/div>\n<\/div>\n<div class=\"mc-column content-text active-extra-styles\" data-block-type=\"raw\" data-block-weight=\"1\" data-block-id=\"27\">\n<p class=\"content-text__container\">\n<div class=\"content-intertitle\">\n<h2>Independ\u00eancia<\/h2>\n<\/div>\n<p>&nbsp;<\/p>\n<\/div>\n<div id=\"chunk-8ja06\">\n<div class=\"mc-column content-text active-extra-styles \" data-block-type=\"unstyled\" data-block-weight=\"31\" data-block-id=\"28\">\n<p class=\"content-text__container \" data-track-category=\"Link no Texto\" data-track-links=\"\">Segundo a investigadora, parte da confian\u00e7a em se assumir, al\u00e9m do lado psicol\u00f3gico que vem sendo trabalhado ano a ano na terapia, tem a ver com o apoio que recebe.<\/p>\n<\/div>\n<\/div>\n<div class=\"mc-column content-text active-extra-styles\" data-block-type=\"raw\" data-block-weight=\"43\" data-block-id=\"29\">\n<p class=\"content-text__container\">\n<blockquote class=\"content-blockquote theme-border-color-primary-before\"><p>\u201cQuando me assumi gay, minha m\u00e3e, que \u00e9 professora, espalhou para a fam\u00edlia toda. Demorei mais para eu falar com meu pai, caminhoneiro, mas temos uma \u00f3tima rela\u00e7\u00e3o. Minha sobrinha de 9 anos adora me maquiar. Minha fam\u00edlia tem orgulho de mim\u201d.<\/p><\/blockquote>\n<p>&nbsp;<\/p>\n<\/div>\n<div id=\"chunk-cjt6v\">\n<div class=\"mc-column content-text active-extra-styles \" data-block-type=\"unstyled\" data-block-weight=\"14\" data-block-id=\"30\">\n<p class=\"content-text__container \" data-track-category=\"Link no Texto\" data-track-links=\"\">Ainda segundo Fernanda, a independ\u00eancia financeira e o teatro facilitaram todo o processo.<\/p>\n<\/div>\n<\/div>\n<div id=\"chunk-6770b\">\n<div class=\"content-ads content-ads--reveal\" data-block-type=\"ads\" data-block-id=\"31\">\n<div id=\"banner_materia__c6ce7f4a-edb0-4226-a068-1af7d54f3ff4\" class=\"tag-manager-publicidade-container mc-has-reveal mc-has-ad-lazyload tag-manager-publicidade-banner_materia__c6ce7f4a-edb0-4226-a068-1af7d54f3ff4 tag-manager-publicidade-container--carregado tag-manager-publicidade-container--visivel\" data-id=\"banner_materia__c6ce7f4a-edb0-4226-a068-1af7d54f3ff4\" data-google-query-id=\"CMa28JDR2_wCFee5lQIdadwI7w\">\n<div id=\"google_ads_iframe_\/95377733\/tvg_G1\/Sua_Regiao&gt;Sudeste&gt;Minas_Gerais_(Zona_da_Mata)_6__container__\" style=\"box-sizing: inherit; margin: auto; padding: 0px; border: 0pt none; font: inherit; vertical-align: initial; max-width: 100%; text-align: center; width: 970px; height: 250px;\">\u201cDesde que passei no concurso, eu me banco. Mesmo que a fam\u00edlia me apoie, essa independ\u00eancia me facilitou. Sem falar na faculdade de artes c\u00eanicas, que mudou a minha vida. O ambiente de arte, de m\u00fasica, de teatro, de performance. A arte ajuda muito. Faz voc\u00ea encontrar pessoas \u00e0 frente do tempo. Sou de uma cidade que o teatro era de escola\u201d. Peso do passado e passos para o futuroMesmo em um processo de autoconhecimento constante, a investigadora ainda carrega alguns pesos do passado. \u201cSempre fui uma crian\u00e7a afeminada, que sofria na escola. Quando entrei na adolesc\u00eancia, passei a me apresentar socialmente de outra forma por muitos e muitos anos para me adequar e para ningu\u00e9m ficar me chamando de nada. E isso ainda tem um peso em mim\u201d.<\/div>\n<\/div>\n<\/div>\n<\/div>\n<div id=\"chunk-4nt89\">\n<div class=\"row medium-uncollapsed content-media content-photo\" data-block-type=\"backstage-photo\" data-block-id=\"35\">\n<div class=\"mc-column content-media__container\">\n<div class=\"content-media-container glb-skeleton-box\">\n<figure class=\"content-media-figure\"><img class=\"i-amphtml-fill-content i-amphtml-replaced-content\" src=\"https:\/\/s2.glbimg.com\/CfrMickqGP812UrUdelsOgolBJ8=\/0x0:1200x1599\/984x0\/smart\/filters:strip_icc()\/i.s3.glbimg.com\/v1\/AUTH_59edd422c0c84a879bd37670ae4f538a\/internal_photos\/bs\/2023\/K\/5\/T4hSpzSAOtssLAaOS65w\/fernanda-aleixo.jpeg\" sizes=\"(max-width: 1707px) 648px, 100vw\" srcset=\"https:\/\/s2.glbimg.com\/Z7fpXCqV-f8nIqGQ2xVbxOFFNfI=\/0x0:1200x1599\/1000x0\/smart\/filters:strip_icc()\/i.s3.glbimg.com\/v1\/AUTH_59edd422c0c84a879bd37670ae4f538a\/internal_photos\/bs\/2023\/K\/5\/T4hSpzSAOtssLAaOS65w\/fernanda-aleixo.jpeg 1000w, https:\/\/s2.glbimg.com\/CfrMickqGP812UrUdelsOgolBJ8=\/0x0:1200x1599\/984x0\/smart\/filters:strip_icc()\/i.s3.glbimg.com\/v1\/AUTH_59edd422c0c84a879bd37670ae4f538a\/internal_photos\/bs\/2023\/K\/5\/T4hSpzSAOtssLAaOS65w\/fernanda-aleixo.jpeg 984w, https:\/\/s2.glbimg.com\/o5os3WotbFZQHSTDRK6JtsZlJEk=\/0x0:1200x1599\/640x0\/smart\/filters:strip_icc()\/i.s3.glbimg.com\/v1\/AUTH_59edd422c0c84a879bd37670ae4f538a\/internal_photos\/bs\/2023\/K\/5\/T4hSpzSAOtssLAaOS65w\/fernanda-aleixo.jpeg 640w, https:\/\/s2.glbimg.com\/Jcuu7yUzm-ZaG437Sw_7ztIkMgM=\/0x0:1200x1599\/600x0\/smart\/filters:strip_icc()\/i.s3.glbimg.com\/v1\/AUTH_59edd422c0c84a879bd37670ae4f538a\/internal_photos\/bs\/2023\/K\/5\/T4hSpzSAOtssLAaOS65w\/fernanda-aleixo.jpeg 600w\" alt=\"Fernanda Aleixo \u00e9 investigadora da Pol\u00edcia Civil em Juiz de Fora \u2014 Foto: Fernanda Aleixo\/Arquivo Pessoal\" \/><\/figure>\n<\/div>\n<p class=\"content-media__description \">Fernanda Aleixo \u00e9 investigadora da Pol\u00edcia Civil em Juiz de Fora \u2014 Foto: Fernanda Aleixo\/Arquivo Pessoal<\/p>\n<p class=\"content-media__description \"><span style=\"font-family: inherit; font-size: inherit; font-style: inherit; font-variant-ligatures: inherit; font-variant-caps: inherit; font-weight: inherit; text-align: center;\">O bom humor e a paz consigo mesma s\u00e3o, conforme ela, itens necess\u00e1rios para os desafios di\u00e1rios:<\/span><\/p>\n<\/div>\n<\/div>\n<\/div>\n<div class=\"mc-column content-text active-extra-styles\" data-block-type=\"raw\" data-block-weight=\"63\" data-block-id=\"38\">\n<blockquote class=\"content-blockquote theme-border-color-primary-before\"><p>\u201cTenho que t\u00e1 internamente muito bem, pois todo dia que saio de casa pode vir um deboche, uma provoca\u00e7\u00e3o. E acho que isso n\u00e3o vai mudar, mesmo que seu fique completamente feminina. Vai mudar a forma como eu recebo. Se eu ficar nessa energia negativa, eu n\u00e3o vivo. Gera um sentimento muito forte de \u00f3dio, mas se eu pensar nisso, n\u00e3o vou viver.\u201d<\/p><\/blockquote>\n<\/div>\n<div id=\"chunk-42dh5\">\n<div class=\"mc-column content-text active-extra-styles \" data-block-type=\"unstyled\" data-block-weight=\"42\" data-block-id=\"39\">\n<p class=\"content-text__container \" data-track-category=\"Link no Texto\" data-track-links=\"\">Sem ficar presa aos r\u00f3tulos, o riso vem at\u00e9 mesmo na hora de dizer como prefere ser chamada. \u201cAs pessoas ficam na d\u00favida se me chamam de ele ou ela. \u00c0s vezes eu tamb\u00e9m me perco e vou me transformando mentalmente\u201d.<\/p>\n<\/div>\n<\/div>\n<\/div>\n<\/article>\n<\/div>\n","protected":false},"excerpt":{"rendered":"<p>Fernanda Aleixo, graduada em Artes C\u00eanicas pela UFOP, redescobriu a identidade de g\u00eanero em personagem que interpretou na pe\u00e7a &#8216;Para\u00edso&#8217;. Ao g1, ela tamb\u00e9m falou sobre o processo de transi\u00e7\u00e3o e na rela\u00e7\u00e3o com os colegas da corpora\u00e7\u00e3o, em Juiz de Fora. Por Juliana Netto, g1 Fernanda Aleixo, investigadora travesti da Pol\u00edcia Civil de Juiz [&hellip;]<\/p>\n","protected":false},"author":2,"featured_media":0,"comment_status":"open","ping_status":"open","sticky":false,"template":"","format":"standard","meta":{"_links_to":"","_links_to_target":""},"categories":[7,9,8,1,5],"tags":[],"_links":{"self":[{"href":"https:\/\/www.ilheusnoticias.net.br\/v1\/wp-json\/wp\/v2\/posts\/30700"}],"collection":[{"href":"https:\/\/www.ilheusnoticias.net.br\/v1\/wp-json\/wp\/v2\/posts"}],"about":[{"href":"https:\/\/www.ilheusnoticias.net.br\/v1\/wp-json\/wp\/v2\/types\/post"}],"author":[{"embeddable":true,"href":"https:\/\/www.ilheusnoticias.net.br\/v1\/wp-json\/wp\/v2\/users\/2"}],"replies":[{"embeddable":true,"href":"https:\/\/www.ilheusnoticias.net.br\/v1\/wp-json\/wp\/v2\/comments?post=30700"}],"version-history":[{"count":1,"href":"https:\/\/www.ilheusnoticias.net.br\/v1\/wp-json\/wp\/v2\/posts\/30700\/revisions"}],"predecessor-version":[{"id":30701,"href":"https:\/\/www.ilheusnoticias.net.br\/v1\/wp-json\/wp\/v2\/posts\/30700\/revisions\/30701"}],"wp:attachment":[{"href":"https:\/\/www.ilheusnoticias.net.br\/v1\/wp-json\/wp\/v2\/media?parent=30700"}],"wp:term":[{"taxonomy":"category","embeddable":true,"href":"https:\/\/www.ilheusnoticias.net.br\/v1\/wp-json\/wp\/v2\/categories?post=30700"},{"taxonomy":"post_tag","embeddable":true,"href":"https:\/\/www.ilheusnoticias.net.br\/v1\/wp-json\/wp\/v2\/tags?post=30700"}],"curies":[{"name":"wp","href":"https:\/\/api.w.org\/{rel}","templated":true}]}}