{"id":30691,"date":"2023-01-22T07:48:08","date_gmt":"2023-01-22T10:48:08","guid":{"rendered":"https:\/\/www.ilheusnoticias.net.br\/v1\/?p=30691"},"modified":"2023-01-22T07:48:08","modified_gmt":"2023-01-22T10:48:08","slug":"salario-minimo-fica-em-r-1-302-pelo-menos-ate-maio-diz-ministro-do-trabalho","status":"publish","type":"post","link":"https:\/\/www.ilheusnoticias.net.br\/v1\/2023\/01\/22\/salario-minimo-fica-em-r-1-302-pelo-menos-ate-maio-diz-ministro-do-trabalho\/","title":{"rendered":"Sal\u00e1rio m\u00ednimo fica em R$ 1.302 pelo menos at\u00e9 maio, diz ministro do Trabalho"},"content":{"rendered":"<div class=\"row content-head non-featured \">\n<div class=\"title\" data-block-type=\"title\" data-block-id=\"0\">\n<h1 class=\"content-head__title\"><span style=\"font-size: 16px;\">Luiz Marinho fez previs\u00e3o ap\u00f3s cerim\u00f4nia no Pal\u00e1cio do Planalto. Minist\u00e9rios ter\u00e3o 45 dias, prorrog\u00e1veis por igual prazo, para propor regras de valoriza\u00e7\u00e3o permanente do sal\u00e1rio m\u00ednimo.<\/span><\/h1>\n<\/div>\n<\/div>\n<div class=\"content__signa-share\">\n<div class=\"content__signature\">\n<div class=\"content-publication-data\">\n<div class=\"content-publication-data__text\">\n<p class=\"content-publication-data__from\" title=\"Alexandro Martello e Beatriz Borges, g1\">Por Alexandro Martello e Beatriz Borges, g1\u00a0\u2014 Bras\u00edlia<\/p>\n<\/div>\n<\/div>\n<\/div>\n<\/div>\n<div class=\"mc-article-body\">\n<article>\n<div id=\"chunk-apm1d\">\n<div class=\"mc-column content-text active-extra-styles active-capital-letter\" data-block-type=\"unstyled\" data-block-weight=\"36\" data-block-id=\"2\">\n<p class=\"content-text__container theme-color-primary-first-letter\" data-track-category=\"Link no Texto\" data-track-links=\"\">O ministro do Trabalho, Luiz Marinho, afirmou nesta quarta-feira (18) que o sal\u00e1rio m\u00ednimo permanecer\u00e1 em R$ 1.302 at\u00e9 maio deste ano \u2013 quando poder\u00e1 ser elevado, a depender do avan\u00e7o das discuss\u00f5es sobre o tema.<\/p>\n<\/div>\n<\/div>\n<div class=\"wall protected-content\">\n<div id=\"chunk-b9qbp\">\n<div class=\"mc-column content-text active-extra-styles \" data-block-type=\"unstyled\" data-block-weight=\"57\" data-block-id=\"3\">\n<p class=\"content-text__container \" data-track-category=\"Link no Texto\" data-track-links=\"\">O debate sobre o patamar do sal\u00e1rio m\u00ednimo a partir de maio ser\u00e1 capitaneado por um grupo de trabalho criado nesta quarta pelo presidente Luiz In\u00e1cio\u00a0<a href=\"https:\/\/g1.globo.com\/politica\/politico\/lula\/\">Lula<\/a>\u00a0da Silva (PT). Esse grupo, que vigorar\u00e1 por 45 dias, prorrog\u00e1veis por igual prazo, tamb\u00e9m ficar\u00e1 respons\u00e1vel pela defini\u00e7\u00e3o de uma pol\u00edtica permanente para o sal\u00e1rio m\u00ednimo nos pr\u00f3ximos anos.<\/p>\n<\/div>\n<\/div>\n<div class=\"mc-column content-text active-extra-styles\" data-block-type=\"raw\" data-block-weight=\"50\" data-block-id=\"4\">\n<p class=\"content-text__container\">\n<blockquote class=\"content-blockquote theme-border-color-primary-before\"><p>&#8220;Neste momento, o sal\u00e1rio m\u00ednimo vale R$ 1.302. O despacho \u00e9: estamos instituindo um grupo de trabalho que discutir\u00e1 a politica de valoriza\u00e7\u00e3o do sal\u00e1rio m\u00ednimo. (&#8230;) Hoje \u00e9 R$ 1.302 e maio pode ser que haja altera\u00e7\u00e3o a partir desse trabalho que vamos construir&#8221;, declarou o ministro do Trabalho.<\/p><\/blockquote>\n<p>&nbsp;<\/p>\n<\/div>\n<div id=\"chunk-dl54t\">\n<div class=\"mc-column content-text active-extra-styles \" data-block-type=\"unstyled\" data-block-weight=\"22\" data-block-id=\"5\">\n<p class=\"content-text__container \" data-track-category=\"Link no Texto\" data-track-links=\"\">O valor de R$ 1.302\u00a0<a href=\"https:\/\/g1.globo.com\/politica\/noticia\/2022\/12\/12\/bolsonaro-assina-mp-que-eleva-salario-minimo-para-r-1302-diz-planalto.ghtml\">foi definido pelo ex-presidente Jair Bolsonaro em dezembro do ano passado por meio de medida provis\u00f3ria.<\/a><\/p>\n<\/div>\n<\/div>\n<div id=\"chunk-3pb33\">\n<div class=\"mc-column content-text active-extra-styles \" data-block-type=\"unstyled\" data-block-weight=\"44\" data-block-id=\"6\">\n<p class=\"content-text__container \" data-track-category=\"Link no Texto\" data-track-links=\"\">A proposta de or\u00e7amento para 2023 previa R$ 6,8 bilh\u00f5es adicionais para custear o reajuste do piso prometido por Lula, mas o valor se mostrou insuficiente para elevar o valor para R$ 1.320,\u00a0<a href=\"https:\/\/g1.globo.com\/politica\/noticia\/2022\/12\/02\/equipe-de-lula-deve-propor-salario-minimo-de-r-1320-em-2023-diz-coordenador-do-orcamento.ghtml\">divulgado pela equipe de transi\u00e7\u00e3o<\/a> ap\u00f3s o novo governo tomar posse.<\/p>\n<\/div>\n<\/div>\n<div id=\"chunk-aebl2\">\n<div class=\"mc-column content-text active-extra-styles \" data-block-type=\"unstyled\" data-block-weight=\"23\" data-block-id=\"8\">\n<p class=\"content-text__container \" data-track-category=\"Link no Texto\" data-track-links=\"\">Nesta quarta-feira, representantes dos sindicatos pediram, durante cerim\u00f4nia no Pal\u00e1cio do Planalto, que o valor do sal\u00e1rio m\u00ednimo seja elevado para R$ 1.343.<\/p>\n<\/div>\n<\/div>\n<div id=\"chunk-5oh9b\">\n<div class=\"mc-column content-text active-extra-styles \" data-block-type=\"unstyled\" data-block-weight=\"51\" data-block-id=\"9\">\n<p class=\"content-text__container \" data-track-category=\"Link no Texto\" data-track-links=\"\">Questionado se n\u00e3o \u00e9 ruim manter um valor definido por Jair Bolsonaro at\u00e9 maio, Marinho afirmou que, se fosse na gest\u00e3o do ex-presidente, o valor seria de R$ 1.286, correspondente apenas \u00e0 varia\u00e7\u00e3o da infla\u00e7\u00e3o medida pelo INPC no ano passado. Nos \u00faltimos anos, a gest\u00e3o Bolsonaro n\u00e3o deu reajustes reais.<\/p>\n<\/div>\n<\/div>\n<div id=\"chunk-6eek0\">\n<div class=\"mc-column content-text active-extra-styles \" data-block-type=\"unstyled\" data-block-weight=\"54\" data-block-id=\"10\">\n<p class=\"content-text__container \" data-track-category=\"Link no Texto\" data-track-links=\"\">&#8220;Se fosse o Bolsonaro, seguramente, ele iria reduzir para a infla\u00e7\u00e3o como fez em todo seu mandato. Portanto, se fosse o Bolsonaro, hoje certamente o sal\u00e1rio m\u00ednimo seria de R$ 1.286, que correspondeu \u00e0 infla\u00e7\u00e3o. Mantivemos em R$ 1.302 e vamos discutir no grupo de trabalho a valoriza\u00e7\u00e3o do sal\u00e1rio m\u00ednimo&#8221;, acrescentou ele.<\/p>\n<\/div>\n<\/div>\n<div id=\"chunk-7lrbr\">\n<div class=\"bs-video-block mc-column  content-media content-video\" data-block-type=\"backstage-video\" data-block-id=\"11\">\n<div class=\"content-media__container\">\n<div class=\"content-video__bigger-player-description-fixer\">\n<article class=\"content-video\">\n<section class=\"content-video__video-container\">\n<div class=\"content-video__video\">\n<div class=\"content-video__placeholder\" data-video-id=\"11225925\" data-video-has-viewport-play=\"True\"><img class=\"content-video__placeholder__thumb\" title=\"Congresso aprova or\u00e7amento de 2023 com sal\u00e1rio m\u00ednimo de R$ 1.320 e Bolsa Fam\u00edlia de R$ 600\" src=\"https:\/\/s02.video.glbimg.com\/x240\/11225925.jpg\" alt=\"Congresso aprova or\u00e7amento de 2023 com sal\u00e1rio m\u00ednimo de R$ 1.320 e Bolsa Fam\u00edlia de R$ 600\" \/><\/div>\n<div id=\"wp3-player-2\" class=\"clappr-player\" tabindex=\"9999\" data-player=\"\">\n<div class=\"dfp-ad-overlay dfp-ad-overlay--poster-mode\">\n<div>Congresso aprova or\u00e7amento de 2023 com sal\u00e1rio m\u00ednimo de R$ 1.320 e Bolsa Fam\u00edlia de R$ 600<\/div>\n<\/div>\n<\/div>\n<\/div>\n<\/section>\n<\/article>\n<\/div>\n<\/div>\n<\/div>\n<\/div>\n<div class=\"mc-column content-text active-extra-styles\" data-block-type=\"raw\" data-block-weight=\"4\" data-block-id=\"13\">\n<div class=\"content-intertitle\">\n<h2>Pol\u00edtica permanente de reajustes<\/h2>\n<\/div>\n<\/div>\n<div id=\"chunk-9qh46\">\n<div class=\"mc-column content-text active-extra-styles \" data-block-type=\"unstyled\" data-block-weight=\"40\" data-block-id=\"14\">\n<p class=\"content-text__container \" data-track-category=\"Link no Texto\" data-track-links=\"\">Sobre a pol\u00edtica permanente de reajuste do sal\u00e1rio m\u00ednimo, o ministro Marinho afirmou que ela considerar\u00e1, assim como foi feito em gest\u00f5es anteriores do Partido dos Trabalhadores, aumentos reais que considerem o crescimento da economia, o Produto Interno Bruto (PIB).<\/p>\n<\/div>\n<\/div>\n<div id=\"chunk-bn4ga\">\n<div class=\"mc-column content-text active-extra-styles \" data-block-type=\"unstyled\" data-block-weight=\"53\" data-block-id=\"15\">\n<p class=\"content-text__container \" data-track-category=\"Link no Texto\" data-track-links=\"\">&#8220;Na verdade, isso \u00e9 uma diretriz [aumentos com base no crescimento do PIB]. E a partir dessa diretriz, sob a luz do que vai acontecer na economia, com base no PIB, qual a modula\u00e7\u00e3o que voc\u00ea faz. Mas o PIB sempre \u00e9 uma grande refer\u00eancia para se chegar \u00e0 pol\u00edtica&#8221;, disse Marinho.<\/p>\n<\/div>\n<\/div>\n<div id=\"chunk-8v5l4\">\n<div class=\"mc-column content-text active-extra-styles \" data-block-type=\"unstyled\" data-block-weight=\"34\" data-block-id=\"16\">\n<p class=\"content-text__container \" data-track-category=\"Link no Texto\" data-track-links=\"\">Mais cedo, em cerim\u00f4nia com sindicalistas, o presidente Luiz In\u00e1cio Lula da Silva afirmou que dar aumento para o sal\u00e1rio m\u00ednimo acima da infla\u00e7\u00e3o \u00e9 a melhor forma de distribui\u00e7\u00e3o de renda no pa\u00eds.<\/p>\n<\/div>\n<\/div>\n<div data-track-category=\"multicontent\" data-track-action=\"ultimo chunk conteudo\" data-track-noninteraction=\"false\" data-track-scroll=\"view\">\n<div id=\"chunk-84uee\">\n<div class=\"mc-column content-text active-extra-styles \" data-block-type=\"unstyled\" data-block-weight=\"68\" data-block-id=\"17\">\n<p class=\"content-text__container \" data-track-category=\"Link no Texto\" data-track-links=\"\">&#8220;N\u00e3o adianta o PIB crescer se ele n\u00e3o for distribu\u00eddo, [&#8230;] neste pa\u00eds o PIB j\u00e1 cresceu 14% ao ano e o trabalhador ficou mais pobre, porque se o PIB cresce e fica s\u00f3 com o dono da empresa, quem fez o PIB crescer n\u00e3o ganha nada que \u00e9 o trabalhador brasileiro. Ent\u00e3o o sal\u00e1rio m\u00ednimo tem que subir de acordo com o crescimento da economia&#8221;, afirmou Lula.<\/p>\n<\/div>\n<\/div>\n<\/div>\n<\/div>\n<\/article>\n<\/div>\n","protected":false},"excerpt":{"rendered":"<p>Luiz Marinho fez previs\u00e3o ap\u00f3s cerim\u00f4nia no Pal\u00e1cio do Planalto. Minist\u00e9rios ter\u00e3o 45 dias, prorrog\u00e1veis por igual prazo, para propor regras de valoriza\u00e7\u00e3o permanente do sal\u00e1rio m\u00ednimo. Por Alexandro Martello e Beatriz Borges, g1\u00a0\u2014 Bras\u00edlia O ministro do Trabalho, Luiz Marinho, afirmou nesta quarta-feira (18) que o sal\u00e1rio m\u00ednimo permanecer\u00e1 em R$ 1.302 at\u00e9 maio [&hellip;]<\/p>\n","protected":false},"author":2,"featured_media":0,"comment_status":"open","ping_status":"open","sticky":false,"template":"","format":"standard","meta":{"_links_to":"","_links_to_target":""},"categories":[7,9,8,1],"tags":[],"_links":{"self":[{"href":"https:\/\/www.ilheusnoticias.net.br\/v1\/wp-json\/wp\/v2\/posts\/30691"}],"collection":[{"href":"https:\/\/www.ilheusnoticias.net.br\/v1\/wp-json\/wp\/v2\/posts"}],"about":[{"href":"https:\/\/www.ilheusnoticias.net.br\/v1\/wp-json\/wp\/v2\/types\/post"}],"author":[{"embeddable":true,"href":"https:\/\/www.ilheusnoticias.net.br\/v1\/wp-json\/wp\/v2\/users\/2"}],"replies":[{"embeddable":true,"href":"https:\/\/www.ilheusnoticias.net.br\/v1\/wp-json\/wp\/v2\/comments?post=30691"}],"version-history":[{"count":1,"href":"https:\/\/www.ilheusnoticias.net.br\/v1\/wp-json\/wp\/v2\/posts\/30691\/revisions"}],"predecessor-version":[{"id":30692,"href":"https:\/\/www.ilheusnoticias.net.br\/v1\/wp-json\/wp\/v2\/posts\/30691\/revisions\/30692"}],"wp:attachment":[{"href":"https:\/\/www.ilheusnoticias.net.br\/v1\/wp-json\/wp\/v2\/media?parent=30691"}],"wp:term":[{"taxonomy":"category","embeddable":true,"href":"https:\/\/www.ilheusnoticias.net.br\/v1\/wp-json\/wp\/v2\/categories?post=30691"},{"taxonomy":"post_tag","embeddable":true,"href":"https:\/\/www.ilheusnoticias.net.br\/v1\/wp-json\/wp\/v2\/tags?post=30691"}],"curies":[{"name":"wp","href":"https:\/\/api.w.org\/{rel}","templated":true}]}}