{"id":30688,"date":"2023-01-22T07:44:29","date_gmt":"2023-01-22T10:44:29","guid":{"rendered":"https:\/\/www.ilheusnoticias.net.br\/v1\/?p=30688"},"modified":"2023-01-22T07:44:29","modified_gmt":"2023-01-22T10:44:29","slug":"mulher-que-acusa-daniel-alves-de-agressao-sexual-diz-a-juiza-que-nao-quer-ser-indenizada","status":"publish","type":"post","link":"https:\/\/www.ilheusnoticias.net.br\/v1\/2023\/01\/22\/mulher-que-acusa-daniel-alves-de-agressao-sexual-diz-a-juiza-que-nao-quer-ser-indenizada\/","title":{"rendered":"Mulher que acusa Daniel Alves de agress\u00e3o sexual diz \u00e0 ju\u00edza que n\u00e3o quer ser indenizada"},"content":{"rendered":"<div class=\"row content-head non-featured \">\n<div class=\"title\" data-block-type=\"title\" data-block-id=\"0\">\n<h1 class=\"content-head__title\"><span style=\"font-size: 16px;\"><img loading=\"lazy\" class=\"\" src=\"https:\/\/s2.glbimg.com\/e5E3DZ234G-SO85snGfnIDRRmco=\/0x0:3200x2133\/984x0\/smart\/filters:strip_icc()\/i.s3.glbimg.com\/v1\/AUTH_bc8228b6673f488aa253bbcb03c80ec5\/internal_photos\/bs\/2023\/b\/P\/qDdFRYQTCMxewXUAPS4A\/gettyimages-1455072582.jpg\" alt=\"Daniel Alves estava no Pumas, mas teve seu contrato rescindido na sexta \u2014 Foto: Mauricio Salas\/Getty Images\" width=\"330\" height=\"220\" \/><\/span><\/h1>\n<h1 class=\"content-head__title\"><span style=\"font-size: 16px;\">Ap\u00f3s ju\u00edza afirmar que denunciante teria direito a indeniza\u00e7\u00e3o em caso de condena\u00e7\u00e3o do jogador, jovem de 23 anos destacou que n\u00e3o quer qualquer quantia<\/span><\/h1>\n<\/div>\n<\/div>\n<div class=\"content__signa-share\">\n<div class=\"content__signature\">\n<div class=\"content-publication-data\">\n<div class=\"content-publication-data__text\">\n<p class=\"content-publication-data__from\" title=\"Guilherme Pereira e Paula Muriel*\">Por Guilherme Pereira e Paula Muriel*\u00a0\u2014 Barcelona<\/p>\n<p class=\"content-publication-data__updated\"><time datetime=\"2023-01-21T20:03:28.044Z\">21\/01\/2023 17h03\u00a0<\/time><span class=\"content-publication-data__updated-relative\">\u00a0<time datetime=\"2023-01-21T23:51:51.872Z\">Atualizado\u00a0<time datetime=\"2023-01-21T23:51:51.872Z\">h\u00e1 10 horas<\/time><\/time><\/span><\/p>\n<\/div>\n<\/div>\n<\/div>\n<\/div>\n<div class=\"mc-article-body\">\n<article>\n<div id=\"chunk-3q1de\">\n<div class=\"mc-column content-text active-extra-styles active-capital-letter\" data-block-type=\"unstyled\" data-block-weight=\"52\" data-block-id=\"2\">\n<p class=\"content-text__container theme-color-primary-first-letter\" data-track-category=\"Link no Texto\" data-track-links=\"\">A mulher que acusa Daniel Alves de agress\u00e3o sexual recusou receber indeniza\u00e7\u00e3o do jogador se ele for condenado. Durante o depoimento da denunciante, a ju\u00edza ressaltou que, em caso de condena\u00e7\u00e3o nesse tipo de crime, a v\u00edtima pode ser indenizada financeiramente. Mas a espanhola de 23 anos disse que n\u00e3o quer dinheiro.<\/p>\n<\/div>\n<\/div>\n<div class=\"wall protected-content\">\n<div id=\"chunk-8bjnv\">\n<div class=\"mc-column content-text active-extra-styles \" data-block-type=\"unstyled\" data-block-weight=\"35\" data-block-id=\"3\">\n<p class=\"content-text__container \" data-track-category=\"Link no Texto\" data-track-links=\"\">A informa\u00e7\u00e3o foi publicada inicialmente pelo &#8220;El Pa\u00eds&#8221; e confirmada pelo\u00a0<strong>ge<\/strong>. Durante o depoimento, ela destacou que faz parte de uma fam\u00edlia bem resolvida financeiramente e deseja que seja feita justi\u00e7a, sem ganho financeiro.<\/p>\n<\/div>\n<\/div>\n<\/div>\n<\/article>\n<\/div>\n","protected":false},"excerpt":{"rendered":"<p>Ap\u00f3s ju\u00edza afirmar que denunciante teria direito a indeniza\u00e7\u00e3o em caso de condena\u00e7\u00e3o do jogador, jovem de 23 anos destacou que n\u00e3o quer qualquer quantia Por Guilherme Pereira e Paula Muriel*\u00a0\u2014 Barcelona 21\/01\/2023 17h03\u00a0\u00a0Atualizado\u00a0h\u00e1 10 horas A mulher que acusa Daniel Alves de agress\u00e3o sexual recusou receber indeniza\u00e7\u00e3o do jogador se ele for condenado. Durante [&hellip;]<\/p>\n","protected":false},"author":2,"featured_media":0,"comment_status":"open","ping_status":"open","sticky":false,"template":"","format":"standard","meta":{"_links_to":"","_links_to_target":""},"categories":[7,9,8,1],"tags":[],"_links":{"self":[{"href":"https:\/\/www.ilheusnoticias.net.br\/v1\/wp-json\/wp\/v2\/posts\/30688"}],"collection":[{"href":"https:\/\/www.ilheusnoticias.net.br\/v1\/wp-json\/wp\/v2\/posts"}],"about":[{"href":"https:\/\/www.ilheusnoticias.net.br\/v1\/wp-json\/wp\/v2\/types\/post"}],"author":[{"embeddable":true,"href":"https:\/\/www.ilheusnoticias.net.br\/v1\/wp-json\/wp\/v2\/users\/2"}],"replies":[{"embeddable":true,"href":"https:\/\/www.ilheusnoticias.net.br\/v1\/wp-json\/wp\/v2\/comments?post=30688"}],"version-history":[{"count":2,"href":"https:\/\/www.ilheusnoticias.net.br\/v1\/wp-json\/wp\/v2\/posts\/30688\/revisions"}],"predecessor-version":[{"id":30690,"href":"https:\/\/www.ilheusnoticias.net.br\/v1\/wp-json\/wp\/v2\/posts\/30688\/revisions\/30690"}],"wp:attachment":[{"href":"https:\/\/www.ilheusnoticias.net.br\/v1\/wp-json\/wp\/v2\/media?parent=30688"}],"wp:term":[{"taxonomy":"category","embeddable":true,"href":"https:\/\/www.ilheusnoticias.net.br\/v1\/wp-json\/wp\/v2\/categories?post=30688"},{"taxonomy":"post_tag","embeddable":true,"href":"https:\/\/www.ilheusnoticias.net.br\/v1\/wp-json\/wp\/v2\/tags?post=30688"}],"curies":[{"name":"wp","href":"https:\/\/api.w.org\/{rel}","templated":true}]}}