{"id":30686,"date":"2023-01-22T07:41:29","date_gmt":"2023-01-22T10:41:29","guid":{"rendered":"https:\/\/www.ilheusnoticias.net.br\/v1\/?p=30686"},"modified":"2023-01-22T07:41:29","modified_gmt":"2023-01-22T10:41:29","slug":"lula-viaja-para-argentina-neste-domingo-em-seu-1o-compromisso-internacional-como-presidente","status":"publish","type":"post","link":"https:\/\/www.ilheusnoticias.net.br\/v1\/2023\/01\/22\/lula-viaja-para-argentina-neste-domingo-em-seu-1o-compromisso-internacional-como-presidente\/","title":{"rendered":"Lula viaja para Argentina neste domingo em seu 1\u00ba compromisso internacional como presidente"},"content":{"rendered":"<div class=\"row content-head non-featured \">\n<div class=\"title\" data-block-type=\"title\" data-block-id=\"0\">\n<h1><img loading=\"lazy\" class=\"alignnone size-full wp-image-6522\" src=\"https:\/\/www.ilheusnoticias.net.br\/v1\/wp-content\/uploads\/2017\/06\/lula.jpg\" alt=\"\" width=\"173\" height=\"115\" \/><\/h1>\n<h1 class=\"content-head__title\"><span style=\"font-size: 16px;\">O presidente <\/span><a style=\"font-size: 16px;\" href=\"https:\/\/g1.globo.com\/tudo-sobre\/luiz-inacio-lula-da-silva\/\">Luiz In\u00e1cio Lula da Silva<\/a><span style=\"font-size: 16px;\">\u00a0viaja neste domingo (22) para a Argentina, em sua primeira viagem internacional desde que assumiu seu novo mandato. A expectativa \u00e9 que o presidente embarque \u00e0 tarde ou no in\u00edcio da noite de domingo.<\/span><\/h1>\n<\/div>\n<\/div>\n<div class=\"mc-article-body\">\n<article>\n<div class=\"wall protected-content\">\n<div id=\"chunk-dbtab\">\n<div class=\"mc-column content-text active-extra-styles \" data-block-type=\"unstyled\" data-block-weight=\"15\" data-block-id=\"3\">\n<p class=\"content-text__container \" data-track-category=\"Link no Texto\" data-track-links=\"\"><span class=\"highlight highlighted\">Os compromissos de Lula na Argentina v\u00e3o acontecer na segunda (23) e ter\u00e7a-feira (24)<\/span>.<\/p>\n<\/div>\n<\/div>\n<div id=\"chunk-c309l\">\n<div class=\"mc-column content-text active-extra-styles \" data-block-type=\"unstyled\" data-block-weight=\"29\" data-block-id=\"4\">\n<p class=\"content-text__container \" data-track-category=\"Link no Texto\" data-track-links=\"\">A comitiva presidencial ainda est\u00e1 sendo fechada, mas os ministros da Fazenda, Fernando Haddad, e da Secretaria de Comunica\u00e7\u00e3o Social, Paulo Pimenta, est\u00e3o entre os que acompanhar\u00e3o o presidente.<\/p>\n<\/div>\n<\/div>\n<div id=\"chunk-nfei\">\n<div class=\"mc-column content-text active-extra-styles \" data-block-type=\"unstyled\" data-block-weight=\"9\" data-block-id=\"5\">\n<p class=\"content-text__container \" data-track-category=\"Link no Texto\" data-track-links=\"\">Segundo o Pal\u00e1cio do Planalto, as agendas previstas s\u00e3o:<\/p>\n<\/div>\n<\/div>\n<div class=\"mc-column content-text active-extra-styles\" data-block-type=\"raw\" data-block-weight=\"54\" data-block-id=\"6\">\n<ul class=\"content-unordered-list\">\n<li>oferenda de flores na Plaza San Mart\u00edn;<\/li>\n<li>reuni\u00e3o na Casa Rosada com o presidente da Argentina, Alberto Fern\u00e1ndez;<\/li>\n<li>encontro com empres\u00e1rios;<\/li>\n<li>eventos culturais, como concerto musical com artistas argentinos e brasileiros no Centro Cultural Kirchner; e<\/li>\n<li>participa\u00e7\u00e3o na 7\u00aa C\u00fapula de Chefas e Chefes de Estado da Comunidade de Estados Latino-Americanos e Caribenhos (Celac).<\/li>\n<\/ul>\n<p>A participa\u00e7\u00e3o de Lula na Celac ser\u00e1 na ter\u00e7a-feira. H\u00e1 a expectativa de encontros bilaterais com os pa\u00edses que solicitaram encontros com o presidente, mas essas agendas ainda est\u00e3o em fase de confirma\u00e7\u00e3o.<\/p>\n<\/div>\n<div id=\"chunk-aster\">\n<div class=\"mc-column content-text active-extra-styles \" data-block-type=\"unstyled\" data-block-weight=\"24\" data-block-id=\"8\">\n<p class=\"content-text__container \" data-track-category=\"Link no Texto\" data-track-links=\"\">As demais agendas acontecem na segunda-feira. Ainda na segunda,<span class=\"highlight highlighted\"> \u00e9 esperada na Casa Rosada uma declara\u00e7\u00e3o \u00e0 imprensa ao meio-dia e assinatura de acordos.<\/span><\/p>\n<\/div>\n<\/div>\n<div id=\"chunk-bfn5u\">\n<div class=\"mc-column content-text active-extra-styles \" data-block-type=\"unstyled\" data-block-weight=\"40\" data-block-id=\"10\">\n<p class=\"content-text__container \" data-track-category=\"Link no Texto\" data-track-links=\"\">Segundo o secret\u00e1rio das Am\u00e9ricas, embaixador Michel Arslanian Neto, a escolha de um pa\u00eds da Am\u00e9rica do Sul para a primeira viagem internacional de Lula busca passar a mensagem de que o Brasil quer retomar os la\u00e7os com a regi\u00e3o.<\/p>\n<\/div>\n<\/div>\n<div id=\"chunk-cuohg\">\n<div class=\"mc-column content-text active-extra-styles \" data-block-type=\"unstyled\" data-block-weight=\"22\" data-block-id=\"11\">\n<p class=\"content-text__container \" data-track-category=\"Link no Texto\" data-track-links=\"\">Ainda segundo o Planalto, diversos temas ser\u00e3o tratados durante a visita, como integra\u00e7\u00e3o energ\u00e9tica, investimentos, meio ambiente, defesa e combate a il\u00edcitos.<\/p>\n<\/div>\n<\/div>\n<div class=\"mc-column content-text active-extra-styles\" data-block-type=\"raw\" data-block-weight=\"1\" data-block-id=\"12\">\n<p class=\"content-text__container\">\n<div class=\"content-intertitle\">\n<h2>Celac<\/h2>\n<\/div>\n<p>&nbsp;<\/p>\n<\/div>\n<div id=\"chunk-47gl3\">\n<div class=\"mc-column content-text active-extra-styles \" data-block-type=\"unstyled\" data-block-weight=\"41\" data-block-id=\"13\">\n<p class=\"content-text__container \" data-track-category=\"Link no Texto\" data-track-links=\"\">Na primeira semana de janeiro, o Minist\u00e9rio das Rela\u00e7\u00f5es Exteriores informou que\u00a0<a href=\"https:\/\/g1.globo.com\/politica\/noticia\/2023\/01\/05\/brasil-retorna-a-celac-dois-anos-depois-de-ter-deixado-o-grupo-que-reune-america-latina-e-caribe.ghtml\">o Brasil retornou para a Comunidade dos Estados Latino-Americanos e Caribenhos (Celac)<\/a>. O retorno ocorre dois anos depois de o pa\u00eds ter deixado o grupo, no governo Jair Bolsonaro.<\/p>\n<\/div>\n<\/div>\n<div id=\"chunk-bl77h\">\n<div class=\"mc-column content-text active-extra-styles \" data-block-type=\"unstyled\" data-block-weight=\"30\" data-block-id=\"14\">\n<p class=\"content-text__container \" data-track-category=\"Link no Texto\" data-track-links=\"\">O grupo re\u00fane 33 pa\u00edses da regi\u00e3o e tem como proposta intensificar a integra\u00e7\u00e3o da regi\u00e3o. O Brasil foi um dos fundadores, em 2008, durante o segundo mandato de Lula.<\/p>\n<\/div>\n<\/div>\n<div id=\"chunk-3fvc6\">\n<div class=\"mc-column content-text active-extra-styles \" data-block-type=\"unstyled\" data-block-weight=\"36\" data-block-id=\"15\">\n<p class=\"content-text__container \" data-track-category=\"Link no Texto\" data-track-links=\"\">O retorno a organismos internacionais e a valoriza\u00e7\u00e3o da rela\u00e7\u00e3o com os pa\u00edses do continente \u00e9 uma das prioridades do mandato de Lula, j\u00e1 anunciado pelo pr\u00f3prio presidente e pelo ministro Mauro Vieira, das Rela\u00e7\u00f5es Exteriores.<\/p>\n<\/div>\n<\/div>\n<div class=\"mc-column content-text active-extra-styles\" data-block-type=\"raw\" data-block-weight=\"2\" data-block-id=\"16\">\n<p class=\"content-text__container\">\n<div class=\"content-intertitle\">\n<h2>Outras viagens<\/h2>\n<\/div>\n<p><strong><span class=\"highlight highlighted\">Na pr\u00f3xima quarta-feira (25), Lula segue em viagem oficial para o Uruguai<\/span><\/strong>, onde se encontra com o chefe do Executivo no pa\u00eds, Luis Alberto Lacalle Pou.<\/p>\n<\/div>\n<div id=\"chunk-7t2jm\">\n<div class=\"mc-column content-text active-extra-styles \" data-block-type=\"unstyled\" data-block-weight=\"18\" data-block-id=\"18\">\n<p class=\"content-text__container \" data-track-category=\"Link no Texto\" data-track-links=\"\">Em fevereiro, Lula deve ir para os Estados Unidos. Em mar\u00e7o, o presidente deve viajar para a China.<\/p>\n<\/div>\n<\/div>\n<\/div>\n<\/article>\n<\/div>\n","protected":false},"excerpt":{"rendered":"<p>O presidente Luiz In\u00e1cio Lula da Silva\u00a0viaja neste domingo (22) para a Argentina, em sua primeira viagem internacional desde que assumiu seu novo mandato. A expectativa \u00e9 que o presidente embarque \u00e0 tarde ou no in\u00edcio da noite de domingo. Os compromissos de Lula na Argentina v\u00e3o acontecer na segunda (23) e ter\u00e7a-feira (24). A [&hellip;]<\/p>\n","protected":false},"author":2,"featured_media":0,"comment_status":"open","ping_status":"open","sticky":false,"template":"","format":"standard","meta":{"_links_to":"","_links_to_target":""},"categories":[7,9,8,1],"tags":[],"_links":{"self":[{"href":"https:\/\/www.ilheusnoticias.net.br\/v1\/wp-json\/wp\/v2\/posts\/30686"}],"collection":[{"href":"https:\/\/www.ilheusnoticias.net.br\/v1\/wp-json\/wp\/v2\/posts"}],"about":[{"href":"https:\/\/www.ilheusnoticias.net.br\/v1\/wp-json\/wp\/v2\/types\/post"}],"author":[{"embeddable":true,"href":"https:\/\/www.ilheusnoticias.net.br\/v1\/wp-json\/wp\/v2\/users\/2"}],"replies":[{"embeddable":true,"href":"https:\/\/www.ilheusnoticias.net.br\/v1\/wp-json\/wp\/v2\/comments?post=30686"}],"version-history":[{"count":1,"href":"https:\/\/www.ilheusnoticias.net.br\/v1\/wp-json\/wp\/v2\/posts\/30686\/revisions"}],"predecessor-version":[{"id":30687,"href":"https:\/\/www.ilheusnoticias.net.br\/v1\/wp-json\/wp\/v2\/posts\/30686\/revisions\/30687"}],"wp:attachment":[{"href":"https:\/\/www.ilheusnoticias.net.br\/v1\/wp-json\/wp\/v2\/media?parent=30686"}],"wp:term":[{"taxonomy":"category","embeddable":true,"href":"https:\/\/www.ilheusnoticias.net.br\/v1\/wp-json\/wp\/v2\/categories?post=30686"},{"taxonomy":"post_tag","embeddable":true,"href":"https:\/\/www.ilheusnoticias.net.br\/v1\/wp-json\/wp\/v2\/tags?post=30686"}],"curies":[{"name":"wp","href":"https:\/\/api.w.org\/{rel}","templated":true}]}}