{"id":30684,"date":"2023-01-22T07:36:49","date_gmt":"2023-01-22T10:36:49","guid":{"rendered":"https:\/\/www.ilheusnoticias.net.br\/v1\/?p=30684"},"modified":"2023-01-22T07:36:49","modified_gmt":"2023-01-22T10:36:49","slug":"missas-e-procissao-celebram-dia-de-sao-sebastiao-patrono-da-catedral-diocesana-de-ilheus","status":"publish","type":"post","link":"https:\/\/www.ilheusnoticias.net.br\/v1\/2023\/01\/22\/missas-e-procissao-celebram-dia-de-sao-sebastiao-patrono-da-catedral-diocesana-de-ilheus\/","title":{"rendered":"Missas e prociss\u00e3o celebram dia de S\u00e3o Sebasti\u00e3o, patrono da Catedral Diocesana de Ilh\u00e9us"},"content":{"rendered":"<p class=\"ds_chamada\">O prefeito M\u00e1rio Alexandre e o vice-prefeito Bebeto Galv\u00e3o participaram da prociss\u00e3o, que percorreu as principais ruas do Centro Hist\u00f3rico<\/p>\n<p class=\"dt_materia\">\n<p>&nbsp;<\/p>\n<div class=\"imagem thumbnail col-xs-12 col-sm-8 col-md-6 col-lg-6 imagem-materia\"><a class=\"fresco\" title=\"\" href=\"https:\/\/portalfacilarquivos.blob.core.windows.net\/uploads\/ILHEUS\/imgOrig\/%7BE3EEC8BE-C1BD-4A00-5BCE-84A25CD31CA3%7D.jpg\" data-fresco-caption=\"\"><img loading=\"lazy\" title=\"\" src=\"https:\/\/portalfacilarquivos.blob.core.windows.net\/uploads\/ILHEUS\/img\/%7BE3EEC8BE-C1BD-4A00-5BCE-84A25CD31CA3%7D\/%7BE3EEC8BE-C1BD-4A00-5BCE-84A25CD31CA3%7D_650X450.jpg\" alt=\"prociss\u00e3o; s\u00e3o sebasti\u00e3o\" width=\"650\" height=\"450\" \/><\/a><\/p>\n<p class=\"bg-primary\">Sob o tema, \u201cS\u00e3o Sebasti\u00e3o: m\u00e1rtir como resposta de amor a Jesus Cristo\u201d, a comunidade cat\u00f3lica celebrou na \u00faltima sexta-feira (20) o dia do patrono da Catedral Diocesana de Ilh\u00e9us e dos estivadores do munic\u00edpio. A festa encerrou o tr\u00edduo em honra ao santo, martirizado por professar e n\u00e3o renegar a f\u00e9 em Cristo Jesus.<\/p>\n<\/div>\n<p>O prefeito M\u00e1rio Alexandre e o vice-prefeito Bebeto Galv\u00e3o participaram da prociss\u00e3o, que percorreu as principais ruas do Centro Hist\u00f3rico. Assim como no ano passado, a Diocese realizou o tr\u00edduo ao inv\u00e9s do noven\u00e1rio.\u00a0\u201cS\u00e3o Sebasti\u00e3o nunca negou a sua f\u00e9 em Deus, por isso deve ser exemplo para todos n\u00f3s\u201d, disse M\u00e1rio Alexandre.<\/p>\n<div class=\"imagem thumbnail col-xs-12 col-sm-8 col-md-6 col-lg-6 imagem-materia\"><a class=\"fresco\" title=\"\" href=\"https:\/\/portalfacilarquivos.blob.core.windows.net\/uploads\/ILHEUS\/imgOrig\/%7BDB1E6B36-D843-7CDC-1AC1-EACEA3B80A82%7D.jpg\" data-fresco-caption=\"\"><img loading=\"lazy\" src=\"https:\/\/portalfacilarquivos.blob.core.windows.net\/uploads\/ILHEUS\/img\/%7BDB1E6B36-D843-7CDC-1AC1-EACEA3B80A82%7D\/%7BDB1E6B36-D843-7CDC-1AC1-EACEA3B80A82%7D_450X650.jpg\" alt=\"prociss\u00e3o; s\u00e3o sebasti\u00e3o\" width=\"450\" height=\"650\" \/><\/a>A aposentada S\u00f4nia Cruz \u00e9 devota e n\u00e3o escondeu a alegria em poder participar da prociss\u00e3o. \u201cUm momento aguardado por toda a nossa comunidade. Uma festa linda em louvor a S\u00e3o Sebasti\u00e3o. A sua entrega a Cristo \u00e9 um verdadeiro testemunho de f\u00e9 e confirma a grandiosidade do amor de Deus em nossas vidas&#8221;, contou.<\/p>\n<\/div>\n<p>A tradicional Puxada do Mastro, realizada em Oliven\u00e7a, tamb\u00e9m integra os festejos em homenagem ao santo crist\u00e3o.<\/p>\n<p><strong>Catedral &#8211;<\/strong>\u00a0A imponente Catedral de S\u00e3o Sebasti\u00e3o \u00e9 considerada um dos pontos tur\u00edsticos mais visitados de Ilh\u00e9us e um dos principais cart\u00f5es postais da cidade. A festa em homenagem ao padroeiro da Catedral Diocesana \u00e9 realizada desde meados da primeira d\u00e9cada do s\u00e9culo XX.<\/p>\n","protected":false},"excerpt":{"rendered":"<p>O prefeito M\u00e1rio Alexandre e o vice-prefeito Bebeto Galv\u00e3o participaram da prociss\u00e3o, que percorreu as principais ruas do Centro Hist\u00f3rico &nbsp; Sob o tema, \u201cS\u00e3o Sebasti\u00e3o: m\u00e1rtir como resposta de amor a Jesus Cristo\u201d, a comunidade cat\u00f3lica celebrou na \u00faltima sexta-feira (20) o dia do patrono da Catedral Diocesana de Ilh\u00e9us e dos estivadores do [&hellip;]<\/p>\n","protected":false},"author":2,"featured_media":0,"comment_status":"open","ping_status":"open","sticky":false,"template":"","format":"standard","meta":{"_links_to":"","_links_to_target":""},"categories":[7,9,8,1],"tags":[],"_links":{"self":[{"href":"https:\/\/www.ilheusnoticias.net.br\/v1\/wp-json\/wp\/v2\/posts\/30684"}],"collection":[{"href":"https:\/\/www.ilheusnoticias.net.br\/v1\/wp-json\/wp\/v2\/posts"}],"about":[{"href":"https:\/\/www.ilheusnoticias.net.br\/v1\/wp-json\/wp\/v2\/types\/post"}],"author":[{"embeddable":true,"href":"https:\/\/www.ilheusnoticias.net.br\/v1\/wp-json\/wp\/v2\/users\/2"}],"replies":[{"embeddable":true,"href":"https:\/\/www.ilheusnoticias.net.br\/v1\/wp-json\/wp\/v2\/comments?post=30684"}],"version-history":[{"count":1,"href":"https:\/\/www.ilheusnoticias.net.br\/v1\/wp-json\/wp\/v2\/posts\/30684\/revisions"}],"predecessor-version":[{"id":30685,"href":"https:\/\/www.ilheusnoticias.net.br\/v1\/wp-json\/wp\/v2\/posts\/30684\/revisions\/30685"}],"wp:attachment":[{"href":"https:\/\/www.ilheusnoticias.net.br\/v1\/wp-json\/wp\/v2\/media?parent=30684"}],"wp:term":[{"taxonomy":"category","embeddable":true,"href":"https:\/\/www.ilheusnoticias.net.br\/v1\/wp-json\/wp\/v2\/categories?post=30684"},{"taxonomy":"post_tag","embeddable":true,"href":"https:\/\/www.ilheusnoticias.net.br\/v1\/wp-json\/wp\/v2\/tags?post=30684"}],"curies":[{"name":"wp","href":"https:\/\/api.w.org\/{rel}","templated":true}]}}