{"id":30680,"date":"2023-01-21T15:09:10","date_gmt":"2023-01-21T18:09:10","guid":{"rendered":"https:\/\/www.ilheusnoticias.net.br\/v1\/?p=30680"},"modified":"2023-01-21T15:09:10","modified_gmt":"2023-01-21T18:09:10","slug":"lula-demite-comandante-do-exercito","status":"publish","type":"post","link":"https:\/\/www.ilheusnoticias.net.br\/v1\/2023\/01\/21\/lula-demite-comandante-do-exercito\/","title":{"rendered":"Lula demite comandante do Ex\u00e9rcito"},"content":{"rendered":"<div class=\"row content-head non-featured \">\n<div class=\"title\" data-block-type=\"title\" data-block-id=\"0\">\n<h1 class=\"content-head__title\"><span style=\"font-size: 16px;\">General J\u00falio C\u00e9sar de Arruda havia assumido o cargo ainda no governo Bolsonaro. Ele ser\u00e1 substitu\u00eddo pelo general Tom\u00e1s Miguel Ribeiro Paiva, atual comandante militar do Sudeste.<\/span><\/h1>\n<\/div>\n<\/div>\n<div class=\"mc-article-body\">\n<article>\n<div id=\"chunk-8vml6\">\n<div class=\"row medium-uncollapsed content-media content-photo\" data-block-type=\"backstage-photo\" data-block-id=\"1\">\n<div class=\"mc-column content-media__container\">\n<div class=\"content-media-container glb-skeleton-box\">\n<figure class=\"content-media-figure\"><img loading=\"lazy\" class=\"i-amphtml-fill-content i-amphtml-replaced-content\" src=\"https:\/\/s2.glbimg.com\/1qzTs689SbdoQWyb1-eMVlYmtvs=\/0x0:1207x771\/984x0\/smart\/filters:strip_icc()\/i.s3.glbimg.com\/v1\/AUTH_59edd422c0c84a879bd37670ae4f538a\/internal_photos\/bs\/2022\/G\/U\/0KzrqdRUmfq7Q9nq0Gww\/arruda-cmleste.jpg\" sizes=\"(max-width: 2049px) 648px, 100vw\" srcset=\"https:\/\/s2.glbimg.com\/peMMxdWxSfAZEV3-6xm9Ex5bWTY=\/0x0:1207x771\/1000x0\/smart\/filters:strip_icc()\/i.s3.glbimg.com\/v1\/AUTH_59edd422c0c84a879bd37670ae4f538a\/internal_photos\/bs\/2022\/G\/U\/0KzrqdRUmfq7Q9nq0Gww\/arruda-cmleste.jpg 1000w, https:\/\/s2.glbimg.com\/1qzTs689SbdoQWyb1-eMVlYmtvs=\/0x0:1207x771\/984x0\/smart\/filters:strip_icc()\/i.s3.glbimg.com\/v1\/AUTH_59edd422c0c84a879bd37670ae4f538a\/internal_photos\/bs\/2022\/G\/U\/0KzrqdRUmfq7Q9nq0Gww\/arruda-cmleste.jpg 984w, https:\/\/s2.glbimg.com\/0BFo2XOXX62OGratVnDYZ0RhzIk=\/0x0:1207x771\/640x0\/smart\/filters:strip_icc()\/i.s3.glbimg.com\/v1\/AUTH_59edd422c0c84a879bd37670ae4f538a\/internal_photos\/bs\/2022\/G\/U\/0KzrqdRUmfq7Q9nq0Gww\/arruda-cmleste.jpg 640w, https:\/\/s2.glbimg.com\/zfy6qfxPy04zEsJqCGOUJ_YgRs0=\/0x0:1207x771\/600x0\/smart\/filters:strip_icc()\/i.s3.glbimg.com\/v1\/AUTH_59edd422c0c84a879bd37670ae4f538a\/internal_photos\/bs\/2022\/G\/U\/0KzrqdRUmfq7Q9nq0Gww\/arruda-cmleste.jpg 600w\" alt=\"O general J\u00falio C\u00e9sar de Arruda, demitido do cargo de comandante do Ex\u00e9rcito por Lula neste s\u00e1bado (21) \u2014 Foto: Divulga\u00e7\u00e3o\/Comando Militar do Leste\/Arquivo 2019\" width=\"381\" height=\"244\" \/><\/figure>\n<\/div>\n<p class=\"content-media__description \">O general J\u00falio C\u00e9sar de Arruda, demitido do cargo de comandante do Ex\u00e9rcito por Lula neste s\u00e1bado (21) \u2014 Foto: Divulga\u00e7\u00e3o\/Comando Militar do Leste\/Arquivo 2019<\/p>\n<\/div>\n<\/div>\n<\/div>\n<div id=\"chunk-2ivcl\">\n<div class=\"mc-column content-text active-extra-styles \" data-block-type=\"unstyled\" data-block-weight=\"25\" data-block-id=\"3\">\n<p class=\"content-text__container \" data-track-category=\"Link no Texto\" data-track-links=\"\">O presidente Luiz In\u00e1cio\u00a0<a href=\"https:\/\/g1.globo.com\/politica\/politico\/lula\/\">Lula<\/a>\u00a0da Silva (<a href=\"https:\/\/g1.globo.com\/politica\/partido\/pt\/\">PT<\/a>) demitiu neste s\u00e1bado (21) o general J\u00falio C\u00e9sar de Arruda do cargo de comandante do Ex\u00e9rcito.<\/p>\n<\/div>\n<\/div>\n<div class=\"wall protected-content\">\n<div id=\"chunk-d79ni\">\n<div class=\"mc-column content-text active-extra-styles \" data-block-type=\"unstyled\" data-block-weight=\"14\" data-block-id=\"4\">\n<p class=\"content-text__container \" data-track-category=\"Link no Texto\" data-track-links=\"\">O substituto ser\u00e1 o atual comandante militar do Sudeste, general Tom\u00e1s Miguel Ribeiro Paiva.<\/p>\n<\/div>\n<\/div>\n<div id=\"chunk-6ulmh\">\n<div class=\"mc-column content-text active-extra-styles \" data-block-type=\"unstyled\" data-block-weight=\"43\" data-block-id=\"5\">\n<p class=\"content-text__container \" data-track-category=\"Link no Texto\" data-track-links=\"\">Antes de ser demitido,\u00a0<a href=\"https:\/\/g1.globo.com\/politica\/noticia\/2023\/01\/20\/mucio-diz-nao-ver-envolvimento-direto-das-forcas-armadas-e-que-comandantes-concordam-com-providencias.ghtml\">J\u00falio C\u00e9sar Arruda participou nesta sexta-feira (20) de uma reuni\u00e3o<\/a>, no Pal\u00e1cio do Planalto, com Lula, o ministro da Defesa,\u00a0<a href=\"https:\/\/g1.globo.com\/tudo-sobre\/jose-mucio-monteiro\/\">Jos\u00e9 M\u00facio Monteiro<\/a>, e os comandantes da Marinha, almirante Marcos Sampaio Olsen, e da Aeron\u00e1utica, brigadeiro Marcelo Kanitz Damasceno.<\/p>\n<\/div>\n<\/div>\n<div id=\"chunk-15g80\">\n<div class=\"mc-column content-text active-extra-styles \" data-block-type=\"unstyled\" data-block-weight=\"27\" data-block-id=\"6\">\n<p class=\"content-text__container \" data-track-category=\"Link no Texto\" data-track-links=\"\">Foi a primeira reuni\u00e3o do presidente com os comandantes das For\u00e7as Armadas depois de\u00a0<a href=\"https:\/\/g1.globo.com\/politica\/noticia\/2023\/01\/18\/lula-diz-que-militares-que-participaram-de-ataques-golpistas-serao-punidos-nao-importa-a-patente.ghtml\">Lula defender puni\u00e7\u00e3o para militares envolvidos nos atos golpistas de 8 de janeiro<\/a>.<\/p>\n<\/div>\n<\/div>\n<div id=\"chunk-68eus\">\n<div class=\"content-ads content-ads--reveal\" data-block-type=\"ads\" data-block-id=\"7\">\n<div id=\"banner_materia2\" class=\"tag-manager-publicidade-container mc-has-reveal mc-has-ad-lazyload tag-manager-publicidade-banner_materia2 tag-manager-publicidade-container--carregado tag-manager-publicidade-container--visivel\" data-id=\"banner_materia2\" data-google-query-id=\"CJnUm6ug2fwCFXaulQId960JAQ\">\n<div id=\"google_ads_iframe_\/95377733\/tvg_G1\/Politica_3__container__\">Ap\u00f3s o encontro, Jos\u00e9 M\u00facio Monteiro falou em &#8220;virar a p\u00e1gina&#8221; dos atos golpistas. O ministro da Defesa disse tamb\u00e9m n\u00e3o ver envolvimento &#8220;direto&#8221; das For\u00e7as Armadas nos ataques em Bras\u00edlia.<\/div>\n<\/div>\n<\/div>\n<\/div>\n<div id=\"chunk-4q3e8\">\n<div class=\"mc-column content-text active-extra-styles \" data-block-type=\"unstyled\" data-block-weight=\"20\" data-block-id=\"9\">\n<p class=\"content-text__container \" data-track-category=\"Link no Texto\" data-track-links=\"\">M\u00facio afirmou tamb\u00e9m que os comandantes concordavam com a tomada de<a href=\"https:\/\/g1.globo.com\/politica\/noticia\/2023\/01\/20\/mucio-diz-nao-ver-envolvimento-direto-das-forcas-armadas-e-que-comandantes-concordam-com-providencias.ghtml\">\u00a0provid\u00eancias contra os militares eventualmente envolvidos nos atos<\/a>.<\/p>\n<\/div>\n<\/div>\n<div class=\"mc-column content-text active-extra-styles\" data-block-type=\"raw\" data-block-weight=\"1\" data-block-id=\"10\">\n<p class=\"content-text__container\">\n<div class=\"content-intertitle\">\n<h2>Transi\u00e7\u00e3o<\/h2>\n<\/div>\n<p>J\u00falio C\u00e9sar de Arruda assumiu interinamente o comando do Ex\u00e9rcito em 30 de dezembro do ano passado, ainda no governo Jair Bolsonaro.<\/p>\n<\/div>\n<div id=\"chunk-a9o08\">\n<div class=\"mc-column content-text active-extra-styles \" data-block-type=\"unstyled\" data-block-weight=\"28\" data-block-id=\"12\">\n<p class=\"content-text__container \" data-track-category=\"Link no Texto\" data-track-links=\"\">Foi um acerto com a equipe de transi\u00e7\u00e3o de Lula com a gest\u00e3o anterior para que a troca do comando ocorresse antes da posse do novo governo.<\/p>\n<\/div>\n<\/div>\n<div id=\"chunk-fnj92\">\n<div class=\"mc-column content-text active-extra-styles \" data-block-type=\"unstyled\" data-block-weight=\"19\" data-block-id=\"13\">\n<p class=\"content-text__container \" data-track-category=\"Link no Texto\" data-track-links=\"\">Arruda foi confirmado no cargo pelo ministro da Defesa, Jos\u00e9 M\u00facio Monteiro, no dia 6 de janeiro deste ano.<\/p>\n<\/div>\n<\/div>\n<div id=\"chunk-coo6q\">\n<div class=\"bs-video-block mc-column  content-media content-video\" data-block-type=\"backstage-video\" data-block-id=\"14\">\n<div class=\"content-media__container\">\n<div class=\"content-video__bigger-player-description-fixer\">\n<article class=\"content-video\">\n<section class=\"content-video__video-container\">\n<div class=\"content-video__video\">\n<div id=\"wp3-player-2\" class=\"clappr-player\" tabindex=\"9999\" data-player=\"\">\n<div class=\"media-control media-control-hide h720 w960\">\n<div class=\"media-control-panel\">\n<div class=\"media-control-panel__lower\" data-controls=\"\">\n<div class=\"opposites-container\">\n<div class=\"media-control-position__right\">Lula demite comandante do Ex\u00e9rcito e nomeia general Tom\u00e1s Miguel Ribeiro Paiva<\/div>\n<\/div>\n<\/div>\n<\/div>\n<\/div>\n<\/div>\n<\/div>\n<\/section>\n<\/article>\n<\/div>\n<\/div>\n<\/div>\n<\/div>\n<div id=\"chunk-24snk\">\n<div class=\"content-ads content-ads--reveal\" data-block-type=\"ads\" data-block-id=\"15\">\n<div id=\"banner_materia__023dbdc0-ee83-4288-a936-dd6fedab53d1\" class=\"tag-manager-publicidade-container mc-has-reveal mc-has-ad-lazyload tag-manager-publicidade-banner_materia__023dbdc0-ee83-4288-a936-dd6fedab53d1 tag-manager-publicidade-container--carregado tag-manager-publicidade-container--visivel\" data-id=\"banner_materia__023dbdc0-ee83-4288-a936-dd6fedab53d1\" data-google-query-id=\"CNi1k6-g2fwCFYq8lQIdJhYAkQ\">\n<div id=\"google_ads_iframe_\/95377733\/tvg_G1\/Politica_4__container__\">J\u00falio C\u00e9sar de Arruda<\/div>\n<\/div>\n<\/div>\n<\/div>\n<div class=\"mc-column content-text active-extra-styles\" data-block-type=\"raw\" data-block-weight=\"4\" data-block-id=\"16\">\n<p>O general J\u00falio C\u00e9sar de Arruda tem 63 anos e entrou no Ex\u00e9rcito no ano de 1975. Na ocasi\u00e3o, era o general mais antigo da for\u00e7a.<\/p>\n<\/div>\n<div id=\"chunk-e53av\">\n<div class=\"mc-column content-text active-extra-styles \" data-block-type=\"unstyled\" data-block-weight=\"23\" data-block-id=\"18\">\n<p class=\"content-text__container \" data-track-category=\"Link no Texto\" data-track-links=\"\">Ele foi chefe do Departamento de Engenharia e Constru\u00e7\u00e3o do Ex\u00e9rcito por 3 anos, at\u00e9 ser cotado para ser o comandante da For\u00e7a.<\/p>\n<\/div>\n<\/div>\n<div id=\"chunk-bi3d0\">\n<div class=\"mc-column content-text active-extra-styles \" data-block-type=\"unstyled\" data-block-weight=\"40\" data-block-id=\"19\">\n<p class=\"content-text__container \" data-track-category=\"Link no Texto\" data-track-links=\"\">Com mais de 45 anos de experi\u00eancia militar, ele j\u00e1 comandou o 1\u00ba Batalh\u00e3o de For\u00e7as Especiais, em Goi\u00e2nia, foi diretor da Escola de Administra\u00e7\u00e3o do Ex\u00e9rcito, do Col\u00e9gio Militar de Salvador e comandou a Academia Militar das Agulhas Negras.<\/p>\n<\/div>\n<\/div>\n<div id=\"chunk-dp20e\">\n<div class=\"mc-column content-text active-extra-styles \" data-block-type=\"unstyled\" data-block-weight=\"34\" data-block-id=\"20\">\n<p class=\"content-text__container \" data-track-category=\"Link no Texto\" data-track-links=\"\">Nascido em Cuiab\u00e1, J\u00falio C\u00e9sar entrou aos 16 anos na Escola Preparat\u00f3ria de Cadetes do Ex\u00e9rcito, em Campinas (SP). Dois anos depois, se formou e ingressou na Academia Militar das Agulhas Negras.<\/p>\n<\/div>\n<\/div>\n<div id=\"chunk-aema4\">\n<div class=\"mc-column content-text active-extra-styles \" data-block-type=\"unstyled\" data-block-weight=\"26\" data-block-id=\"21\">\n<p class=\"content-text__container \" data-track-category=\"Link no Texto\" data-track-links=\"\">Em 1981 se tornou Aspirante a Oficial da Arma de Engenharia. Durante a vida militar, serviu unidades em Itajub\u00e1 (MG), Rio de Janeiro, Cuiab\u00e1 e Bras\u00edlia.<\/p>\n<\/div>\n<\/div>\n<div id=\"chunk-52iae\">\n<div class=\"mc-column content-text active-extra-styles \" data-block-type=\"unstyled\" data-block-weight=\"28\" data-block-id=\"22\">\n<p class=\"content-text__container \" data-track-category=\"Link no Texto\" data-track-links=\"\">Quando se tornou tenente-coronel, foi assessor do Gabinete de Seguran\u00e7a Institucional da Presid\u00eancia da Rep\u00fablica e comandou o 1\u00ba Batalh\u00e3o de For\u00e7as Especiais, em Goi\u00e2nia, no bi\u00eanio 2005-2006.<\/p>\n<\/div>\n<\/div>\n<div id=\"chunk-64e7r\">\n<div class=\"mc-column content-text active-extra-styles \" data-block-type=\"unstyled\" data-block-weight=\"54\" data-block-id=\"23\">\n<p class=\"content-text__container \" data-track-category=\"Link no Texto\" data-track-links=\"\">No exterior, foi Observador Militar da Segunda Miss\u00e3o de Verifica\u00e7\u00e3o das Na\u00e7\u00f5es Unidas (Univem II), em Angola, em 1994 e Assessor da Coopera\u00e7\u00e3o Militar Brasileira no Paraguai, no bi\u00eanio 2002-2003. Realizou o Curso de Contraterrorismo e Coopera\u00e7\u00e3o Interag\u00eancias na Universidade Nacional de Defesa, nos Estados Unidos e o Curso Intensivo de Ingl\u00eas no Canad\u00e1.<\/p>\n<\/div>\n<\/div>\n<\/div>\n<\/article>\n<\/div>\n","protected":false},"excerpt":{"rendered":"<p>General J\u00falio C\u00e9sar de Arruda havia assumido o cargo ainda no governo Bolsonaro. Ele ser\u00e1 substitu\u00eddo pelo general Tom\u00e1s Miguel Ribeiro Paiva, atual comandante militar do Sudeste. O general J\u00falio C\u00e9sar de Arruda, demitido do cargo de comandante do Ex\u00e9rcito por Lula neste s\u00e1bado (21) \u2014 Foto: Divulga\u00e7\u00e3o\/Comando Militar do Leste\/Arquivo 2019 O presidente Luiz [&hellip;]<\/p>\n","protected":false},"author":2,"featured_media":0,"comment_status":"open","ping_status":"open","sticky":false,"template":"","format":"standard","meta":{"_links_to":"","_links_to_target":""},"categories":[7,9,8,1],"tags":[],"_links":{"self":[{"href":"https:\/\/www.ilheusnoticias.net.br\/v1\/wp-json\/wp\/v2\/posts\/30680"}],"collection":[{"href":"https:\/\/www.ilheusnoticias.net.br\/v1\/wp-json\/wp\/v2\/posts"}],"about":[{"href":"https:\/\/www.ilheusnoticias.net.br\/v1\/wp-json\/wp\/v2\/types\/post"}],"author":[{"embeddable":true,"href":"https:\/\/www.ilheusnoticias.net.br\/v1\/wp-json\/wp\/v2\/users\/2"}],"replies":[{"embeddable":true,"href":"https:\/\/www.ilheusnoticias.net.br\/v1\/wp-json\/wp\/v2\/comments?post=30680"}],"version-history":[{"count":1,"href":"https:\/\/www.ilheusnoticias.net.br\/v1\/wp-json\/wp\/v2\/posts\/30680\/revisions"}],"predecessor-version":[{"id":30681,"href":"https:\/\/www.ilheusnoticias.net.br\/v1\/wp-json\/wp\/v2\/posts\/30680\/revisions\/30681"}],"wp:attachment":[{"href":"https:\/\/www.ilheusnoticias.net.br\/v1\/wp-json\/wp\/v2\/media?parent=30680"}],"wp:term":[{"taxonomy":"category","embeddable":true,"href":"https:\/\/www.ilheusnoticias.net.br\/v1\/wp-json\/wp\/v2\/categories?post=30680"},{"taxonomy":"post_tag","embeddable":true,"href":"https:\/\/www.ilheusnoticias.net.br\/v1\/wp-json\/wp\/v2\/tags?post=30680"}],"curies":[{"name":"wp","href":"https:\/\/api.w.org\/{rel}","templated":true}]}}