{"id":30678,"date":"2023-01-21T08:45:01","date_gmt":"2023-01-21T11:45:01","guid":{"rendered":"https:\/\/www.ilheusnoticias.net.br\/v1\/?p=30678"},"modified":"2023-01-21T08:45:01","modified_gmt":"2023-01-21T11:45:01","slug":"caixa-paga-hoje-bolsa-familia-a-beneficiarios-de-nis-de-final-4","status":"publish","type":"post","link":"https:\/\/www.ilheusnoticias.net.br\/v1\/2023\/01\/21\/caixa-paga-hoje-bolsa-familia-a-beneficiarios-de-nis-de-final-4\/","title":{"rendered":"Caixa paga hoje, Bolsa Fam\u00edlia a benefici\u00e1rios de NIS de final 4"},"content":{"rendered":"<div class=\"col-lg-12 mb-3\">\n<div class=\"post-image\"><a href=\"https:\/\/agenciabrasil.ebc.com.br\/economia\/noticia\/2023-01\/caixa-paga-bolsa-familia-beneficiarios-de-nis-de-final-4#\"><img loading=\"lazy\" id=\"media-286807\" class=\"rounded-lg shadow-sm w-100\" title=\"Marcello Casal JrAg\u00eancia Brasil\" src=\"https:\/\/imagens.ebc.com.br\/FsOUn81CA0D9s3Rrvxyw6gHr4Ow=\/1170x700\/smart\/https:\/\/agenciabrasil.ebc.com.br\/sites\/default\/files\/thumbnails\/image\/real_moeda_dinheiro_mcajr_2904223671.jpg?itok=r5cN9dxx\" alt=\"Real Moeda brasileira, dinheiro\" width=\"336\" height=\"201\" \/>\u00a9 Marcello Casal JrAg\u00eancia Brasil<\/a><\/div>\n<\/div>\n<div class=\"col-lg-12 mb-3\">\n<div class=\"row\">\n<h3 class=\"col-10 offset-1 animated fadeInDown dealy-900 display-8 display-md-8 alt-font font-italic my-1 text-center\">Adicional de R$ 150 come\u00e7ar\u00e1 a ser pago em mar\u00e7o<\/h3>\n<\/div>\n<\/div>\n<div class=\"col-xl-7 offset-xl-1 col-lg-8 offset-lg-0 col-md-10 offset-md-1 mb-3\">\n<div class=\"post-item alt-font\">\n<div class=\"post-item-wrap\">\n<p>A Caixa Econ\u00f4mica Federal paga hoje (21) a parcela de janeiro do Bolsa Fam\u00edlia aos benefici\u00e1rios com N\u00famero de Inscri\u00e7\u00e3o Social (NIS) de final 4. O valor m\u00ednimo corresponde a R$ 600.<img src=\"https:\/\/agenciabrasil.ebc.com.br\/ebc.png?id=1505358&amp;o=node\" \/><img src=\"https:\/\/agenciabrasil.ebc.com.br\/ebc.gif?id=1505358&amp;o=node\" \/><\/p>\n<p>Embora o calend\u00e1rio oficial preveja o pagamento apenas na segunda-feira (23), a Caixa antecipa o dep\u00f3sito para o s\u00e1bado anterior no aplicativo Caixa Tem.<\/p>\n<p>Segundo o Minist\u00e9rio do Desenvolvimento e Assist\u00eancia Social, neste m\u00eas o programa de transfer\u00eancia de renda do Governo Federal alcan\u00e7ar\u00e1 21,9 milh\u00f5es de fam\u00edlias, com um gasto de R$ 13,38 bilh\u00f5es. O valor m\u00e9dio recebido por fam\u00edlia equivale a R$ 614,21.<\/p>\n<p>A partir deste m\u00eas, o programa social volta a chamar-se Bolsa Fam\u00edlia. O valor m\u00ednimo de R$ 600 foi garantido ap\u00f3s a aprova\u00e7\u00e3o da Emenda Constitucional da Transi\u00e7\u00e3o, que permitiu o gasto de at\u00e9 R$ 145 bilh\u00f5es fora do teto de gastos neste ano, dos quais R$ 70 bilh\u00f5es est\u00e3o destinados a custear o benef\u00edcio.<\/p>\n<p>Em publica\u00e7\u00e3o nas redes sociais, o presidente Luiz In\u00e1cio Lula da Silva escreveu que a manuten\u00e7\u00e3o da parcela m\u00ednima segue o compromisso estabelecido entre o novo governo e o Congresso Nacional. \u201cCome\u00e7aremos o pagamento de R$ 600 para fam\u00edlias benefici\u00e1rias. Compromisso firmado durante a campanha e que conseguimos gra\u00e7as a PEC que aprovamos ainda na transi\u00e7\u00e3o, j\u00e1 que o valor n\u00e3o tinha sido previsto no or\u00e7amento pelo governo anterior\u201d, postou o presidente no dia 16.<\/p>\n<p>O pagamento do adicional de R$ 150 para fam\u00edlias com crian\u00e7as de at\u00e9 6 anos ainda n\u00e3o come\u00e7ou. O ministro do Desenvolvimento e Assist\u00eancia Social, Wellington Dias, afirmou que o valor extra come\u00e7ar\u00e1 a ser pago em mar\u00e7o, ap\u00f3s o governo fazer um pente-fino no Cadastro \u00danico para Programas Sociais do Governo Federal (Cad\u00danico) para eliminar fraudes.<\/p>\n<p>No modelo tradicional do Bolsa Fam\u00edlia, o pagamento ocorre nos \u00faltimos dez dias \u00fateis de cada m\u00eas. O benefici\u00e1rio poder\u00e1 consultar informa\u00e7\u00f5es sobre as datas de pagamento, o valor do benef\u00edcio e a composi\u00e7\u00e3o das parcelas no aplicativo Caixa Tem, usado para acompanhar as contas poupan\u00e7a digitais do banco.<\/p>\n<div class=\"dnd-widget-wrapper context-cheio_8colunas type-image\">\n<div class=\"dnd-atom-rendered\">\n<div class=\"shadow overflow-hidden rounded-lg d-block zoom-on-hover-sm shadow-hover w-100\"><img loading=\"lazy\" class=\"flex-fill img-cover\" title=\"Minist\u00e9rio do Desenvolvimento Social e Combate \u00e0 Fome\" src=\"https:\/\/imagens.ebc.com.br\/QYjl1OagWUuxrbt3mEkIZWeBGtw=\/754x0\/smart\/https:\/\/agenciabrasil.ebc.com.br\/sites\/default\/files\/thumbnails\/image\/calendario_bolsa_familia_janeiro_2023.jpg?itok=gvhr8-lx\" alt=\"Calend\u00e1rio Bolsa Fam\u00edlia de Janeiro de 2023\" width=\"368\" height=\"281\" \/><\/div>\n<\/div>\n<div class=\"dnd-caption-wrapper\">\n<div class=\"meta\">Calend\u00e1rio Bolsa Fam\u00edlia de Janeiro de 2023 &#8211;\u00a0<strong>Minist\u00e9rio do Desenvolvimento Social e Combate \u00e0 Fome<\/strong><\/div>\n<\/div>\n<\/div>\n<h2>Aux\u00edlio G\u00e1s<\/h2>\n<p>Neste m\u00eas n\u00e3o haver\u00e1 o pagamento do Aux\u00edlio G\u00e1s, que beneficia fam\u00edlias cadastradas no Cad\u00danico. Como o benef\u00edcio s\u00f3 \u00e9 pago a cada dois meses, o pagamento voltar\u00e1 em fevereiro.<\/p>\n<p>S\u00f3 pode receber o Aux\u00edlio G\u00e1s quem est\u00e1 inclu\u00eddo no Cad\u00danico e tenha pelo menos um membro da fam\u00edlia que receba o Benef\u00edcio de Presta\u00e7\u00e3o Continuada (BPC). A lei que criou o programa definiu que a mulher respons\u00e1vel pela fam\u00edlia ter\u00e1 prefer\u00eancia, assim como mulheres v\u00edtimas de viol\u00eancia dom\u00e9stica.<\/p>\n<\/div>\n<p class=\"alt-font font-italic my-2 small text-info\">Edi\u00e7\u00e3o: F\u00e1bio Massalli<\/p>\n<\/div>\n<\/div>\n","protected":false},"excerpt":{"rendered":"<p>\u00a9 Marcello Casal JrAg\u00eancia Brasil Adicional de R$ 150 come\u00e7ar\u00e1 a ser pago em mar\u00e7o A Caixa Econ\u00f4mica Federal paga hoje (21) a parcela de janeiro do Bolsa Fam\u00edlia aos benefici\u00e1rios com N\u00famero de Inscri\u00e7\u00e3o Social (NIS) de final 4. O valor m\u00ednimo corresponde a R$ 600. Embora o calend\u00e1rio oficial preveja o pagamento apenas [&hellip;]<\/p>\n","protected":false},"author":2,"featured_media":0,"comment_status":"open","ping_status":"open","sticky":false,"template":"","format":"standard","meta":{"_links_to":"","_links_to_target":""},"categories":[7,9,8,1],"tags":[],"_links":{"self":[{"href":"https:\/\/www.ilheusnoticias.net.br\/v1\/wp-json\/wp\/v2\/posts\/30678"}],"collection":[{"href":"https:\/\/www.ilheusnoticias.net.br\/v1\/wp-json\/wp\/v2\/posts"}],"about":[{"href":"https:\/\/www.ilheusnoticias.net.br\/v1\/wp-json\/wp\/v2\/types\/post"}],"author":[{"embeddable":true,"href":"https:\/\/www.ilheusnoticias.net.br\/v1\/wp-json\/wp\/v2\/users\/2"}],"replies":[{"embeddable":true,"href":"https:\/\/www.ilheusnoticias.net.br\/v1\/wp-json\/wp\/v2\/comments?post=30678"}],"version-history":[{"count":1,"href":"https:\/\/www.ilheusnoticias.net.br\/v1\/wp-json\/wp\/v2\/posts\/30678\/revisions"}],"predecessor-version":[{"id":30679,"href":"https:\/\/www.ilheusnoticias.net.br\/v1\/wp-json\/wp\/v2\/posts\/30678\/revisions\/30679"}],"wp:attachment":[{"href":"https:\/\/www.ilheusnoticias.net.br\/v1\/wp-json\/wp\/v2\/media?parent=30678"}],"wp:term":[{"taxonomy":"category","embeddable":true,"href":"https:\/\/www.ilheusnoticias.net.br\/v1\/wp-json\/wp\/v2\/categories?post=30678"},{"taxonomy":"post_tag","embeddable":true,"href":"https:\/\/www.ilheusnoticias.net.br\/v1\/wp-json\/wp\/v2\/tags?post=30678"}],"curies":[{"name":"wp","href":"https:\/\/api.w.org\/{rel}","templated":true}]}}