{"id":30676,"date":"2023-01-21T08:40:32","date_gmt":"2023-01-21T11:40:32","guid":{"rendered":"https:\/\/www.ilheusnoticias.net.br\/v1\/?p=30676"},"modified":"2023-01-21T08:40:32","modified_gmt":"2023-01-21T11:40:32","slug":"vitima-de-golpe-contratou-buffet-com-lagosta-e-recebeu-panela-com-macarrao-no-aniversario-de-15-anos-da-filha","status":"publish","type":"post","link":"https:\/\/www.ilheusnoticias.net.br\/v1\/2023\/01\/21\/vitima-de-golpe-contratou-buffet-com-lagosta-e-recebeu-panela-com-macarrao-no-aniversario-de-15-anos-da-filha\/","title":{"rendered":"V\u00edtima de golpe contratou buffet com lagosta e recebeu panela com macarr\u00e3o no anivers\u00e1rio de 15 anos da filha"},"content":{"rendered":"<div class=\"row content-head non-featured \">\n<div class=\"title\" data-block-type=\"title\" data-block-id=\"0\">\n<h1 class=\"content-head__title\"><span style=\"font-size: 16px;\">Pelo menos 11 festas foram canceladas e clientes dizem n\u00e3o conseguir contato com dona da empresa. Cerimonial usou pandemia da Covid-19 como justificativa.<\/span><\/h1>\n<\/div>\n<\/div>\n<div class=\"content__signa-share\">\n<div class=\"content__signature\">\n<div class=\"content-publication-data\">\n<div class=\"content-publication-data__text\">\n<p class=\"content-publication-data__from\" title=\"g1 BA e TV Bahia\">Por g1 BA e TV Bahia<\/p>\n<p class=\"content-publication-data__updated\"><img loading=\"lazy\" class=\"i-amphtml-fill-content i-amphtml-replaced-content\" src=\"https:\/\/s2.glbimg.com\/hQPPZnW10tTqSelX4ujCBKyWIZY=\/0x0:1206x668\/984x0\/smart\/filters:strip_icc()\/i.s3.glbimg.com\/v1\/AUTH_59edd422c0c84a879bd37670ae4f538a\/internal_photos\/bs\/2023\/3\/L\/d9nlgGQcm7ZHfICf2gjw\/whatsapp-image-2023-01-20-at-13.02.17.jpeg\" sizes=\"(max-width: 2049px) 648px, 100vw\" srcset=\"https:\/\/s2.glbimg.com\/-scgXobwwto9VGnMT6KVejXQI1o=\/0x0:1206x668\/1000x0\/smart\/filters:strip_icc()\/i.s3.glbimg.com\/v1\/AUTH_59edd422c0c84a879bd37670ae4f538a\/internal_photos\/bs\/2023\/3\/L\/d9nlgGQcm7ZHfICf2gjw\/whatsapp-image-2023-01-20-at-13.02.17.jpeg 1000w, https:\/\/s2.glbimg.com\/hQPPZnW10tTqSelX4ujCBKyWIZY=\/0x0:1206x668\/984x0\/smart\/filters:strip_icc()\/i.s3.glbimg.com\/v1\/AUTH_59edd422c0c84a879bd37670ae4f538a\/internal_photos\/bs\/2023\/3\/L\/d9nlgGQcm7ZHfICf2gjw\/whatsapp-image-2023-01-20-at-13.02.17.jpeg 984w, https:\/\/s2.glbimg.com\/9veSBZwfjcMJMVXtKyuyq_2Hg1k=\/0x0:1206x668\/640x0\/smart\/filters:strip_icc()\/i.s3.glbimg.com\/v1\/AUTH_59edd422c0c84a879bd37670ae4f538a\/internal_photos\/bs\/2023\/3\/L\/d9nlgGQcm7ZHfICf2gjw\/whatsapp-image-2023-01-20-at-13.02.17.jpeg 640w, https:\/\/s2.glbimg.com\/L-jwMfJ_9Qz4skyejaNBm93tZxE=\/0x0:1206x668\/600x0\/smart\/filters:strip_icc()\/i.s3.glbimg.com\/v1\/AUTH_59edd422c0c84a879bd37670ae4f538a\/internal_photos\/bs\/2023\/3\/L\/d9nlgGQcm7ZHfICf2gjw\/whatsapp-image-2023-01-20-at-13.02.17.jpeg 600w\" alt=\"V\u00edtima de golpe contratou buffet com lagosta e recebeu panela com macarr\u00e3o no anivers\u00e1rio de 15 anos da filha \u2014 Foto: Reprodu\u00e7\u00e3o\/TV Bahia\" width=\"403\" height=\"223\" \/><\/p>\n<\/div>\n<\/div>\n<\/div>\n<\/div>\n<div class=\"mc-article-body\">\n<article>\n<div id=\"chunk-ae94j\">\n<div class=\"row medium-uncollapsed content-media content-photo\" data-block-type=\"backstage-photo\" data-block-id=\"1\">\n<div class=\"mc-column content-media__container\">\n<p class=\"content-media__description \">V\u00edtima de golpe contratou buffet com lagosta e recebeu panela com macarr\u00e3o no anivers\u00e1rio de 15 anos da filha \u2014 Foto: Reprodu\u00e7\u00e3o\/TV Bahia<\/p>\n<\/div>\n<\/div>\n<\/div>\n<div id=\"chunk-10hv0\">\n<div class=\"mc-column content-text active-extra-styles \" data-block-type=\"unstyled\" data-block-weight=\"56\" data-block-id=\"3\">\n<p class=\"content-text__container \" data-track-category=\"Link no Texto\" data-track-links=\"\">A analista de log\u00edstica Suzane Velame conta que ficou revoltada ao contratar um buffet com lagosta, camar\u00e3o, a\u00e7a\u00ed, entre outros alimentos e receber apenas uma panela de macarr\u00e3o no anivers\u00e1rio de 15 anos filha, em\u00a0<a href=\"https:\/\/g1.globo.com\/ba\/bahia\/cidade\/salvador\/\">Salvador<\/a>. A mulher \u00e9 umas das\u00a0<a href=\"https:\/\/g1.globo.com\/ba\/bahia\/noticia\/2023\/01\/19\/clientes-denunciam-cerimonial-apos-empresa-cancelar-casamentos-e-outras-festas-em-salvador.ghtml\">40 pessoas que denunciam a empresa MV Cerimonial\u00a0<\/a>por n\u00e3o cumprir acordos feitos em contratos.<\/p>\n<\/div>\n<\/div>\n<div class=\"wall protected-content\">\n<div id=\"chunk-7e6c6\">\n<div class=\"mc-column content-text active-extra-styles \" data-block-type=\"unstyled\" data-block-weight=\"49\" data-block-id=\"5\">\n<p class=\"content-text__container \" data-track-category=\"Link no Texto\" data-track-links=\"\">&#8220;Frustra\u00e7\u00e3o \u00e9 o resumo do que foi a festa. A gente passou o ano inteiro se dedicando na organiza\u00e7\u00e3o desse evento, a realiza\u00e7\u00e3o de um sonho. Eu como m\u00e3e nunca tinha feito uma festa para minha filha. Ent\u00e3o era a festa dos sonhos, os 15 anos&#8221;, disse a baiana.<\/p>\n<\/div>\n<\/div>\n<div class=\"mc-column content-text active-extra-styles\" data-block-type=\"raw\" data-block-weight=\"28\" data-block-id=\"7\">\n<p class=\"content-text__container\">\n<blockquote class=\"content-blockquote theme-border-color-primary-before\"><p>&#8220;Eu fico at\u00e9 emocionada de lembrar aconteceu as coisas no dia. Um dano irrepar\u00e1vel, mesmo que a gente consiga restituir o valor, esse dia n\u00e3o vai voltar mais&#8221;.<\/p><\/blockquote>\n<p>&nbsp;<\/p>\n<\/div>\n<div id=\"chunk-ifr0\">\n<div class=\"mc-column content-text active-extra-styles \" data-block-type=\"unstyled\" data-block-weight=\"19\" data-block-id=\"8\">\n<p class=\"content-text__container \" data-track-category=\"Link no Texto\" data-track-links=\"\">Suzane Velame afirmou que o evento teve a presen\u00e7a de 140 pessoas. O buffet foi contratado para 200 convidados.<\/p>\n<\/div>\n<\/div>\n<div id=\"chunk-44mq0\">\n<div class=\"mc-column content-text active-extra-styles \" data-block-type=\"unstyled\" data-block-weight=\"45\" data-block-id=\"9\">\n<p class=\"content-text__container \" data-track-category=\"Link no Texto\" data-track-links=\"\">&#8220;A comida do buffet foi apenas uma panela de macarr\u00e3o para 140 pessoas. Ficou faltando mini hamb\u00fargueres, a\u00e7a\u00ed, emprestados, lagosta e camar\u00e3o. A mesa de antepastos estava vazia, as bebidas vieram erradas, tamb\u00e9m ficou faltando funcion\u00e1rios, foi um caos completo&#8221;, lamentou a m\u00e3e da aniversariante.<\/p>\n<\/div>\n<\/div>\n<div id=\"chunk-dase0\">\n<div class=\"row medium-uncollapsed content-media content-photo\" data-block-type=\"backstage-photo\" data-block-id=\"10\">\n<div class=\"mc-column content-media__container\">\n<div class=\"content-media-container glb-skeleton-box\">\n<figure class=\"content-media-figure\"><img loading=\"lazy\" class=\"i-amphtml-fill-content i-amphtml-replaced-content\" src=\"https:\/\/s2.glbimg.com\/sjBzrOzSnvJ5g1NICQb_ShXpjWI=\/0x0:1256x653\/984x0\/smart\/filters:strip_icc()\/i.s3.glbimg.com\/v1\/AUTH_59edd422c0c84a879bd37670ae4f538a\/internal_photos\/bs\/2023\/h\/N\/Wj314HQxmDp4dUPqjFPg\/whatsapp-image-2023-01-20-at-13.21.51.jpeg\" sizes=\"(max-width: 2049px) 648px, 100vw\" srcset=\"https:\/\/s2.glbimg.com\/38BNlKrqXgl-4WRtyKuakJOsKXI=\/0x0:1256x653\/1000x0\/smart\/filters:strip_icc()\/i.s3.glbimg.com\/v1\/AUTH_59edd422c0c84a879bd37670ae4f538a\/internal_photos\/bs\/2023\/h\/N\/Wj314HQxmDp4dUPqjFPg\/whatsapp-image-2023-01-20-at-13.21.51.jpeg 1000w, https:\/\/s2.glbimg.com\/sjBzrOzSnvJ5g1NICQb_ShXpjWI=\/0x0:1256x653\/984x0\/smart\/filters:strip_icc()\/i.s3.glbimg.com\/v1\/AUTH_59edd422c0c84a879bd37670ae4f538a\/internal_photos\/bs\/2023\/h\/N\/Wj314HQxmDp4dUPqjFPg\/whatsapp-image-2023-01-20-at-13.21.51.jpeg 984w, https:\/\/s2.glbimg.com\/UMdXl9GcivbWWSmmVfBL7K4Z5Fk=\/0x0:1256x653\/640x0\/smart\/filters:strip_icc()\/i.s3.glbimg.com\/v1\/AUTH_59edd422c0c84a879bd37670ae4f538a\/internal_photos\/bs\/2023\/h\/N\/Wj314HQxmDp4dUPqjFPg\/whatsapp-image-2023-01-20-at-13.21.51.jpeg 640w, https:\/\/s2.glbimg.com\/LgmLNpmBdANCp1yLx1-uoNE20Cg=\/0x0:1256x653\/600x0\/smart\/filters:strip_icc()\/i.s3.glbimg.com\/v1\/AUTH_59edd422c0c84a879bd37670ae4f538a\/internal_photos\/bs\/2023\/h\/N\/Wj314HQxmDp4dUPqjFPg\/whatsapp-image-2023-01-20-at-13.21.51.jpeg 600w\" alt=\"V\u00edtima de golpe contratou buffet com lagosta e recebeu panela com macarr\u00e3o no anivers\u00e1rio de 15 anos da filha \u2014 Foto: Reprodu\u00e7\u00e3o\/TV Bahia\" width=\"369\" height=\"192\" \/><\/figure>\n<\/div>\n<p class=\"content-media__description \">V\u00edtima de golpe contratou buffet com lagosta e recebeu panela com macarr\u00e3o no anivers\u00e1rio de 15 anos da filha \u2014 Foto: Reprodu\u00e7\u00e3o\/TV Bahia<\/p>\n<\/div>\n<\/div>\n<\/div>\n<div id=\"chunk-dpok6\">\n<div class=\"mc-column content-text active-extra-styles \" data-block-type=\"unstyled\" data-block-weight=\"34\" data-block-id=\"11\">\n<p class=\"content-text__container \" data-track-category=\"Link no Texto\" data-track-links=\"\">A comida da festa n\u00e3o foi o \u00fanico problema que preocupou a fam\u00edlia da adolescente. Suzane tamb\u00e9m tinha contratado um drone para filmar a entrada da aniversariante no evento, mas n\u00e3o recebeu o servi\u00e7o.<\/p>\n<\/div>\n<\/div>\n<div id=\"chunk-1t8eb\">\n<div class=\"mc-column content-text active-extra-styles \" data-block-type=\"unstyled\" data-block-weight=\"52\" data-block-id=\"13\">\n<p class=\"content-text__container \" data-track-category=\"Link no Texto\" data-track-links=\"\">&#8220;Eu tinha contratado um drone para fazer a filmagem dela entrando na festa 17h, com o p\u00f4r do sol, porque o tema era tropical. N\u00e3o tinha nada arrumado do lado de fora, nem mesinhas, toalhas, flores que eram para ter na entrada, e n\u00e3o tinha nada pronto para fazer a filmagem&#8221;, relatou.<\/p>\n<\/div>\n<\/div>\n<div id=\"chunk-c7tet\">\n<div class=\"row medium-uncollapsed content-media content-photo\" data-block-type=\"backstage-photo\" data-block-id=\"14\">\n<div class=\"mc-column content-media__container\">\n<div class=\"content-media-container glb-skeleton-box\">\n<figure class=\"content-media-figure\"><img loading=\"lazy\" class=\"i-amphtml-fill-content i-amphtml-replaced-content\" src=\"https:\/\/s2.glbimg.com\/00z1IXGoAmeCNwrg8vYwvvG_adY=\/0x0:1124x732\/984x0\/smart\/filters:strip_icc()\/i.s3.glbimg.com\/v1\/AUTH_59edd422c0c84a879bd37670ae4f538a\/internal_photos\/bs\/2023\/3\/r\/ABeIgzRAG9piScm6Bbxw\/whatsapp-image-2023-01-20-at-13.20.24.jpeg\" sizes=\"(max-width: 2049px) 648px, 100vw\" srcset=\"https:\/\/s2.glbimg.com\/GhJIRV_DOHTlSS9EVkUJPooJo8I=\/0x0:1124x732\/1000x0\/smart\/filters:strip_icc()\/i.s3.glbimg.com\/v1\/AUTH_59edd422c0c84a879bd37670ae4f538a\/internal_photos\/bs\/2023\/3\/r\/ABeIgzRAG9piScm6Bbxw\/whatsapp-image-2023-01-20-at-13.20.24.jpeg 1000w, https:\/\/s2.glbimg.com\/00z1IXGoAmeCNwrg8vYwvvG_adY=\/0x0:1124x732\/984x0\/smart\/filters:strip_icc()\/i.s3.glbimg.com\/v1\/AUTH_59edd422c0c84a879bd37670ae4f538a\/internal_photos\/bs\/2023\/3\/r\/ABeIgzRAG9piScm6Bbxw\/whatsapp-image-2023-01-20-at-13.20.24.jpeg 984w, https:\/\/s2.glbimg.com\/n6QU_MJBF48hHjZ7Xjq86UomV7A=\/0x0:1124x732\/640x0\/smart\/filters:strip_icc()\/i.s3.glbimg.com\/v1\/AUTH_59edd422c0c84a879bd37670ae4f538a\/internal_photos\/bs\/2023\/3\/r\/ABeIgzRAG9piScm6Bbxw\/whatsapp-image-2023-01-20-at-13.20.24.jpeg 640w, https:\/\/s2.glbimg.com\/QOIpEpGIPeAugdYe5Pkt8YpRk9g=\/0x0:1124x732\/600x0\/smart\/filters:strip_icc()\/i.s3.glbimg.com\/v1\/AUTH_59edd422c0c84a879bd37670ae4f538a\/internal_photos\/bs\/2023\/3\/r\/ABeIgzRAG9piScm6Bbxw\/whatsapp-image-2023-01-20-at-13.20.24.jpeg 600w\" alt=\"O coordenador de merchandaising Jeovando Ferreira tamb\u00e9m pretendia fazer a festa de anivers\u00e1rio de 15 anos da filha. \u2014 Foto: Reprodu\u00e7\u00e3o\/TV Bahia\" width=\"345\" height=\"225\" \/><\/figure>\n<\/div>\n<p class=\"content-media__description \">O coordenador de merchandaising Jeovando Ferreira tamb\u00e9m pretendia fazer a festa de anivers\u00e1rio de 15 anos da filha. \u2014 Foto: Reprodu\u00e7\u00e3o\/TV Bahia<\/p>\n<\/div>\n<\/div>\n<\/div>\n<div id=\"chunk-cs8h0\">\n<div class=\"mc-column content-text active-extra-styles \" data-block-type=\"unstyled\" data-block-weight=\"39\" data-block-id=\"15\">\n<p class=\"content-text__container \" data-track-category=\"Link no Texto\" data-track-links=\"\">O coordenador de merchandaising, Jeovando Ferreira, tamb\u00e9m pretendia fazer a festa de anivers\u00e1rio de 15 anos da filha. O valor pago foi R$ 15.400, mas ele afirma que a empresa prop\u00f4s que o evento fosse adiado em quatro meses.<\/p>\n<\/div>\n<\/div>\n<div class=\"mc-column content-text active-extra-styles\" data-block-type=\"raw\" data-block-weight=\"26\" data-block-id=\"16\">\n<p class=\"content-text__container\">\n<blockquote class=\"content-blockquote theme-border-color-primary-before\"><p>&#8220;A empresa tentou adiar a data do evento, mas eu n\u00e3o consigo prorrogar, porque tenho familiares com passagens compradas, vestidos comprados&#8221;, disse o pai da adolescente.<\/p><\/blockquote>\n<\/div>\n<div class=\"mc-column content-text active-extra-styles\" data-block-type=\"raw\" data-block-weight=\"3\" data-block-id=\"18\">\n<div class=\"content-intertitle\">\n<h2>Casamento n\u00e3o realizado<\/h2>\n<\/div>\n<p>&nbsp;<\/p>\n<\/div>\n<div id=\"chunk-4b2rq\">\n<div class=\"row medium-uncollapsed content-media content-photo\" data-block-type=\"backstage-photo\" data-block-id=\"19\">\n<div class=\"mc-column content-media__container\">\n<div class=\"content-media-container glb-skeleton-box\">\n<figure class=\"content-media-figure\"><img loading=\"lazy\" class=\"i-amphtml-fill-content i-amphtml-replaced-content\" src=\"https:\/\/s2.glbimg.com\/5hPquBLOH05qjsWFbd_x-9-CtRc=\/0x0:1129x665\/984x0\/smart\/filters:strip_icc()\/i.s3.glbimg.com\/v1\/AUTH_59edd422c0c84a879bd37670ae4f538a\/internal_photos\/bs\/2023\/c\/S\/yRLqfcSUSeIwVO0pxhug\/whatsapp-image-2023-01-20-at-13.20.45.jpeg\" sizes=\"(max-width: 2049px) 648px, 100vw\" srcset=\"https:\/\/s2.glbimg.com\/KWrvhchaf8jNUKrdPeCc5KY4MXE=\/0x0:1129x665\/1000x0\/smart\/filters:strip_icc()\/i.s3.glbimg.com\/v1\/AUTH_59edd422c0c84a879bd37670ae4f538a\/internal_photos\/bs\/2023\/c\/S\/yRLqfcSUSeIwVO0pxhug\/whatsapp-image-2023-01-20-at-13.20.45.jpeg 1000w, https:\/\/s2.glbimg.com\/5hPquBLOH05qjsWFbd_x-9-CtRc=\/0x0:1129x665\/984x0\/smart\/filters:strip_icc()\/i.s3.glbimg.com\/v1\/AUTH_59edd422c0c84a879bd37670ae4f538a\/internal_photos\/bs\/2023\/c\/S\/yRLqfcSUSeIwVO0pxhug\/whatsapp-image-2023-01-20-at-13.20.45.jpeg 984w, https:\/\/s2.glbimg.com\/SvlvZ8K0W5L_kjcWG1aifyDWL7M=\/0x0:1129x665\/640x0\/smart\/filters:strip_icc()\/i.s3.glbimg.com\/v1\/AUTH_59edd422c0c84a879bd37670ae4f538a\/internal_photos\/bs\/2023\/c\/S\/yRLqfcSUSeIwVO0pxhug\/whatsapp-image-2023-01-20-at-13.20.45.jpeg 640w, https:\/\/s2.glbimg.com\/91XX9TgpBlnAtvv1sn9HBX6ZQNo=\/0x0:1129x665\/600x0\/smart\/filters:strip_icc()\/i.s3.glbimg.com\/v1\/AUTH_59edd422c0c84a879bd37670ae4f538a\/internal_photos\/bs\/2023\/c\/S\/yRLqfcSUSeIwVO0pxhug\/whatsapp-image-2023-01-20-at-13.20.45.jpeg 600w\" alt=\"O contador Erik Santana M\u00f4nica tamb\u00e9m denuncia a empresa por golpe. \u2014 Foto: Reprodu\u00e7\u00e3o\/TV Bahia\" width=\"389\" height=\"229\" \/><\/figure>\n<\/div>\n<p class=\"content-media__description \">O contador Erik Santana M\u00f4nica tamb\u00e9m denuncia a empresa por golpe. \u2014 Foto: Reprodu\u00e7\u00e3o\/TV Bahia<\/p>\n<\/div>\n<\/div>\n<\/div>\n<div id=\"chunk-abo00\">\n<div class=\"mc-column content-text active-extra-styles \" data-block-type=\"unstyled\" data-block-weight=\"32\" data-block-id=\"20\">\n<p class=\"content-text__container \" data-track-category=\"Link no Texto\" data-track-links=\"\">O contador Erik Santana M\u00f4nica tamb\u00e9m denuncia a empresa por golpe. Ele e a noiva venderam a motocicleta do casal para conseguir o dinheiro e realizar um sonho: a festa de casamento.<\/p>\n<\/div>\n<\/div>\n<div id=\"chunk-bfc0l\">\n<div class=\"mc-column content-text active-extra-styles \" data-block-type=\"unstyled\" data-block-weight=\"27\" data-block-id=\"21\">\n<p class=\"content-text__container \" data-track-category=\"Link no Texto\" data-track-links=\"\">&#8220;Escolhemos a empresa, pagamos tudo. Demos a entrada de R$ 4 mil no PIX e passamos o resto no cart\u00e3o: parcelas de mil e poucos reais&#8221;, contou.<\/p>\n<\/div>\n<\/div>\n<div id=\"chunk-av9dh\">\n<div class=\"mc-column content-text active-extra-styles \" data-block-type=\"unstyled\" data-block-weight=\"26\" data-block-id=\"22\">\n<p class=\"content-text__container \" data-track-category=\"Link no Texto\" data-track-links=\"\">Com a data da festa marcada, mas sem conseguir falar com a empresa, o casal registrou um Boletim de Ocorr\u00eancia na Pol\u00edcia Civil e busca alternativas.<\/p>\n<\/div>\n<\/div>\n<div class=\"mc-column content-text active-extra-styles\" data-block-type=\"raw\" data-block-weight=\"30\" data-block-id=\"23\">\n<p class=\"content-text__container\">\n<blockquote class=\"content-blockquote theme-border-color-primary-before\"><p>&#8220;Tudo marcado, certo, e agora gente vai ver o que vai fazer. Correr atr\u00e1s de empr\u00e9stimo, amigos que possam ajudar e a\u00ed vamos ver o que vai acontecer&#8221;, relatou, decepcionado.<\/p><\/blockquote>\n<\/div>\n<div id=\"chunk-98rcu\">\n<div class=\"mc-column content-text active-extra-styles \" data-block-type=\"unstyled\" data-block-weight=\"11\" data-block-id=\"25\">\n<p class=\"content-text__container \" data-track-category=\"Link no Texto\" data-track-links=\"\">Segundo o contador, a empresa MV Cerimonial n\u00e3o responde as mensagens.<\/p>\n<\/div>\n<\/div>\n<div id=\"chunk-bj9ep\">\n<div class=\"mc-column content-text active-extra-styles \" data-block-type=\"unstyled\" data-block-weight=\"26\" data-block-id=\"26\">\n<p class=\"content-text__container \" data-track-category=\"Link no Texto\" data-track-links=\"\">&#8220;Buscamos a empresa, ligamos e ningu\u00e9m atende celular. S\u00f3 d\u00e1 desligado, eles n\u00e3o respondem WhatsApp, n\u00e3o atendem liga\u00e7\u00f5es e a\u00ed estamos sem saber o que fazer&#8221;.<\/p>\n<\/div>\n<\/div>\n<div class=\"mc-column content-text active-extra-styles\" data-block-type=\"raw\" data-block-weight=\"3\" data-block-id=\"27\">\n<div class=\"content-intertitle\">\n<h2>Entenda o caso<\/h2>\n<\/div>\n<\/div>\n<div id=\"chunk-6glv7\">\n<div class=\"mc-column content-text active-extra-styles \" data-block-type=\"unstyled\" data-block-weight=\"29\" data-block-id=\"28\">\n<p class=\"content-text__container \" data-track-category=\"Link no Texto\" data-track-links=\"\">Pelo menos 11 eventos foram cancelados pela empresa em Salvador, em janeiro, com a justificativa de que o cerimonial precisa passar por reestrutura\u00e7\u00e3o por causa da pandemia da Covid-19.<\/p>\n<\/div>\n<\/div>\n<div id=\"chunk-5kheb\">\n<div class=\"mc-column content-text active-extra-styles \" data-block-type=\"unstyled\" data-block-weight=\"63\" data-block-id=\"29\">\n<p class=\"content-text__container \" data-track-category=\"Link no Texto\" data-track-links=\"\">De acordo com a empresa, a devolu\u00e7\u00e3o do dinheiro investido pelos clientes n\u00e3o pode ser feita de forma imediata. Em nota enviada para os clientes, o cerimonial cita a Medida Provis\u00f3ria 1.101\/2022, que entrou em vigor durante a pandemia da Covid-19. Segundo o cerimonial, os valores ser\u00e3o devolvidos na forma no prazo relacionado at\u00e9 31\/12\/2023.<strong><em>\u00a0[Veja a nota completa no final da reportagem]<\/em><\/strong><\/p>\n<\/div>\n<\/div>\n<div id=\"chunk-d6fjm\">\n<div class=\"mc-column content-text active-extra-styles \" data-block-type=\"unstyled\" data-block-weight=\"42\" data-block-id=\"30\">\n<p class=\"content-text__container \" data-track-category=\"Link no Texto\" data-track-links=\"\">Segundo a Pol\u00edcia Civil, foram registradas duas den\u00fancias contra os propriet\u00e1rios do cerimonial entre os dias 8 e 16 de janeiro. Um dos clientes tamb\u00e9m registrou ocorr\u00eancia de crime contra a honra e os casos s\u00e3o apurados pela 12\u00aa Delegacia de Itapu\u00e3.<\/p>\n<\/div>\n<\/div>\n<div id=\"chunk-d1vrd\">\n<div class=\"mc-column content-text active-extra-styles \" data-block-type=\"unstyled\" data-block-weight=\"15\" data-block-id=\"31\">\n<p class=\"content-text__container \" data-track-category=\"Link no Texto\" data-track-links=\"\">Em um grupo no WhastApp, 40 pessoas afirmam estarem na mesma situa\u00e7\u00e3o e procuram solu\u00e7\u00f5es.<\/p>\n<\/div>\n<\/div>\n<div id=\"chunk-aan80\">\n<div class=\"mc-column content-text active-extra-styles \" data-block-type=\"unstyled\" data-block-weight=\"47\" data-block-id=\"32\">\n<p class=\"content-text__container \" data-track-category=\"Link no Texto\" data-track-links=\"\">Segundo a advogada Fabiana Lemos, especialista em direito do consumidor, algumas cl\u00e1usulas contratuais est\u00e3o sendo usadas equivocadamente pela empresa como argumentos para os cancelamentos. Uma delas seria a Medida Provis\u00f3ria citada na nota, que vale apenas para eventos cancelados at\u00e9 o dia 31 de janeiro de 2022.<\/p>\n<\/div>\n<\/div>\n<div id=\"chunk-4tdda\">\n<div class=\"mc-column content-text active-extra-styles \" data-block-type=\"unstyled\" data-block-weight=\"74\" data-block-id=\"34\">\n<p class=\"content-text__container \" data-track-category=\"Link no Texto\" data-track-links=\"\">&#8220;A lei contempla os anos de 2020, 2021 e 2022, ou seja, aquelas festas n\u00e3o realizadas nesses anos at\u00e9 dezembro de 2022 tem um prazo para reembolso prorrogado. Neste caso, todos os eventos foram designados para janeiro de 2023, j\u00e1 sem incid\u00eancia da pandemia deu Covid-19 de uma forma t\u00e3o intensa. Ent\u00e3o n\u00e3o h\u00e1 possibilidade de ter como justificativa essa medida provis\u00f3ria, porque n\u00e3o n\u00e3o h\u00e1 nenhum tipo de decreto de isolamento social&#8221;, afirmou.<\/p>\n<\/div>\n<\/div>\n<div id=\"chunk-en6g\">\n<div class=\"mc-column content-text active-extra-styles \" data-block-type=\"unstyled\" data-block-weight=\"7\" data-block-id=\"35\">\n<p class=\"content-text__container \" data-track-category=\"Link no Texto\" data-track-links=\"\"><strong>Confira a nota da empresa na \u00edntegra:<\/strong><\/p>\n<\/div>\n<\/div>\n<div id=\"chunk-6idsj\">\n<div class=\"mc-column content-text active-extra-styles \" data-block-type=\"unstyled\" data-block-weight=\"78\" data-block-id=\"36\">\n<p class=\"content-text__container \" data-track-category=\"Link no Texto\" data-track-links=\"\"><em>Como foi amplamente divulgado pela imprensa, o SARSCoV-2 (COVID-19) gerou desestrutura\u00e7\u00e3o mundial. Tal desestrutura\u00e7\u00e3o mundial ainda angaria espa\u00e7o no tempo atual. O setor de eventos, dentre todos os que existem, certamente, foi o mais prejudicado. Prova disso, foi todo influxo derivado da Lei n\u00ba 14.046, de 2020, Lei n.\u00ba 14.148\/21, que instituiu o Programa Emergencial de Retomada do Setor de Eventos, bem como, a Medida Provis\u00f3ria 1.101\/2022. As leis n\u00e3o foram &#8211; e provavelmente n\u00e3o ser\u00e3o &#8211; suficientes.<\/em><\/p>\n<\/div>\n<\/div>\n<div id=\"chunk-p40a\">\n<div class=\"mc-column content-text active-extra-styles \" data-block-type=\"unstyled\" data-block-weight=\"28\" data-block-id=\"37\">\n<p class=\"content-text__container \" data-track-category=\"Link no Texto\" data-track-links=\"\"><em>A principal causa do cancelamento \u00e9 a necessidade de reestrutura\u00e7\u00e3o da empresa, derivada das fortes consequ\u00eancias do COVID-19 e posteriormente a seu fortalecimento, cremos na retomada das atividades<\/em><\/p>\n<\/div>\n<\/div>\n<div id=\"chunk-fdlv5\">\n<div class=\"mc-column content-text active-extra-styles \" data-block-type=\"unstyled\" data-block-weight=\"62\" data-block-id=\"38\">\n<p class=\"content-text__container \" data-track-category=\"Link no Texto\" data-track-links=\"\"><em>A MV CERIMONIAL \u00e9 empresa s\u00e9ria, e baseada na Medida Provis\u00f3ria 1.101\/2022, informa a todos os CONTRATANTES que os respectivos valores ser\u00e3o devolvidos na forma da Medida provis\u00f3ria, inclusive no prazo relacionado at\u00e9 31\/12\/2023. Infelizmente, sabemos que muitos eventos \u2013 j\u00e1 pagos \u2013 precisar\u00e3o ir para outros locais e outros ambientes e a MV CERIMONIAL n\u00e3o possui recursos financeiros para reembolso imediato.<\/em><\/p>\n<\/div>\n<\/div>\n<\/div>\n<\/article>\n<\/div>\n<p data-track-category=\"Link no Texto\" data-track-links=\"\">\n","protected":false},"excerpt":{"rendered":"<p>Pelo menos 11 festas foram canceladas e clientes dizem n\u00e3o conseguir contato com dona da empresa. Cerimonial usou pandemia da Covid-19 como justificativa. Por g1 BA e TV Bahia V\u00edtima de golpe contratou buffet com lagosta e recebeu panela com macarr\u00e3o no anivers\u00e1rio de 15 anos da filha \u2014 Foto: Reprodu\u00e7\u00e3o\/TV Bahia A analista de [&hellip;]<\/p>\n","protected":false},"author":2,"featured_media":0,"comment_status":"open","ping_status":"open","sticky":false,"template":"","format":"standard","meta":{"_links_to":"","_links_to_target":""},"categories":[7,9,8,1,5],"tags":[],"_links":{"self":[{"href":"https:\/\/www.ilheusnoticias.net.br\/v1\/wp-json\/wp\/v2\/posts\/30676"}],"collection":[{"href":"https:\/\/www.ilheusnoticias.net.br\/v1\/wp-json\/wp\/v2\/posts"}],"about":[{"href":"https:\/\/www.ilheusnoticias.net.br\/v1\/wp-json\/wp\/v2\/types\/post"}],"author":[{"embeddable":true,"href":"https:\/\/www.ilheusnoticias.net.br\/v1\/wp-json\/wp\/v2\/users\/2"}],"replies":[{"embeddable":true,"href":"https:\/\/www.ilheusnoticias.net.br\/v1\/wp-json\/wp\/v2\/comments?post=30676"}],"version-history":[{"count":1,"href":"https:\/\/www.ilheusnoticias.net.br\/v1\/wp-json\/wp\/v2\/posts\/30676\/revisions"}],"predecessor-version":[{"id":30677,"href":"https:\/\/www.ilheusnoticias.net.br\/v1\/wp-json\/wp\/v2\/posts\/30676\/revisions\/30677"}],"wp:attachment":[{"href":"https:\/\/www.ilheusnoticias.net.br\/v1\/wp-json\/wp\/v2\/media?parent=30676"}],"wp:term":[{"taxonomy":"category","embeddable":true,"href":"https:\/\/www.ilheusnoticias.net.br\/v1\/wp-json\/wp\/v2\/categories?post=30676"},{"taxonomy":"post_tag","embeddable":true,"href":"https:\/\/www.ilheusnoticias.net.br\/v1\/wp-json\/wp\/v2\/tags?post=30676"}],"curies":[{"name":"wp","href":"https:\/\/api.w.org\/{rel}","templated":true}]}}