{"id":30674,"date":"2023-01-21T08:32:43","date_gmt":"2023-01-21T11:32:43","guid":{"rendered":"https:\/\/www.ilheusnoticias.net.br\/v1\/?p=30674"},"modified":"2023-01-21T08:32:43","modified_gmt":"2023-01-21T11:32:43","slug":"prisao-de-daniel-alves-o-que-se-sabe-e-o-que-falta-saber","status":"publish","type":"post","link":"https:\/\/www.ilheusnoticias.net.br\/v1\/2023\/01\/21\/prisao-de-daniel-alves-o-que-se-sabe-e-o-que-falta-saber\/","title":{"rendered":"Pris\u00e3o de Daniel Alves: o que se sabe e o que falta saber"},"content":{"rendered":"<div class=\"row content-head non-featured \">\n<div class=\"title\" data-block-type=\"title\" data-block-id=\"0\">\n<h1 class=\"content-head__title\"><span style=\"font-size: 16px;\">O jogador brasileiro foi acusado de ter estupro uma mulher em uma boate na Espanha, o que ele nega. Alves foi preso na sexta-feira (20) ap\u00f3s prestar depoimento.<\/span><\/h1>\n<\/div>\n<\/div>\n<div class=\"content__signa-share\">\n<div class=\"content__signature\">\n<div class=\"content-publication-data\">\n<div class=\"content-publication-data__text\">\n<p class=\"content-publication-data__from\" title=\"S\u00e1vio Ladeira, g1\">Por S\u00e1vio Ladeira, g1<\/p>\n<p title=\"S\u00e1vio Ladeira, g1\"><img class=\"i-amphtml-fill-content i-amphtml-replaced-content\" src=\"https:\/\/s2.glbimg.com\/HkBP95xQi9pMC0wcTlCsAvOMNwQ=\/0x0:4634x3090\/984x0\/smart\/filters:strip_icc()\/i.s3.glbimg.com\/v1\/AUTH_59edd422c0c84a879bd37670ae4f538a\/internal_photos\/bs\/2023\/h\/q\/mpSf8KSKmIIDZT8uI03g\/daniel-alves.jpg\" sizes=\"(max-width: 2049px) 648px, 100vw\" srcset=\"https:\/\/s2.glbimg.com\/PWvvgDsrEgPMC4k1HewDN2pNarg=\/0x0:4634x3090\/1000x0\/smart\/filters:strip_icc()\/i.s3.glbimg.com\/v1\/AUTH_59edd422c0c84a879bd37670ae4f538a\/internal_photos\/bs\/2023\/h\/q\/mpSf8KSKmIIDZT8uI03g\/daniel-alves.jpg 1000w, https:\/\/s2.glbimg.com\/HkBP95xQi9pMC0wcTlCsAvOMNwQ=\/0x0:4634x3090\/984x0\/smart\/filters:strip_icc()\/i.s3.glbimg.com\/v1\/AUTH_59edd422c0c84a879bd37670ae4f538a\/internal_photos\/bs\/2023\/h\/q\/mpSf8KSKmIIDZT8uI03g\/daniel-alves.jpg 984w, https:\/\/s2.glbimg.com\/7E4dWDBys1b9UxsbJSif9rJIysI=\/0x0:4634x3090\/640x0\/smart\/filters:strip_icc()\/i.s3.glbimg.com\/v1\/AUTH_59edd422c0c84a879bd37670ae4f538a\/internal_photos\/bs\/2023\/h\/q\/mpSf8KSKmIIDZT8uI03g\/daniel-alves.jpg 640w, https:\/\/s2.glbimg.com\/DEUkWtVqUNzHQYzlQoY51K-mvV4=\/0x0:4634x3090\/600x0\/smart\/filters:strip_icc()\/i.s3.glbimg.com\/v1\/AUTH_59edd422c0c84a879bd37670ae4f538a\/internal_photos\/bs\/2023\/h\/q\/mpSf8KSKmIIDZT8uI03g\/daniel-alves.jpg 600w\" alt=\"Daniel Alves em imagem de dezembro de 2022, durante a Copa do Mundo do Catar \u2014 Foto: Andre Penner\/AP\" \/><\/p>\n<p class=\"content-publication-data__updated\"><img class=\"content-video__placeholder__thumb\" title=\"Entenda pris\u00e3o de Daniel Alves por suposta agress\u00e3o sexual na Espanha\" src=\"https:\/\/s01.video.glbimg.com\/x240\/11298396.jpg\" alt=\"Entenda pris\u00e3o de Daniel Alves por suposta agress\u00e3o sexual na Espanha\" \/><\/p>\n<\/div>\n<\/div>\n<\/div>\n<\/div>\n<div class=\"mc-article-body\">\n<article>\n<div id=\"chunk-5kb8k\">\n<div class=\"bs-video-block mc-column  content-media content-video\" data-block-type=\"backstage-video\" data-block-id=\"1\">\n<div class=\"content-media__container\">\n<div class=\"content-video__bigger-player-description-fixer\">\n<article class=\"content-video\">\n<section class=\"content-video__video-container\">\n<div class=\"content-video__video\">\n<div id=\"wp3-player-2\" class=\"clappr-player\" tabindex=\"9999\" data-player=\"\">\n<div class=\"media-control media-control-hide h720 w960\">\n<div class=\"media-control-panel\">\n<div class=\"media-control-panel__lower\" data-controls=\"\">\n<div class=\"opposites-container\">\n<div class=\"media-control-position__right\">Entenda pris\u00e3o de Daniel Alves por suposta agress\u00e3o sexual na Espanha<\/div>\n<\/div>\n<\/div>\n<\/div>\n<\/div>\n<\/div>\n<\/div>\n<\/section>\n<\/article>\n<\/div>\n<\/div>\n<\/div>\n<\/div>\n<div id=\"chunk-41m27\">\n<div class=\"mc-column mc-side-item__container\" data-block-type=\"ads\" data-block-id=\"2\">\n<div class=\"mc-side-item mc-side-item--right content-ads content-ads--side-ad\">\n<div id=\"banner_materia1\" class=\"tag-manager-publicidade-container tag-manager-publicidade-banner_materia1 tag-manager-publicidade-container--carregado tag-manager-publicidade-container--visivel\" data-google-query-id=\"CKDM6q_H2PwCFYu6lQIdhqAPgg\">\n<div id=\"google_ads_iframe_\/95377733\/tvg_G1\/Mundo_0__container__\"><\/div>\n<\/div>\n<\/div>\n<\/div>\n<\/div>\n<div id=\"chunk-8incl\">\n<div class=\"mc-column content-text active-extra-styles \" data-block-type=\"unstyled\" data-block-weight=\"36\" data-block-id=\"3\">\n<p class=\"content-text__container \" data-track-category=\"Link no Texto\" data-track-links=\"\">A Justi\u00e7a espanhola determinou a pris\u00e3o preventiva e sem fian\u00e7a do jogador brasileiro Daniel Alves nesta sexta-feira (20), por conta de um processo que o acusa de ter estuprado uma mulher em uma boate de\u00a0<a href=\"http:\/\/g1.globo.com\/mundo\/espanha\/cidade\/barcelona.html\">Barcelona<\/a>.<\/p>\n<\/div>\n<\/div>\n<div class=\"wall protected-content\">\n<div id=\"chunk-dr9ec\">\n<div class=\"mc-column content-text active-extra-styles \" data-block-type=\"unstyled\" data-block-weight=\"5\" data-block-id=\"4\"><\/div>\n<\/div>\n<div class=\"mc-column content-text active-extra-styles\" data-block-type=\"raw\" data-block-weight=\"50\" data-block-id=\"5\">\n<p>&nbsp;<\/p>\n<\/div>\n<div id=\"chunk-fb0je\">\n<div class=\"row medium-uncollapsed content-media content-photo\" data-block-type=\"backstage-photo\" data-block-id=\"6\">\n<div class=\"mc-column content-media__container\">\n<div class=\"content-media-container glb-skeleton-box\">\n<figure class=\"content-media-figure\"><img class=\"i-amphtml-fill-content i-amphtml-replaced-content\" src=\"https:\/\/s2.glbimg.com\/qXXHT7OMcFGJZJmqB7dt_Ec0-S4=\/0x0:1920x1080\/984x0\/smart\/filters:strip_icc()\/i.s3.glbimg.com\/v1\/AUTH_59edd422c0c84a879bd37670ae4f538a\/internal_photos\/bs\/2023\/i\/K\/HLB2uBT52DTZA4X3eH4w\/viatura-de-daniel-alves.jpg\" sizes=\"(max-width: 2049px) 648px, 100vw\" srcset=\"https:\/\/s2.glbimg.com\/cV1qDDiV9nNQ6sZ5E0qhUEMR8PM=\/0x0:1920x1080\/1000x0\/smart\/filters:strip_icc()\/i.s3.glbimg.com\/v1\/AUTH_59edd422c0c84a879bd37670ae4f538a\/internal_photos\/bs\/2023\/i\/K\/HLB2uBT52DTZA4X3eH4w\/viatura-de-daniel-alves.jpg 1000w, https:\/\/s2.glbimg.com\/qXXHT7OMcFGJZJmqB7dt_Ec0-S4=\/0x0:1920x1080\/984x0\/smart\/filters:strip_icc()\/i.s3.glbimg.com\/v1\/AUTH_59edd422c0c84a879bd37670ae4f538a\/internal_photos\/bs\/2023\/i\/K\/HLB2uBT52DTZA4X3eH4w\/viatura-de-daniel-alves.jpg 984w, https:\/\/s2.glbimg.com\/JWb_Ycn5OoJfaMbgBUnwvRQvji8=\/0x0:1920x1080\/640x0\/smart\/filters:strip_icc()\/i.s3.glbimg.com\/v1\/AUTH_59edd422c0c84a879bd37670ae4f538a\/internal_photos\/bs\/2023\/i\/K\/HLB2uBT52DTZA4X3eH4w\/viatura-de-daniel-alves.jpg 640w, https:\/\/s2.glbimg.com\/h1PQfy_ZbW1V0o2LD08y_eK5gFI=\/0x0:1920x1080\/600x0\/smart\/filters:strip_icc()\/i.s3.glbimg.com\/v1\/AUTH_59edd422c0c84a879bd37670ae4f538a\/internal_photos\/bs\/2023\/i\/K\/HLB2uBT52DTZA4X3eH4w\/viatura-de-daniel-alves.jpg 600w\" alt=\"O jogador brasileiro Daniel Alves foi detido ap\u00f3s prestar depoimento em Barcelona, na Espanha, no dia 20 de janeiro de 2023 \u2014 Foto: Lucas Figueiredo\/CBF e Reuters\" \/><\/figure>\n<\/div>\n<p class=\"content-media__description \">O jogador brasileiro Daniel Alves foi detido ap\u00f3s prestar depoimento em Barcelona, na Espanha, no dia 20 de janeiro de 2023 \u2014 Foto: Lucas Figueiredo\/CBF e Reuters<\/p>\n<\/div>\n<\/div>\n<\/div>\n<div id=\"chunk-8o025\">\n<div class=\"content-ads content-ads--reveal\" data-block-type=\"ads\" data-block-id=\"7\">\n<div id=\"banner_materia2\" class=\"tag-manager-publicidade-container mc-has-reveal mc-has-ad-lazyload tag-manager-publicidade-banner_materia2 tag-manager-publicidade-container--carregado tag-manager-publicidade-container--visivel\" data-id=\"banner_materia2\" data-google-query-id=\"CM-Py7HH2PwCFcONlQIdiIoHAQ\">\n<div id=\"google_ads_iframe_\/95377733\/tvg_G1\/Mundo_3__container__\"><iframe loading=\"lazy\" id=\"google_ads_iframe_\/95377733\/tvg_G1\/Mundo_3\" tabindex=\"0\" title=\"3rd party ad content\" role=\"region\" src=\"https:\/\/d5f075a82a911934678c3aacd622cc04.safeframe.googlesyndication.com\/safeframe\/1-0-40\/html\/container.html\" name=\"\" width=\"1\" height=\"1\" frameborder=\"0\" marginwidth=\"0\" marginheight=\"0\" scrolling=\"no\" sandbox=\"allow-forms allow-popups allow-popups-to-escape-sandbox allow-same-origin allow-scripts allow-top-navigation-by-user-activation\" data-is-safeframe=\"true\" aria-label=\"Advertisement\" data-google-container-id=\"5\" data-load-complete=\"true\" data-mce-fragment=\"1\"><\/iframe><\/div>\n<\/div>\n<\/div>\n<\/div>\n<div id=\"chunk-6pn8h\">\n<div class=\"mc-column content-text active-extra-styles \" data-block-type=\"unstyled\" data-block-weight=\"21\" data-block-id=\"8\">\n<p class=\"content-text__container \" data-track-category=\"Link no Texto\" data-track-links=\"\"><strong>Veja o que se sabe e o que falta saber sobre a den\u00fancia de agress\u00e3o sexual envolvendo o jogador Daniel Alves:<\/strong><\/p>\n<\/div>\n<\/div>\n<div class=\"mc-column content-text active-extra-styles\" data-block-type=\"raw\" data-block-weight=\"3\" data-block-id=\"9\">\n<p class=\"content-text__container\">\n<div class=\"content-intertitle\">\n<h2>O que aconteceu?<\/h2>\n<\/div>\n<p>&nbsp;<\/p>\n<\/div>\n<div id=\"chunk-4l3bd\">\n<div class=\"mc-column content-text active-extra-styles \" data-block-type=\"unstyled\" data-block-weight=\"24\" data-block-id=\"10\">\n<p class=\"content-text__container \" data-track-category=\"Link no Texto\" data-track-links=\"\">Na madrugada do dia 30 de dezembro, a suposta v\u00edtima alegou que foi estuprada por Daniel Alves no banheiro da boate &#8220;Sutton&#8221;, em Barcelona.<\/p>\n<\/div>\n<\/div>\n<div id=\"chunk-7g2dr\">\n<div class=\"mc-column content-text active-extra-styles \" data-block-type=\"unstyled\" data-block-weight=\"64\" data-block-id=\"11\">\n<p class=\"content-text__container \" data-track-category=\"Link no Texto\" data-track-links=\"\">Detalhes do depoimento dado \u00e0 pol\u00edcia foram revelados pelos jornais da Espanha. Nele, segundo a imprensa, ela conta que o jogador a impediu de sair do banheiro, agarrou e colocou a m\u00e3o dela sobre o seu p\u00eanis, a jogou no ch\u00e3o, ordenou que ela fizesse sexo oral \u2013 o que ela recusou e resistiu, \u2013 bateu nela e a penetrou com for\u00e7a at\u00e9 ejacular.<\/p>\n<\/div>\n<\/div>\n<div id=\"chunk-fqrp3\">\n<div class=\"mc-column content-text active-extra-styles \" data-block-type=\"unstyled\" data-block-weight=\"63\" data-block-id=\"12\">\n<p class=\"content-text__container \" data-track-category=\"Link no Texto\" data-track-links=\"\">At\u00e9 o momento, s\u00f3 se sabe essa vers\u00e3o dada no depoimento e obtida pela imprensa. O depoimento n\u00e3o foi divulgado oficialmente. N\u00e3o havia c\u00e2meras no local onde aconteceu a agress\u00e3o. Inicialmente, Daniel Alves negou que isso tenha acontecido e disse que n\u00e3o conhecia a mulher. Depois, segundo a imprensa local, o jogador mudou a vers\u00e3o e disse que a rela\u00e7\u00e3o foi consensual.<\/p>\n<\/div>\n<\/div>\n<div id=\"chunk-9u00c\">\n<div class=\"mc-column content-text active-extra-styles \" data-block-type=\"unstyled\" data-block-weight=\"39\" data-block-id=\"13\">\n<p class=\"content-text__container \" data-track-category=\"Link no Texto\" data-track-links=\"\">Testemunhas viram indo ao banheiro e depois chorando ap\u00f3s sair de l\u00e1. Quando a pol\u00edcia chegou no local, o jogador j\u00e1 havia ido embora. Segundo o jornal &#8220;El Peri\u00f3dico&#8221;, a pol\u00edcia disse que encontrou tra\u00e7os de s\u00eamen no banheiro.<\/p>\n<\/div>\n<\/div>\n<div id=\"chunk-98qq7\">\n<div class=\"content-ads content-ads--reveal\" data-block-type=\"ads\" data-block-id=\"14\">\n<div id=\"banner_materia__fac74917-066c-4967-bf6f-a69528012d63\" class=\"tag-manager-publicidade-container mc-has-reveal mc-has-ad-lazyload tag-manager-publicidade-banner_materia__fac74917-066c-4967-bf6f-a69528012d63 tag-manager-publicidade-container--carregado tag-manager-publicidade-container--visivel\" data-id=\"banner_materia__fac74917-066c-4967-bf6f-a69528012d63\" data-google-query-id=\"CO7Y0bHH2PwCFUullQId3nYAGA\">\n<div id=\"google_ads_iframe_\/95377733\/tvg_G1\/Mundo_4__container__\"><iframe loading=\"lazy\" id=\"google_ads_iframe_\/95377733\/tvg_G1\/Mundo_4\" tabindex=\"0\" title=\"3rd party ad content\" role=\"region\" src=\"https:\/\/d5f075a82a911934678c3aacd622cc04.safeframe.googlesyndication.com\/safeframe\/1-0-40\/html\/container.html\" name=\"\" width=\"1\" height=\"1\" frameborder=\"0\" marginwidth=\"0\" marginheight=\"0\" scrolling=\"no\" sandbox=\"allow-forms allow-popups allow-popups-to-escape-sandbox allow-same-origin allow-scripts allow-top-navigation-by-user-activation\" data-is-safeframe=\"true\" aria-label=\"Advertisement\" data-google-container-id=\"6\" data-load-complete=\"true\" data-mce-fragment=\"1\"><\/iframe><\/div>\n<\/div>\n<\/div>\n<\/div>\n<div id=\"chunk-9afdq\">\n<div class=\"mc-column content-text active-extra-styles \" data-block-type=\"unstyled\" data-block-weight=\"13\" data-block-id=\"15\">\n<p class=\"content-text__container \" data-track-category=\"Link no Texto\" data-track-links=\"\">Relat\u00f3rios m\u00e9dicos apontam que a v\u00edtima tinha sinais de agress\u00e3o compat\u00edveis com estupro.<\/p>\n<p class=\"content-text__container \" data-track-category=\"Link no Texto\" data-track-links=\"\">Por que Daniel Alves foi preso?<\/p>\n<\/div>\n<\/div>\n<div id=\"chunk-11ob5\">\n<div class=\"mc-column content-text active-extra-styles \" data-block-type=\"unstyled\" data-block-weight=\"26\" data-block-id=\"18\">\n<p class=\"content-text__container \" data-track-category=\"Link no Texto\" data-track-links=\"\">Daniel Alves atendeu a um pedido dos investigadores e foi voluntariamente at\u00e9 a delegacia em Barcelona. Depois de prestar depoimento sobre o caso, ele foi detido.<\/p>\n<\/div>\n<\/div>\n<div id=\"chunk-24v0s\">\n<div class=\"mc-column content-text active-extra-styles \" data-block-type=\"unstyled\" data-block-weight=\"35\" data-block-id=\"19\">\n<p class=\"content-text__container \" data-track-category=\"Link no Texto\" data-track-links=\"\">Posteriormente, foi levado at\u00e9 uma ju\u00edza da Catalunha, onde prestou um depoimento de 45 minutos. Ap\u00f3s ouvi-lo, a ju\u00edza acatou o pedido de pris\u00e3o preventiva sem fian\u00e7a feito pela promotoria e pelos advogados da v\u00edtima.<\/p>\n<\/div>\n<\/div>\n<div id=\"chunk-cf5ht\">\n<div class=\"mc-column content-text active-extra-styles \" data-block-type=\"unstyled\" data-block-weight=\"9\" data-block-id=\"20\">\n<p class=\"content-text__container \" data-track-category=\"Link no Texto\" data-track-links=\"\">Na decis\u00e3o pela pris\u00e3o, a ju\u00edza citou quatro motivos:<\/p>\n<\/div>\n<\/div>\n<div class=\"mc-column content-text active-extra-styles\" data-block-type=\"raw\" data-block-weight=\"37\" data-block-id=\"21\">\n<ul class=\"content-unordered-list\">\n<li>Daniel Alves n\u00e3o tem endere\u00e7o fixo na Espanha<\/li>\n<li>O denunciado tem plenas condi\u00e7\u00f5es financeiras de fugir<\/li>\n<li>N\u00e3o h\u00e1 acordo de extradi\u00e7\u00e3o entre a Espanha e o Brasil<\/li>\n<li>H\u00e1 risco de obstru\u00e7\u00e3o de justi\u00e7a por parte do jogo<\/li>\n<\/ul>\n<\/div>\n<div id=\"chunk-3j13m\">\n<div class=\"bs-video-block mc-column  content-media content-video\" data-block-type=\"backstage-video\" data-block-id=\"22\">\n<div class=\"content-media__container\">\n<div class=\"content-video__bigger-player-description-fixer\">\n<article class=\"content-video\">\n<section class=\"content-video__video-container\">\n<div class=\"content-video__video\">\n<div id=\"wp3-player-3\" class=\"clappr-player\" tabindex=\"9999\" data-player=\"\">\n<div class=\"media-control media-control-hide h720 w960\">\n<div class=\"media-control-panel\">\n<div class=\"media-control-panel__lower\" data-controls=\"\">\n<div class=\"opposites-container\">\n<div class=\"media-control-position__right\">Daniel Alves \u00e9 detido em Barcelona durante depoimento e levado para cust\u00f3dia judicial<\/div>\n<\/div>\n<\/div>\n<\/div>\n<\/div>\n<\/div>\n<\/div>\n<\/section>\n<\/article>\n<\/div>\n<\/div>\n<\/div>\n<\/div>\n<div class=\"mc-column content-text active-extra-styles\" data-block-type=\"raw\" data-block-weight=\"6\" data-block-id=\"24\">\n<div class=\"content-intertitle\">\n<h2>Por que Daniel Alves estava Espanha?<\/h2>\n<\/div>\n<p>&nbsp;<\/p>\n<\/div>\n<div id=\"chunk-3e5ck\">\n<div class=\"mc-column content-text active-extra-styles \" data-block-type=\"unstyled\" data-block-weight=\"27\" data-block-id=\"25\">\n<p class=\"content-text__container \" data-track-category=\"Link no Texto\" data-track-links=\"\">No final de dezembro, quando aconteceu o suposto crime, Daniel Alves estava em Barcelona tirando alguns dias de\u00a0<strong>f\u00e9rias\u00a0<\/strong>ap\u00f3s disputar a Copa do Mundo do Catar.<\/p>\n<\/div>\n<\/div>\n<div id=\"chunk-em09p\">\n<div class=\"mc-column content-text active-extra-styles \" data-block-type=\"unstyled\" data-block-weight=\"25\" data-block-id=\"26\">\n<p class=\"content-text__container \" data-track-category=\"Link no Texto\" data-track-links=\"\">O jogador mora atualmente no\u00a0<a href=\"https:\/\/g1.globo.com\/tudo-sobre\/mexico\/\">M\u00e9xico<\/a>, mas foi semana passada \u00e0 Espanha para o\u00a0<strong>vel\u00f3rio de sua sogra<\/strong>, que morreu no dia 13 de janeiro.<\/p>\n<\/div>\n<\/div>\n<div id=\"chunk-3tk72\">\n<div class=\"mc-column content-text active-extra-styles \" data-block-type=\"unstyled\" data-block-weight=\"12\" data-block-id=\"27\">\n<p class=\"content-text__container \" data-track-category=\"Link no Texto\" data-track-links=\"\">Antes de voltar ao M\u00e9xico, ele foi at\u00e9 a delegacia prestar depoimento.<\/p>\n<\/div>\n<\/div>\n<div class=\"mc-column content-text active-extra-styles\" data-block-type=\"raw\" data-block-weight=\"5\" data-block-id=\"28\">\n<p class=\"content-text__container\">\n<div class=\"content-intertitle\">\n<h2>Onde Daniel Alves est\u00e1 preso?<\/h2>\n<\/div>\n<p>&nbsp;<\/p>\n<\/div>\n<div id=\"chunk-u9g2\">\n<div class=\"mc-column content-text active-extra-styles \" data-block-type=\"unstyled\" data-block-weight=\"19\" data-block-id=\"29\">\n<p class=\"content-text__container \" data-track-category=\"Link no Texto\" data-track-links=\"\">O jogador est\u00e1 preso na\u00a0<strong>Penitenci\u00e1ria Brians 1<\/strong>, que fica a cerca de 30 km do centro de Barcelona.<\/p>\n<\/div>\n<\/div>\n<div class=\"mc-column content-text active-extra-styles\" data-block-type=\"raw\" data-block-weight=\"7\" data-block-id=\"30\">\n<p class=\"content-text__container\">\n<div class=\"content-intertitle\">\n<h2>At\u00e9 quando Daniel Alves ficar\u00e1 na cadeia?<\/h2>\n<\/div>\n<p>&nbsp;<\/p>\n<\/div>\n<div id=\"chunk-nvvu\">\n<div class=\"mc-column content-text active-extra-styles \" data-block-type=\"unstyled\" data-block-weight=\"27\" data-block-id=\"31\">\n<p class=\"content-text__container \" data-track-category=\"Link no Texto\" data-track-links=\"\">Daniel Alves est\u00e1\u00a0<strong>preso<\/strong>, mas\u00a0<strong>ainda n\u00e3o foi julgado<\/strong>. A Justi\u00e7a espanhola decretou a pris\u00e3o preventiva, mas n\u00e3o determinou um prazo para ele ser solto ou julgado.<\/p>\n<\/div>\n<\/div>\n<div id=\"chunk-dob5f\">\n<div class=\"mc-column content-text active-extra-styles \" data-block-type=\"unstyled\" data-block-weight=\"31\" data-block-id=\"32\">\n<p class=\"content-text__container \" data-track-category=\"Link no Texto\" data-track-links=\"\">Para crimes de\u00a0<strong>agress\u00e3o sexual<\/strong>, que incluem o\u00a0<strong>estupro<\/strong>, o C\u00f3digo Penal espanhol prev\u00ea\u00a0<strong>pena de um a 15 anos<\/strong>, dependendo da gravidade do caso, que pode ser reduzida a multas.<\/p>\n<\/div>\n<\/div>\n<div class=\"mc-column content-text active-extra-styles\" data-block-type=\"raw\" data-block-weight=\"6\" data-block-id=\"33\">\n<p class=\"content-text__container\">\n<div class=\"content-intertitle\">\n<h2>Como funciona a investiga\u00e7\u00e3o na Espanha?<\/h2>\n<\/div>\n<p>&nbsp;<\/p>\n<\/div>\n<div id=\"chunk-ovdu\">\n<div class=\"mc-column content-text active-extra-styles \" data-block-type=\"unstyled\" data-block-weight=\"24\" data-block-id=\"34\">\n<p class=\"content-text__container \" data-track-category=\"Link no Texto\" data-track-links=\"\">Pela legisla\u00e7\u00e3o da Espanha, uma pessoa investigada pode ser presa durante o depoimento, caso os interrogantes entendam que h\u00e1 elementos que justifiquem a deten\u00e7\u00e3o.<\/p>\n<\/div>\n<\/div>\n<div id=\"chunk-aevf3\">\n<div class=\"mc-column content-text active-extra-styles \" data-block-type=\"unstyled\" data-block-weight=\"19\" data-block-id=\"35\">\n<p class=\"content-text__container \" data-track-category=\"Link no Texto\" data-track-links=\"\">No sistema espanhol, a Justi\u00e7a tamb\u00e9m faz sua pr\u00f3pria investiga\u00e7\u00e3o sobre um caso, ainda que haja um inqu\u00e9rito policial.<\/p>\n<\/div>\n<\/div>\n<div id=\"chunk-10hf3\">\n<div class=\"content-ads content-ads--reveal\" data-block-type=\"ads\" data-block-id=\"36\">\n<div id=\"banner_materia__750a5a2d-523a-4170-ae92-79b9245327ab\" class=\"tag-manager-publicidade-container mc-has-reveal mc-has-ad-lazyload tag-manager-publicidade-banner_materia__750a5a2d-523a-4170-ae92-79b9245327ab tag-manager-publicidade-container--carregado tag-manager-publicidade-container--visivel\" data-id=\"banner_materia__750a5a2d-523a-4170-ae92-79b9245327ab\" data-google-query-id=\"CLbj4bPH2PwCFZqwlQIdhz0GGQ\">\n<div id=\"google_ads_iframe_\/95377733\/tvg_G1\/Mundo_6__container__\"><\/div>\n<\/div>\n<\/div>\n<\/div>\n<div id=\"chunk-178mi\">\n<div class=\"mc-column content-text active-extra-styles \" data-block-type=\"unstyled\" data-block-weight=\"13\" data-block-id=\"37\">\n<p class=\"content-text__container \" data-track-category=\"Link no Texto\" data-track-links=\"\">Em paralelo, o Minist\u00e9rio P\u00fablico pode fazer uma den\u00fancia, como ocorreu nesta situa\u00e7\u00e3o.<\/p>\n<\/div>\n<\/div>\n<div id=\"chunk-2t5jc\">\n<div class=\"mc-column content-text active-extra-styles \" data-block-type=\"unstyled\" data-block-weight=\"47\" data-block-id=\"38\">\n<p class=\"content-text__container \" data-track-category=\"Link no Texto\" data-track-links=\"\">Quando a den\u00fancia chega \u00e0 Justi\u00e7a, um tribunal designa um magistrado chamado juiz de instru\u00e7\u00e3o, que fica encarregado de reunir provas de um caso para determinar se se trata ou n\u00e3o de crime ou delito. Caso determine que sim, esse magistrado encaminha ent\u00e3o o caso para julgamento<\/p>\n<\/div>\n<\/div>\n<div class=\"mc-column content-text active-extra-styles\" data-block-type=\"raw\" data-block-weight=\"7\" data-block-id=\"39\">\n<p class=\"content-text__container\">\n<div class=\"content-intertitle\">\n<h2>Quem \u00e9 a suposta v\u00edtima de estupro?<\/h2>\n<\/div>\n<p>&nbsp;<\/p>\n<\/div>\n<div id=\"chunk-anc3f\">\n<div class=\"mc-column content-text active-extra-styles \" data-block-type=\"unstyled\" data-block-weight=\"52\" data-block-id=\"40\">\n<p class=\"content-text__container \" data-track-category=\"Link no Texto\" data-track-links=\"\"><span class=\"highlight highlighted\">A identidade da denunciante n\u00e3o foi revelada<\/span>. O que se sabe sobre ela \u00e9 que tem<strong>\u00a023 anos<\/strong>\u00a0e foi para a boate com amigas. Um grupo de mexicanos as convidou para entrar na \u00e1rea VIP, onde estava o jogador, mas n\u00e3o se sabe qual \u00e9 a rela\u00e7\u00e3o dela com esse grupo.<\/p>\n<\/div>\n<\/div>\n<div class=\"mc-column content-text active-extra-styles\" data-block-type=\"raw\" data-block-weight=\"8\" data-block-id=\"41\">\n<p class=\"content-text__container\">\n<div class=\"content-intertitle\">\n<h2>O que Daniel Alves disse sobre o caso?<\/h2>\n<\/div>\n<p>&nbsp;<\/p>\n<\/div>\n<div id=\"chunk-482k5\">\n<div class=\"mc-column content-text active-extra-styles \" data-block-type=\"unstyled\" data-block-weight=\"44\" data-block-id=\"42\">\n<p class=\"content-text__container \" data-track-category=\"Link no Texto\" data-track-links=\"\">Na quinta-feira (5), durante entrevista a um programa de TV na Espanha,\u00a0<strong>Alves alegou que estava apenas dan\u00e7ando<\/strong>, sem invadir o espa\u00e7o de ningu\u00e9m. Ele alegou ainda n\u00e3o conhecer a mulher e disse n\u00e3o ter &#8220;que perguntar quem est\u00e1 no banheiro&#8221; quando quer us\u00e1-lo.<\/p>\n<\/div>\n<\/div>\n<div id=\"chunk-26s0c\">\n<div class=\"mc-column content-text active-extra-styles \" data-block-type=\"unstyled\" data-block-weight=\"74\" data-block-id=\"43\">\n<p class=\"content-text__container \" data-track-category=\"Link no Texto\" data-track-links=\"\">&#8220;Eu estive nesse lugar, e quem me conhece sabe que eu adoro dan\u00e7ar, mas sem invadir o espa\u00e7o de ningu\u00e9m, respeitando os espa\u00e7os. E quando voc\u00ea vai ao banheiro n\u00e3o tem que perguntar quem est\u00e1 l\u00e1 para usar o banheiro.\u00a0<strong>N\u00e3o sei quem \u00e9 essa senhorita, nunca a vi<\/strong>. Nestes anos todos nunca invadi o espa\u00e7o de ningu\u00e9m sem autoriza\u00e7\u00e3o&#8221;, declarou o jogador, que se queixou tamb\u00e9m dos danos da den\u00fancia \u00e0 sua fam\u00edlia.<\/p>\n<\/div>\n<\/div>\n<div id=\"chunk-7jtc1\">\n<div class=\"content-ads content-ads--reveal\" data-block-type=\"ads\" data-block-id=\"44\">\n<div id=\"banner_materia__ffdd81cb-e96c-4a62-8c0d-5df603a881b0\" class=\"tag-manager-publicidade-container mc-has-reveal mc-has-ad-lazyload tag-manager-publicidade-banner_materia__ffdd81cb-e96c-4a62-8c0d-5df603a881b0 tag-manager-publicidade-container--carregado tag-manager-publicidade-container--visivel\" data-id=\"banner_materia__ffdd81cb-e96c-4a62-8c0d-5df603a881b0\" data-google-query-id=\"CO7KnLTH2PwCFViMlQIdub4Hyw\">\n<div id=\"google_ads_iframe_\/95377733\/tvg_G1\/Mundo_7__container__\"><\/div>\n<\/div>\n<\/div>\n<\/div>\n<div id=\"chunk-57nmk\">\n<div class=\"mc-column content-text active-extra-styles \" data-block-type=\"unstyled\" data-block-weight=\"42\" data-block-id=\"45\">\n<p class=\"content-text__container \" data-track-category=\"Link no Texto\" data-track-links=\"\">Depois, os jornais &#8220;El Pa\u00eds&#8221; e &#8220;El Peri\u00f3dico&#8221; afirmaram que, no depoimento \u00e0 ju\u00edza que determinou sua pris\u00e3o, Daniel Alves mudou sua vers\u00e3o e assumiu que teve uma rela\u00e7\u00e3o sexual com a mulher, mas negou ter sido violento ou cometido agress\u00e3o sexual.<\/p>\n<\/div>\n<\/div>\n<div class=\"mc-column content-text active-extra-styles\" data-block-type=\"raw\" data-block-weight=\"6\" data-block-id=\"46\">\n<p class=\"content-text__container\">\n<div class=\"content-intertitle\">\n<h2>Daniel Alves teve seu contrato rescindido?<\/h2>\n<\/div>\n<p>O jogador, que recentemente fez parte da Sele\u00e7\u00e3o Brasileira na Copa do Mundo do Catar em 2022, no auge da sua carreira passou por dois grandes times da Espanha: Sevilla e Barcelona.<\/p>\n<\/div>\n<div id=\"chunk-f2bsg\">\n<div class=\"mc-column content-text active-extra-styles \" data-block-type=\"unstyled\" data-block-weight=\"28\" data-block-id=\"48\">\n<p class=\"content-text__container \" data-track-category=\"Link no Texto\" data-track-links=\"\">Seu contrato mais recente era com o Los Pumas, um time mexicano, que j\u00e1 declarou que ele est\u00e1 automaticamente fora do time ap\u00f3s a acusa\u00e7\u00e3o de agress\u00e3o sexual.<\/p>\n<\/div>\n<\/div>\n<div id=\"chunk-ndqi\">\n<div class=\"row medium-uncollapsed content-media content-photo\" data-block-type=\"backstage-photo\" data-block-id=\"49\">\n<div class=\"mc-column content-media__container\">\n<div class=\"content-media-container glb-skeleton-box\"><\/div>\n<p class=\"content-media__description \">\n<\/div>\n<\/div>\n<\/div>\n<\/div>\n<\/article>\n<\/div>\n","protected":false},"excerpt":{"rendered":"<p>O jogador brasileiro foi acusado de ter estupro uma mulher em uma boate na Espanha, o que ele nega. Alves foi preso na sexta-feira (20) ap\u00f3s prestar depoimento. Por S\u00e1vio Ladeira, g1 Entenda pris\u00e3o de Daniel Alves por suposta agress\u00e3o sexual na Espanha A Justi\u00e7a espanhola determinou a pris\u00e3o preventiva e sem fian\u00e7a do jogador [&hellip;]<\/p>\n","protected":false},"author":2,"featured_media":0,"comment_status":"open","ping_status":"open","sticky":false,"template":"","format":"standard","meta":{"_links_to":"","_links_to_target":""},"categories":[6,9,8,1,5],"tags":[],"_links":{"self":[{"href":"https:\/\/www.ilheusnoticias.net.br\/v1\/wp-json\/wp\/v2\/posts\/30674"}],"collection":[{"href":"https:\/\/www.ilheusnoticias.net.br\/v1\/wp-json\/wp\/v2\/posts"}],"about":[{"href":"https:\/\/www.ilheusnoticias.net.br\/v1\/wp-json\/wp\/v2\/types\/post"}],"author":[{"embeddable":true,"href":"https:\/\/www.ilheusnoticias.net.br\/v1\/wp-json\/wp\/v2\/users\/2"}],"replies":[{"embeddable":true,"href":"https:\/\/www.ilheusnoticias.net.br\/v1\/wp-json\/wp\/v2\/comments?post=30674"}],"version-history":[{"count":1,"href":"https:\/\/www.ilheusnoticias.net.br\/v1\/wp-json\/wp\/v2\/posts\/30674\/revisions"}],"predecessor-version":[{"id":30675,"href":"https:\/\/www.ilheusnoticias.net.br\/v1\/wp-json\/wp\/v2\/posts\/30674\/revisions\/30675"}],"wp:attachment":[{"href":"https:\/\/www.ilheusnoticias.net.br\/v1\/wp-json\/wp\/v2\/media?parent=30674"}],"wp:term":[{"taxonomy":"category","embeddable":true,"href":"https:\/\/www.ilheusnoticias.net.br\/v1\/wp-json\/wp\/v2\/categories?post=30674"},{"taxonomy":"post_tag","embeddable":true,"href":"https:\/\/www.ilheusnoticias.net.br\/v1\/wp-json\/wp\/v2\/tags?post=30674"}],"curies":[{"name":"wp","href":"https:\/\/api.w.org\/{rel}","templated":true}]}}