{"id":30672,"date":"2023-01-21T08:27:25","date_gmt":"2023-01-21T11:27:25","guid":{"rendered":"https:\/\/www.ilheusnoticias.net.br\/v1\/?p=30672"},"modified":"2023-01-21T08:27:25","modified_gmt":"2023-01-21T11:27:25","slug":"na-paraiba-jeronimo-rodrigues-participa-de-reuniao-do-consorcio-nordeste-e-aponta-prioridades-para-investimentos-federais-na-regiao","status":"publish","type":"post","link":"https:\/\/www.ilheusnoticias.net.br\/v1\/2023\/01\/21\/na-paraiba-jeronimo-rodrigues-participa-de-reuniao-do-consorcio-nordeste-e-aponta-prioridades-para-investimentos-federais-na-regiao\/","title":{"rendered":"Na Para\u00edba, Jer\u00f4nimo Rodrigues participa de reuni\u00e3o do Cons\u00f3rcio Nordeste e aponta prioridades para investimentos federais na regi\u00e3o"},"content":{"rendered":"<div class=\"Post\">\n<div class=\"Post-body\">\n<div class=\"Post-inner article\">\n<div class=\"PostFooterIcons metadata-icons\">\n<div align=\"center\"><\/div>\n<\/div>\n<\/div>\n<\/div>\n<\/div>\n<div class=\"Post\">\n<div class=\"Post-body\">\n<div class=\"Post-inner article\">\n<div class=\"PostHeaderIcons metadata-icons\"><img src=\"http:\/\/www.blogdothame.blog.br\/v1\/wp-content\/uploads\/2023\/01\/consorcio-nordeste-2.jpg\" \/><\/div>\n<div class=\"PostContent\">\n<p>O governador Jer\u00f4nimo Rodrigues e os demais governadores do Cons\u00f3rcio Nordeste se encontraram em Jo\u00e3o Pessoa, na Para\u00edba, nesta sexta-feira (20), para alinhar as a\u00e7\u00f5es e pol\u00edticas p\u00fablicas que v\u00e3o permitir o di\u00e1logo entre governo federal, estados e munic\u00edpios e com isso garantir os investimentos para a regi\u00e3o. Um plano de a\u00e7\u00e3o e a lista de prioridades foi constru\u00edda e ser\u00e1 apresentada ao presidente Lula na reuni\u00e3o agendada para o final do m\u00eas de janeiro com governadores de todo o Brasil, em Bras\u00edlia. Dentre as demandas, est\u00e3o o combate \u00e0 fome, a gera\u00e7\u00e3o de emprego, a escassez de \u00e1gua, energia el\u00e9trica e internet, a quest\u00e3o da moradia, entre outras demandas.<\/p>\n<p>&nbsp;<\/p>\n<p>\u201cHoje, n\u00f3s estamos aqui discutindo um documento com a proposta de articular uma rela\u00e7\u00e3o federativa, sobre como \u00e9 que os estados v\u00e3o se relacionar com o governo federal. N\u00f3s tivemos uma aus\u00eancia total do governo federal nos \u00faltimos quatro anos em rela\u00e7\u00e3o aos munic\u00edpios e estados e a gente quer restabelecer isso. N\u00e3o se faz pol\u00edtica isolada. E dentro deste contexto, estamos trazendo e discutindo as nossas propostas de a\u00e7\u00f5es produtivas, por exemplo, produ\u00e7\u00e3o de energia renov\u00e1vel, retomada dos programas Minha Casa Minha Vida, \u00c1gua para todos, Luz para Todos, inclu\u00edmos o Internet para Todos para conectividade acontecer de forma mais din\u00e2mica. Ent\u00e3o, s\u00e3o projetos estruturantes, de inclus\u00e3o\u201d, explicou o governador da Bahia.<\/p>\n<\/div>\n<\/div>\n<\/div>\n<\/div>\n","protected":false},"excerpt":{"rendered":"<p>O governador Jer\u00f4nimo Rodrigues e os demais governadores do Cons\u00f3rcio Nordeste se encontraram em Jo\u00e3o Pessoa, na Para\u00edba, nesta sexta-feira (20), para alinhar as a\u00e7\u00f5es e pol\u00edticas p\u00fablicas que v\u00e3o permitir o di\u00e1logo entre governo federal, estados e munic\u00edpios e com isso garantir os investimentos para a regi\u00e3o. Um plano de a\u00e7\u00e3o e a lista [&hellip;]<\/p>\n","protected":false},"author":2,"featured_media":0,"comment_status":"open","ping_status":"open","sticky":false,"template":"","format":"standard","meta":{"_links_to":"","_links_to_target":""},"categories":[7,9,8,1],"tags":[],"_links":{"self":[{"href":"https:\/\/www.ilheusnoticias.net.br\/v1\/wp-json\/wp\/v2\/posts\/30672"}],"collection":[{"href":"https:\/\/www.ilheusnoticias.net.br\/v1\/wp-json\/wp\/v2\/posts"}],"about":[{"href":"https:\/\/www.ilheusnoticias.net.br\/v1\/wp-json\/wp\/v2\/types\/post"}],"author":[{"embeddable":true,"href":"https:\/\/www.ilheusnoticias.net.br\/v1\/wp-json\/wp\/v2\/users\/2"}],"replies":[{"embeddable":true,"href":"https:\/\/www.ilheusnoticias.net.br\/v1\/wp-json\/wp\/v2\/comments?post=30672"}],"version-history":[{"count":1,"href":"https:\/\/www.ilheusnoticias.net.br\/v1\/wp-json\/wp\/v2\/posts\/30672\/revisions"}],"predecessor-version":[{"id":30673,"href":"https:\/\/www.ilheusnoticias.net.br\/v1\/wp-json\/wp\/v2\/posts\/30672\/revisions\/30673"}],"wp:attachment":[{"href":"https:\/\/www.ilheusnoticias.net.br\/v1\/wp-json\/wp\/v2\/media?parent=30672"}],"wp:term":[{"taxonomy":"category","embeddable":true,"href":"https:\/\/www.ilheusnoticias.net.br\/v1\/wp-json\/wp\/v2\/categories?post=30672"},{"taxonomy":"post_tag","embeddable":true,"href":"https:\/\/www.ilheusnoticias.net.br\/v1\/wp-json\/wp\/v2\/tags?post=30672"}],"curies":[{"name":"wp","href":"https:\/\/api.w.org\/{rel}","templated":true}]}}