{"id":30668,"date":"2023-01-21T08:24:39","date_gmt":"2023-01-21T11:24:39","guid":{"rendered":"https:\/\/www.ilheusnoticias.net.br\/v1\/?p=30668"},"modified":"2023-01-21T08:24:39","modified_gmt":"2023-01-21T11:24:39","slug":"prefeito-vistoria-obra-do-canal-do-malhado-e-destaca-importancia-do-investimento-para-ilheus","status":"publish","type":"post","link":"https:\/\/www.ilheusnoticias.net.br\/v1\/2023\/01\/21\/prefeito-vistoria-obra-do-canal-do-malhado-e-destaca-importancia-do-investimento-para-ilheus\/","title":{"rendered":"Prefeito vistoria obra do Canal do Malhado e destaca import\u00e2ncia do investimento para Ilh\u00e9us"},"content":{"rendered":"<p>&nbsp;<\/p>\n<div class=\"imagem thumbnail col-xs-12 col-sm-8 col-md-6 col-lg-6 imagem-materia\"><a class=\"fresco\" title=\"\" href=\"https:\/\/portalfacilarquivos.blob.core.windows.net\/uploads\/ILHEUS\/imgOrig\/%7BED04BC6A-DD0A-D7DD-BC0E-B21ABB4CC7EE%7D.jpg\" data-fresco-caption=\"\"><img loading=\"lazy\" title=\"\" src=\"https:\/\/portalfacilarquivos.blob.core.windows.net\/uploads\/ILHEUS\/img\/%7BED04BC6A-DD0A-D7DD-BC0E-B21ABB4CC7EE%7D\/%7BED04BC6A-DD0A-D7DD-BC0E-B21ABB4CC7EE%7D_650X450.jpg\" alt=\"Canal; Malhado\" width=\"650\" height=\"450\" \/><\/a><\/p>\n<p class=\"bg-primary\">Acompanhado de vereadores e equipe t\u00e9cnica, o prefeito M\u00e1rio Alexandre conferiu nesta sexta-feira (20) o andamento da segunda etapa do fechamento do Canal do Malhado, obra realizada pelo Governo do Estado, em parceria com a Prefeitura de Ilh\u00e9us. O servi\u00e7o integra o pacote de projetos estruturantes e visa garantir seguran\u00e7a, conforto e bem-estar \u00e0 popula\u00e7\u00e3o.<\/p>\n<\/div>\n<p>O gestor destacou a import\u00e2ncia do investimento, avaliado em aproximadamente R$ 12 milh\u00f5es, para toda Central de Abastecimento e entorno, assegurando aos comerciantes um novo espa\u00e7o de conviv\u00eancia comunit\u00e1ria.<\/p>\n<div class=\"imagem thumbnail col-xs-12 col-sm-8 col-md-6 col-lg-6 imagem-materia\"><a class=\"fresco\" title=\"\" href=\"https:\/\/portalfacilarquivos.blob.core.windows.net\/uploads\/ILHEUS\/imgOrig\/%7BCAA3BECD-D0D4-4EEE-2EE2-1CEC2ABB8AA5%7D.jpeg\" data-fresco-caption=\"\"><img loading=\"lazy\" title=\"\" src=\"https:\/\/portalfacilarquivos.blob.core.windows.net\/uploads\/ILHEUS\/img\/%7BCAA3BECD-D0D4-4EEE-2EE2-1CEC2ABB8AA5%7D\/%7BCAA3BECD-D0D4-4EEE-2EE2-1CEC2ABB8AA5%7D_650X450.jpeg\" alt=\"canal do malhado\" width=\"650\" height=\"450\" \/><\/a><\/p>\n<p class=\"bg-primary\">\u201cSonhos antigos que a gente torna realidade. Com o apoio do nosso governador Jer\u00f4nimo Rodrigues, n\u00f3s estamos dando continuidade a essa obra iniciada na gest\u00e3o do nosso querido Rui Costa. E vamos continuar trabalhando para honrar o compromisso com o nosso povo\u201d.<\/p>\n<\/div>\n<p>Os investimentos p\u00fablicos s\u00e3o necess\u00e1rios para movimentar a economia e impulsionar o processo de retomada econ\u00f4mica do munic\u00edpio. Conforme a Secretaria de Infraestrutura e Defesa Civil (Seinfra), respons\u00e1vel por fiscalizar a obra, nesta etapa os servi\u00e7os consistem na instala\u00e7\u00e3o de estaca prancha, ensacamento para desvio de fluxo do canal, limpeza e execu\u00e7\u00e3o da base de matac\u00e3o.<\/p>\n","protected":false},"excerpt":{"rendered":"<p>&nbsp; Acompanhado de vereadores e equipe t\u00e9cnica, o prefeito M\u00e1rio Alexandre conferiu nesta sexta-feira (20) o andamento da segunda etapa do fechamento do Canal do Malhado, obra realizada pelo Governo do Estado, em parceria com a Prefeitura de Ilh\u00e9us. O servi\u00e7o integra o pacote de projetos estruturantes e visa garantir seguran\u00e7a, conforto e bem-estar \u00e0 [&hellip;]<\/p>\n","protected":false},"author":2,"featured_media":0,"comment_status":"open","ping_status":"open","sticky":false,"template":"","format":"standard","meta":{"_links_to":"","_links_to_target":""},"categories":[7,9,8,1],"tags":[],"_links":{"self":[{"href":"https:\/\/www.ilheusnoticias.net.br\/v1\/wp-json\/wp\/v2\/posts\/30668"}],"collection":[{"href":"https:\/\/www.ilheusnoticias.net.br\/v1\/wp-json\/wp\/v2\/posts"}],"about":[{"href":"https:\/\/www.ilheusnoticias.net.br\/v1\/wp-json\/wp\/v2\/types\/post"}],"author":[{"embeddable":true,"href":"https:\/\/www.ilheusnoticias.net.br\/v1\/wp-json\/wp\/v2\/users\/2"}],"replies":[{"embeddable":true,"href":"https:\/\/www.ilheusnoticias.net.br\/v1\/wp-json\/wp\/v2\/comments?post=30668"}],"version-history":[{"count":1,"href":"https:\/\/www.ilheusnoticias.net.br\/v1\/wp-json\/wp\/v2\/posts\/30668\/revisions"}],"predecessor-version":[{"id":30669,"href":"https:\/\/www.ilheusnoticias.net.br\/v1\/wp-json\/wp\/v2\/posts\/30668\/revisions\/30669"}],"wp:attachment":[{"href":"https:\/\/www.ilheusnoticias.net.br\/v1\/wp-json\/wp\/v2\/media?parent=30668"}],"wp:term":[{"taxonomy":"category","embeddable":true,"href":"https:\/\/www.ilheusnoticias.net.br\/v1\/wp-json\/wp\/v2\/categories?post=30668"},{"taxonomy":"post_tag","embeddable":true,"href":"https:\/\/www.ilheusnoticias.net.br\/v1\/wp-json\/wp\/v2\/tags?post=30668"}],"curies":[{"name":"wp","href":"https:\/\/api.w.org\/{rel}","templated":true}]}}