{"id":30666,"date":"2023-01-21T08:23:20","date_gmt":"2023-01-21T11:23:20","guid":{"rendered":"https:\/\/www.ilheusnoticias.net.br\/v1\/?p=30666"},"modified":"2023-01-21T08:23:20","modified_gmt":"2023-01-21T11:23:20","slug":"vem-viver-verao-prefeitura-de-ilheus-leva-projeto-de-danca-a-cabana-guarani-neste-domingo-22","status":"publish","type":"post","link":"https:\/\/www.ilheusnoticias.net.br\/v1\/2023\/01\/21\/vem-viver-verao-prefeitura-de-ilheus-leva-projeto-de-danca-a-cabana-guarani-neste-domingo-22\/","title":{"rendered":"Vem Viver Ver\u00e3o: Prefeitura de Ilh\u00e9us leva projeto de dan\u00e7a \u00e0 Cabana Guarani neste domingo (22)"},"content":{"rendered":"<p>&nbsp;<\/p>\n<div class=\"imagem thumbnail col-xs-12 col-sm-8 col-md-6 col-lg-6 imagem-materia\"><a class=\"fresco\" title=\"\" href=\"https:\/\/portalfacilarquivos.blob.core.windows.net\/uploads\/ILHEUS\/imgOrig\/%7BD3CAAB0E-C5AE-10CD-A5EC-0CEDD7BBEAB6%7D.jpeg\" data-fresco-caption=\"\"><img loading=\"lazy\" src=\"https:\/\/portalfacilarquivos.blob.core.windows.net\/uploads\/ILHEUS\/img\/%7BD3CAAB0E-C5AE-10CD-A5EC-0CEDD7BBEAB6%7D\/%7BD3CAAB0E-C5AE-10CD-A5EC-0CEDD7BBEAB6%7D_450X650.jpeg\" alt=\"vem viver ver\u00e3o \" width=\"450\" height=\"650\" \/><\/a>Sob o comando do Grupo Thy Dance, ilheenses e turistas poder\u00e3o aproveitar o final de semana com divers\u00e3o e swing nas praias da cidade. Chegando \u00e0 segunda edi\u00e7\u00e3o, o projeto Vem Viver Ver\u00e3o desembarca na Cabana Guarani neste domingo (22), a partir das 10h. A iniciativa realizada pela Prefeitura conta com o apoio da Centel Brasil, Drogarias Velanes e Bahia FM Sul.<\/p>\n<\/div>\n<p>A a\u00e7\u00e3o inclui cobertura e flashes ao vivo, brincadeiras, banho de espuma, bambol\u00ea e futebol, al\u00e9m da distribui\u00e7\u00e3o de picol\u00e9s e protetor solar para os banhistas.<\/p>\n<p>As atividades de dan\u00e7a devem ocorrer aos domingos durante todo o m\u00eas de janeiro, com encerramento marcado para o dia 2 de fevereiro. De acordo com a dire\u00e7\u00e3o do projeto, a atra\u00e7\u00e3o promove a pr\u00e1tica de atividades f\u00edsicas para todos que participam.<\/p>\n<p><strong>O qu\u00ea?<\/strong>\u00a0Vem Viver Ver\u00e3o<\/p>\n<p><strong>Onde?<\/strong>\u00a0Cabana Guarani \u2013 Litoral Sul<\/p>\n<p><strong>Quando?<\/strong>\u00a0Domingo, 22 de janeiro, a partir das 10h<\/p>\n","protected":false},"excerpt":{"rendered":"<p>&nbsp; Sob o comando do Grupo Thy Dance, ilheenses e turistas poder\u00e3o aproveitar o final de semana com divers\u00e3o e swing nas praias da cidade. Chegando \u00e0 segunda edi\u00e7\u00e3o, o projeto Vem Viver Ver\u00e3o desembarca na Cabana Guarani neste domingo (22), a partir das 10h. A iniciativa realizada pela Prefeitura conta com o apoio da [&hellip;]<\/p>\n","protected":false},"author":2,"featured_media":0,"comment_status":"open","ping_status":"open","sticky":false,"template":"","format":"standard","meta":{"_links_to":"","_links_to_target":""},"categories":[7,9,8,1],"tags":[],"_links":{"self":[{"href":"https:\/\/www.ilheusnoticias.net.br\/v1\/wp-json\/wp\/v2\/posts\/30666"}],"collection":[{"href":"https:\/\/www.ilheusnoticias.net.br\/v1\/wp-json\/wp\/v2\/posts"}],"about":[{"href":"https:\/\/www.ilheusnoticias.net.br\/v1\/wp-json\/wp\/v2\/types\/post"}],"author":[{"embeddable":true,"href":"https:\/\/www.ilheusnoticias.net.br\/v1\/wp-json\/wp\/v2\/users\/2"}],"replies":[{"embeddable":true,"href":"https:\/\/www.ilheusnoticias.net.br\/v1\/wp-json\/wp\/v2\/comments?post=30666"}],"version-history":[{"count":1,"href":"https:\/\/www.ilheusnoticias.net.br\/v1\/wp-json\/wp\/v2\/posts\/30666\/revisions"}],"predecessor-version":[{"id":30667,"href":"https:\/\/www.ilheusnoticias.net.br\/v1\/wp-json\/wp\/v2\/posts\/30666\/revisions\/30667"}],"wp:attachment":[{"href":"https:\/\/www.ilheusnoticias.net.br\/v1\/wp-json\/wp\/v2\/media?parent=30666"}],"wp:term":[{"taxonomy":"category","embeddable":true,"href":"https:\/\/www.ilheusnoticias.net.br\/v1\/wp-json\/wp\/v2\/categories?post=30666"},{"taxonomy":"post_tag","embeddable":true,"href":"https:\/\/www.ilheusnoticias.net.br\/v1\/wp-json\/wp\/v2\/tags?post=30666"}],"curies":[{"name":"wp","href":"https:\/\/api.w.org\/{rel}","templated":true}]}}