{"id":30663,"date":"2023-01-21T08:21:00","date_gmt":"2023-01-21T11:21:00","guid":{"rendered":"https:\/\/www.ilheusnoticias.net.br\/v1\/?p=30663"},"modified":"2023-01-21T08:21:00","modified_gmt":"2023-01-21T11:21:00","slug":"prefeito-mario-alexandre-prestigia-troca-de-comando-da-base-de-apoio-regional-do-exercito-de-ilheus","status":"publish","type":"post","link":"https:\/\/www.ilheusnoticias.net.br\/v1\/2023\/01\/21\/prefeito-mario-alexandre-prestigia-troca-de-comando-da-base-de-apoio-regional-do-exercito-de-ilheus\/","title":{"rendered":"Prefeito M\u00e1rio Alexandre prestigia troca de comando da Base de Apoio Regional do Ex\u00e9rcito de Ilh\u00e9us"},"content":{"rendered":"<p>&nbsp;<\/p>\n<div class=\"imagem thumbnail col-xs-12 col-sm-8 col-md-6 col-lg-6 imagem-materia\"><a class=\"fresco\" title=\"\" href=\"https:\/\/portalfacilarquivos.blob.core.windows.net\/uploads\/ILHEUS\/imgOrig\/%7B1D8E4EBE-DBE0-1E4E-08C3-0BC8CA1DA66B%7D.jpeg\" data-fresco-caption=\"\"><img loading=\"lazy\" title=\"\" src=\"https:\/\/portalfacilarquivos.blob.core.windows.net\/uploads\/ILHEUS\/img\/%7B1D8E4EBE-DBE0-1E4E-08C3-0BC8CA1DA66B%7D\/%7B1D8E4EBE-DBE0-1E4E-08C3-0BC8CA1DA66B%7D_650X450.jpeg\" alt=\"exercito ,troca de comando \" width=\"650\" height=\"450\" \/><\/a><\/div>\n<p>O prefeito M\u00e1rio Alexandre participou na manh\u00e3 desta sexta-feira (20) da passagem de comando da Base de Apoio Regional do Ex\u00e9rcito em Ilh\u00e9us, com a presen\u00e7a do Comandante da 6\u00aa Regi\u00e3o Militar (Cmt 6\u00aa RM), General de Divis\u00e3o Marcelo Arantes Guedon. O tenente-coronel Rafael Silva Dutra assumiu o lugar do coronel J\u00falio Ren\u00f3 de Sousa, que prestou um servi\u00e7o valoroso \u00e0 frente da unidade militar, situada no bairro Cidade Nova.<\/p>\n<p>Na ocasi\u00e3o, o prefeito destacou a import\u00e2ncia da parceria entre a gest\u00e3o municipal e o Ex\u00e9rcito para promover a\u00e7\u00f5es, principalmente voltadas \u00e0 sa\u00fade e assist\u00eancia social.<\/p>\n<div class=\"imagem thumbnail col-xs-12 col-sm-8 col-md-6 col-lg-6 imagem-materia\"><a class=\"fresco\" title=\"\" href=\"https:\/\/portalfacilarquivos.blob.core.windows.net\/uploads\/ILHEUS\/imgOrig\/%7BBDAB65CA-AEDC-00AC-EEDA-4564ECE6C2B7%7D.jpeg\" data-fresco-caption=\"\"><img loading=\"lazy\" title=\"\" src=\"https:\/\/portalfacilarquivos.blob.core.windows.net\/uploads\/ILHEUS\/img\/%7BBDAB65CA-AEDC-00AC-EEDA-4564ECE6C2B7%7D\/%7BBDAB65CA-AEDC-00AC-EEDA-4564ECE6C2B7%7D_650X450.jpeg\" alt=\"troca de comando, exercito \" width=\"650\" height=\"450\" \/><\/a><\/div>\n<p>\u201cVamos continuar estreitando a rela\u00e7\u00e3o entre as institui\u00e7\u00f5es. A Prefeitura de Ilh\u00e9us est\u00e1 \u00e0 disposi\u00e7\u00e3o do Ex\u00e9rcito Brasileiro para manter esse trabalho de excel\u00eancia e garantir qualidade de vida e bem-estar da nossa gente. Gostaria de agradecer ao Coronel Ren\u00f3 pelo servi\u00e7o prestado e desejo sucesso ao comandante Dutra\u201d.<\/p>\n<p>Junto ao Munic\u00edpio, o Ex\u00e9rcito contribuiu com o servi\u00e7o de acolhimento \u00e0s fam\u00edlias v\u00edtimas das chuvas nos anos de 2021 e 2022. \u201c\u00c9 uma satisfa\u00e7\u00e3o estar chegando na guarni\u00e7\u00e3o de Ilh\u00e9us. Sei que a base desempenha um papel social significativo na cidade. As portas est\u00e3o abertas, porque a casa \u00e9 nossa e vamos nos empenhar em atender bem \u00e0 sociedade local\u201d, manifestou o tenente-coronel Dutra.<\/p>\n<p>&nbsp;<\/p>\n<div class=\"imagem thumbnail col-xs-12 col-sm-8 col-md-6 col-lg-6 imagem-materia\"><a class=\"fresco\" title=\"\" href=\"https:\/\/portalfacilarquivos.blob.core.windows.net\/uploads\/ILHEUS\/imgOrig\/%7BA82B80DB-C7EE-CEC6-034A-ADEC4D1C815B%7D.jpeg\" data-fresco-caption=\"\"><img loading=\"lazy\" title=\"\" src=\"https:\/\/portalfacilarquivos.blob.core.windows.net\/uploads\/ILHEUS\/img\/%7BA82B80DB-C7EE-CEC6-034A-ADEC4D1C815B%7D\/%7BA82B80DB-C7EE-CEC6-034A-ADEC4D1C815B%7D_650X450.jpeg\" alt=\"exercito, troca de comando\" width=\"650\" height=\"450\" \/><\/a><\/p>\n<p class=\"bg-primary\">\n<\/div>\n<p>A Base de Apoio Regional de Ilh\u00e9us disponibiliza os seguintes servi\u00e7os: padroniza\u00e7\u00e3o do atendimento; Fundo de Sa\u00fade do Ex\u00e9rcito (FuSEx); Posto Avan\u00e7ado de Inativos e Pensionistas (PAIP); Posto de Recrutamento e Mobiliza\u00e7\u00e3o (PRM 06\/004); Servi\u00e7os de Fiscaliza\u00e7\u00e3o de Produtos Controlados (SFPC); Casa de H\u00f3spedes e Informativo Institucional.<\/p>\n","protected":false},"excerpt":{"rendered":"<p>&nbsp; O prefeito M\u00e1rio Alexandre participou na manh\u00e3 desta sexta-feira (20) da passagem de comando da Base de Apoio Regional do Ex\u00e9rcito em Ilh\u00e9us, com a presen\u00e7a do Comandante da 6\u00aa Regi\u00e3o Militar (Cmt 6\u00aa RM), General de Divis\u00e3o Marcelo Arantes Guedon. O tenente-coronel Rafael Silva Dutra assumiu o lugar do coronel J\u00falio Ren\u00f3 de [&hellip;]<\/p>\n","protected":false},"author":2,"featured_media":0,"comment_status":"open","ping_status":"open","sticky":false,"template":"","format":"standard","meta":{"_links_to":"","_links_to_target":""},"categories":[7,9,8,1],"tags":[],"_links":{"self":[{"href":"https:\/\/www.ilheusnoticias.net.br\/v1\/wp-json\/wp\/v2\/posts\/30663"}],"collection":[{"href":"https:\/\/www.ilheusnoticias.net.br\/v1\/wp-json\/wp\/v2\/posts"}],"about":[{"href":"https:\/\/www.ilheusnoticias.net.br\/v1\/wp-json\/wp\/v2\/types\/post"}],"author":[{"embeddable":true,"href":"https:\/\/www.ilheusnoticias.net.br\/v1\/wp-json\/wp\/v2\/users\/2"}],"replies":[{"embeddable":true,"href":"https:\/\/www.ilheusnoticias.net.br\/v1\/wp-json\/wp\/v2\/comments?post=30663"}],"version-history":[{"count":1,"href":"https:\/\/www.ilheusnoticias.net.br\/v1\/wp-json\/wp\/v2\/posts\/30663\/revisions"}],"predecessor-version":[{"id":30664,"href":"https:\/\/www.ilheusnoticias.net.br\/v1\/wp-json\/wp\/v2\/posts\/30663\/revisions\/30664"}],"wp:attachment":[{"href":"https:\/\/www.ilheusnoticias.net.br\/v1\/wp-json\/wp\/v2\/media?parent=30663"}],"wp:term":[{"taxonomy":"category","embeddable":true,"href":"https:\/\/www.ilheusnoticias.net.br\/v1\/wp-json\/wp\/v2\/categories?post=30663"},{"taxonomy":"post_tag","embeddable":true,"href":"https:\/\/www.ilheusnoticias.net.br\/v1\/wp-json\/wp\/v2\/tags?post=30663"}],"curies":[{"name":"wp","href":"https:\/\/api.w.org\/{rel}","templated":true}]}}