{"id":30661,"date":"2023-01-20T06:39:14","date_gmt":"2023-01-20T09:39:14","guid":{"rendered":"https:\/\/www.ilheusnoticias.net.br\/v1\/?p=30661"},"modified":"2023-01-20T06:39:14","modified_gmt":"2023-01-20T09:39:14","slug":"provas-para-concurso-da-policia-militar-e-corpo-de-bombeiros-serao-realizadas-no-domingo-na-bahia","status":"publish","type":"post","link":"https:\/\/www.ilheusnoticias.net.br\/v1\/2023\/01\/20\/provas-para-concurso-da-policia-militar-e-corpo-de-bombeiros-serao-realizadas-no-domingo-na-bahia\/","title":{"rendered":"Provas para concurso da Pol\u00edcia Militar e Corpo de Bombeiros ser\u00e3o realizadas no domingo na Bahia"},"content":{"rendered":"<div class=\"row content-head non-featured \">\n<div class=\"title\" data-block-type=\"title\" data-block-id=\"0\">\n<h1 class=\"content-head__title\"><span style=\"font-size: 16px;\">Port\u00f5es dos locais de prova ser\u00e3o abertos \u00e0s 8h e fechados \u00e0s 9h.<\/span><\/h1>\n<\/div>\n<\/div>\n<div class=\"content__signa-share\">\n<div class=\"content__signature\">\n<div class=\"content-publication-data\">\n<div class=\"content-publication-data__text\">\n<p class=\"content-publication-data__from\" title=\"g1 BA\">Por g1 BA<\/p>\n<\/div>\n<\/div>\n<\/div>\n<\/div>\n<div class=\"mc-article-body\">\n<article>\n<div id=\"chunk-97m9s\">\n<div class=\"row medium-uncollapsed content-media content-photo\" data-block-type=\"backstage-photo\" data-block-id=\"1\">\n<div class=\"mc-column content-media__container\">\n<div class=\"content-media-container glb-skeleton-box\">\n<figure class=\"content-media-figure\"><img class=\"i-amphtml-fill-content i-amphtml-replaced-content\" src=\"https:\/\/s2.glbimg.com\/TrNhYG-hwkjpAQpam7NCnbAM6Ig=\/0x0:1280x853\/984x0\/smart\/filters:strip_icc()\/i.s3.glbimg.com\/v1\/AUTH_59edd422c0c84a879bd37670ae4f538a\/internal_photos\/bs\/2022\/B\/7\/15bVqQSX2DaW4abakldA\/whatsapp-image-2022-06-02-at-08.34.17.jpeg\" sizes=\"(max-width: 2049px) 648px, 100vw\" srcset=\"https:\/\/s2.glbimg.com\/Y4i_L5z1roDug3pKZ1iJOfRXU88=\/0x0:1280x853\/1000x0\/smart\/filters:strip_icc()\/i.s3.glbimg.com\/v1\/AUTH_59edd422c0c84a879bd37670ae4f538a\/internal_photos\/bs\/2022\/B\/7\/15bVqQSX2DaW4abakldA\/whatsapp-image-2022-06-02-at-08.34.17.jpeg 1000w, https:\/\/s2.glbimg.com\/TrNhYG-hwkjpAQpam7NCnbAM6Ig=\/0x0:1280x853\/984x0\/smart\/filters:strip_icc()\/i.s3.glbimg.com\/v1\/AUTH_59edd422c0c84a879bd37670ae4f538a\/internal_photos\/bs\/2022\/B\/7\/15bVqQSX2DaW4abakldA\/whatsapp-image-2022-06-02-at-08.34.17.jpeg 984w, https:\/\/s2.glbimg.com\/hGoZ0x6KeN_qQ68LQlIUsru9bm8=\/0x0:1280x853\/640x0\/smart\/filters:strip_icc()\/i.s3.glbimg.com\/v1\/AUTH_59edd422c0c84a879bd37670ae4f538a\/internal_photos\/bs\/2022\/B\/7\/15bVqQSX2DaW4abakldA\/whatsapp-image-2022-06-02-at-08.34.17.jpeg 640w, https:\/\/s2.glbimg.com\/xbk5FKPPBTq2Qf4hDa7Jbs5fdfQ=\/0x0:1280x853\/600x0\/smart\/filters:strip_icc()\/i.s3.glbimg.com\/v1\/AUTH_59edd422c0c84a879bd37670ae4f538a\/internal_photos\/bs\/2022\/B\/7\/15bVqQSX2DaW4abakldA\/whatsapp-image-2022-06-02-at-08.34.17.jpeg 600w\" alt=\"Provas para concurso da Pol\u00edcia Militar e Corpo de Bombeiros ser\u00e3o realizadas no domingo em 12 cidades da Bahia \u2014 Foto: PM Bahia\" \/><\/figure>\n<\/div>\n<p class=\"content-media__description \">Provas para concurso da Pol\u00edcia Militar e Corpo de Bombeiros ser\u00e3o realizadas no domingo em 12 cidades da Bahia \u2014 Foto: PM Bahia<\/p>\n<\/div>\n<\/div>\n<\/div>\n<div id=\"chunk-17fts\">\n<div class=\"mc-column content-text active-extra-styles \" data-block-type=\"unstyled\" data-block-weight=\"30\" data-block-id=\"3\">\n<p class=\"content-text__container \" data-track-category=\"Link no Texto\" data-track-links=\"\">As provas objetivas e discursivas\u00a0<a href=\"https:\/\/g1.globo.com\/ba\/bahia\/noticia\/2022\/09\/28\/governo-da-bahia-abre-25-mil-vagas-para-soldados-da-policia-militar-e-corpo-de-bombeiros-confira.ghtml\">do concurso da Pol\u00edcia Militar e Corpo de Bombeiros<\/a>\u00a0para preenchimento de 2,5 mil vagas, ser\u00e3o realizadas no domingo (22) em 12 cidades da Bahia.<\/p>\n<\/div>\n<\/div>\n<div class=\"wall protected-content\">\n<div id=\"chunk-9hdvr\">\n<div class=\"mc-column content-text active-extra-styles \" data-block-type=\"unstyled\" data-block-weight=\"26\" data-block-id=\"4\">\n<p class=\"content-text__container \" data-track-category=\"Link no Texto\" data-track-links=\"\">Os exames ser\u00e3o aplicados em\u00a0<a href=\"https:\/\/g1.globo.com\/ba\/bahia\/cidade\/salvador\/\">Salvador<\/a>,\u00a0<a href=\"https:\/\/g1.globo.com\/ba\/bahia\/cidade\/alagoinhas\/\">Alagoinhas<\/a>,\u00a0<a href=\"https:\/\/g1.globo.com\/ba\/bahia\/cidade\/barreiras-ba\/\">Barreiras<\/a>,\u00a0<a href=\"https:\/\/g1.globo.com\/ba\/bahia\/cidade\/feira-de-santana\/\">Feira de Santana<\/a>,\u00a0<a href=\"https:\/\/g1.globo.com\/ba\/bahia\/cidade\/ilheus\/\">Ilh\u00e9us<\/a>,\u00a0<a href=\"https:\/\/g1.globo.com\/ba\/bahia\/cidade\/irece\/\">Irec\u00ea<\/a>,\u00a0<a href=\"https:\/\/g1.globo.com\/ba\/bahia\/cidade\/itaberaba\/\">Itaberaba<\/a>,\u00a0<a href=\"https:\/\/g1.globo.com\/ba\/bahia\/cidade\/itabuna\/\">Itabuna<\/a>,\u00a0<a href=\"https:\/\/g1.globo.com\/ba\/bahia\/cidade\/juazeiro\/\">Juazeiro<\/a>,\u00a0<a href=\"https:\/\/g1.globo.com\/ba\/bahia\/cidade\/santo-antonio-de-jesus\/\">Santo Ant\u00f4nio de Jesus<\/a>,\u00a0<a href=\"https:\/\/g1.globo.com\/ba\/bahia\/cidade\/serrinha-ba\/\">Serrinha<\/a>\u00a0e\u00a0<a href=\"https:\/\/g1.globo.com\/ba\/bahia\/cidade\/vitoria-da-conquista\/\">Vit\u00f3ria da Conquista<\/a>.<\/p>\n<\/div>\n<\/div>\n<div id=\"chunk-a5cb4\">\n<div class=\"mc-column content-text active-extra-styles \" data-block-type=\"unstyled\" data-block-weight=\"46\" data-block-id=\"5\">\n<p class=\"content-text__container \" data-track-category=\"Link no Texto\" data-track-links=\"\">Os port\u00f5es dos locais de prova\u00a0<span class=\"highlight highlighted\">ser\u00e3o abertos \u00e0s 8h e fechados \u00e0s 9h.\u00a0<\/span>O candidato dever\u00e1 comparecer ao local designado com caneta esferogr\u00e1fica de material transparente (tinta preta ou azul), al\u00e9m de documento de identidade original, Carteira Nacional de Habilita\u00e7\u00e3o ou Carteira de Trabalho.<\/p>\n<\/div>\n<\/div>\n<div id=\"chunk-arpq0\">\n<div class=\"mc-column content-text active-extra-styles \" data-block-type=\"unstyled\" data-block-weight=\"49\" data-block-id=\"7\">\n<p class=\"content-text__container \" data-track-category=\"Link no Texto\" data-track-links=\"\">A dura\u00e7\u00e3o total das provas ser\u00e1 de quatro horas e meia, e os candidatos dever\u00e3o permanecer na sala de realiza\u00e7\u00e3o por no m\u00ednimo tr\u00eas horas. \u00c9 recomend\u00e1vel que os inscritos compare\u00e7am aos locais de prova pelo menos uma hora antes do hor\u00e1rio indicado no edital de convoca\u00e7\u00e3o.<\/p>\n<\/div>\n<\/div>\n<div id=\"chunk-1t3qh\">\n<div class=\"mc-column content-text active-extra-styles \" data-block-type=\"unstyled\" data-block-weight=\"42\" data-block-id=\"8\">\n<p class=\"content-text__container \" data-track-category=\"Link no Texto\" data-track-links=\"\">N\u00e3o ser\u00e1 exigido comprovante de vacina\u00e7\u00e3o nos locais de prova.\u00a0<span class=\"highlight highlighted\">J\u00e1 o uso de m\u00e1scara ser\u00e1 obrigat\u00f3rio para pessoas com sintomas gripais, indiv\u00edduos com confirma\u00e7\u00e3o de Covid-19, imunossuprimidos, idosos, ou para aqueles que tiveram contato com pessoas que testaram positivo para Coronav\u00edrus.<\/span><\/p>\n<\/div>\n<\/div>\n<div id=\"chunk-85seh\">\n<div class=\"mc-column content-text active-extra-styles \" data-block-type=\"unstyled\" data-block-weight=\"32\" data-block-id=\"9\">\n<p class=\"content-text__container \" data-track-category=\"Link no Texto\" data-track-links=\"\">Segundo o governo da Bahia, os 93,6 mil candidatos receberam um cart\u00e3o informativo, no e-mail cadastrado no ato de sua inscri\u00e7\u00e3o, contendo a data, hor\u00e1rio e local onde far\u00e3o as provas.<\/p>\n<\/div>\n<\/div>\n<div id=\"chunk-67h5p\">\n<div class=\"mc-column content-text active-extra-styles \" data-block-type=\"unstyled\" data-block-weight=\"37\" data-block-id=\"10\">\n<p class=\"content-text__container \" data-track-category=\"Link no Texto\" data-track-links=\"\">Caso haja problemas no recebimento do cart\u00e3o informativo, o candidato deve consultar o\u00a0<a href=\"http:\/\/www.concursosfcc.com.br\/\" target=\"_blank\" rel=\"noopener\">site da Funda\u00e7\u00e3o Carlos Chagas<\/a>\u00a0ou entrar em contato com o Servi\u00e7o de Atendimento ao Candidato da institui\u00e7\u00e3o pelo telefone (11) 3723-4388.<\/p>\n<\/div>\n<\/div>\n<div id=\"chunk-dc0oo\">\n<div class=\"mc-column content-text active-extra-styles \" data-block-type=\"unstyled\" data-block-weight=\"34\" data-block-id=\"11\">\n<p class=\"content-text__container \" data-track-category=\"Link no Texto\" data-track-links=\"\">As regras do concurso, assim como demais informa\u00e7\u00f5es, tamb\u00e9m podem ser consultadas no Portal do\u00a0<a href=\"http:\/\/www.rhbahia.ba.gov.br\/\" target=\"_blank\" rel=\"noopener\">RH Bahia<\/a>, na aba de concursos, onde est\u00e3o publicados o Edital SAEB\/05\/2022 e outros comunicados oficiais.<\/p>\n<\/div>\n<\/div>\n<\/div>\n<\/article>\n<\/div>\n","protected":false},"excerpt":{"rendered":"<p>Port\u00f5es dos locais de prova ser\u00e3o abertos \u00e0s 8h e fechados \u00e0s 9h. Por g1 BA Provas para concurso da Pol\u00edcia Militar e Corpo de Bombeiros ser\u00e3o realizadas no domingo em 12 cidades da Bahia \u2014 Foto: PM Bahia As provas objetivas e discursivas\u00a0do concurso da Pol\u00edcia Militar e Corpo de Bombeiros\u00a0para preenchimento de 2,5 [&hellip;]<\/p>\n","protected":false},"author":2,"featured_media":0,"comment_status":"open","ping_status":"open","sticky":false,"template":"","format":"standard","meta":{"_links_to":"","_links_to_target":""},"categories":[7,9,8,1],"tags":[],"_links":{"self":[{"href":"https:\/\/www.ilheusnoticias.net.br\/v1\/wp-json\/wp\/v2\/posts\/30661"}],"collection":[{"href":"https:\/\/www.ilheusnoticias.net.br\/v1\/wp-json\/wp\/v2\/posts"}],"about":[{"href":"https:\/\/www.ilheusnoticias.net.br\/v1\/wp-json\/wp\/v2\/types\/post"}],"author":[{"embeddable":true,"href":"https:\/\/www.ilheusnoticias.net.br\/v1\/wp-json\/wp\/v2\/users\/2"}],"replies":[{"embeddable":true,"href":"https:\/\/www.ilheusnoticias.net.br\/v1\/wp-json\/wp\/v2\/comments?post=30661"}],"version-history":[{"count":1,"href":"https:\/\/www.ilheusnoticias.net.br\/v1\/wp-json\/wp\/v2\/posts\/30661\/revisions"}],"predecessor-version":[{"id":30662,"href":"https:\/\/www.ilheusnoticias.net.br\/v1\/wp-json\/wp\/v2\/posts\/30661\/revisions\/30662"}],"wp:attachment":[{"href":"https:\/\/www.ilheusnoticias.net.br\/v1\/wp-json\/wp\/v2\/media?parent=30661"}],"wp:term":[{"taxonomy":"category","embeddable":true,"href":"https:\/\/www.ilheusnoticias.net.br\/v1\/wp-json\/wp\/v2\/categories?post=30661"},{"taxonomy":"post_tag","embeddable":true,"href":"https:\/\/www.ilheusnoticias.net.br\/v1\/wp-json\/wp\/v2\/tags?post=30661"}],"curies":[{"name":"wp","href":"https:\/\/api.w.org\/{rel}","templated":true}]}}