{"id":30659,"date":"2023-01-20T06:35:33","date_gmt":"2023-01-20T09:35:33","guid":{"rendered":"https:\/\/www.ilheusnoticias.net.br\/v1\/?p=30659"},"modified":"2023-01-20T06:35:33","modified_gmt":"2023-01-20T09:35:33","slug":"corregedor-da-justica-eleitoral-abre-mais-uma-investigacao-contra-bolsonaro-no-tse","status":"publish","type":"post","link":"https:\/\/www.ilheusnoticias.net.br\/v1\/2023\/01\/20\/corregedor-da-justica-eleitoral-abre-mais-uma-investigacao-contra-bolsonaro-no-tse\/","title":{"rendered":"Corregedor da Justi\u00e7a Eleitoral abre mais uma investiga\u00e7\u00e3o contra Bolsonaro no TSE"},"content":{"rendered":"<div class=\"row content-head non-featured \">\n<div class=\"title\" data-block-type=\"title\" data-block-id=\"0\">\n<h1 class=\"content-head__title\"><span style=\"font-size: 16px;\">Procedimento apura suposto abuso de poder por uso indevido do Alvorada e pode deixar ex-presidente ineleg\u00edvel. Bolsonaro \u00e9 investigado em pelo menos 7 a\u00e7\u00f5es na Corte Eleitoral.<\/span><\/h1>\n<\/div>\n<\/div>\n<div class=\"content__signa-share\">\n<div class=\"content__signature\">\n<div class=\"content-publication-data\">\n<div class=\"content-publication-data__text\">\n<p class=\"content-publication-data__from\" title=\"Fernanda Vivas e Luiz Felipe Barbi\u00e9ri, TV Globo e g1\">Por Fernanda Vivas e Luiz Felipe Barbi\u00e9ri, TV Globo e g1\u00a0\u2014 Bras\u00edlia<\/p>\n<p class=\"content-publication-data__updated\"><img class=\"i-amphtml-fill-content i-amphtml-replaced-content\" src=\"https:\/\/s2.glbimg.com\/_qN_p6hC9h51oD2XATOnMWuuxNE=\/0x0:1024x663\/984x0\/smart\/filters:strip_icc()\/i.s3.glbimg.com\/v1\/AUTH_59edd422c0c84a879bd37670ae4f538a\/internal_photos\/bs\/2023\/D\/Z\/WcbEA0Q0ikNq7KFjKcfg\/000-33723ju.jpg\" sizes=\"(max-width: 1366px) 648px, 100vw\" srcset=\"https:\/\/s2.glbimg.com\/eTa0LeOb4IsrnXJSJnO-DxYpeLk=\/0x0:1024x663\/1000x0\/smart\/filters:strip_icc()\/i.s3.glbimg.com\/v1\/AUTH_59edd422c0c84a879bd37670ae4f538a\/internal_photos\/bs\/2023\/D\/Z\/WcbEA0Q0ikNq7KFjKcfg\/000-33723ju.jpg 1000w, https:\/\/s2.glbimg.com\/_qN_p6hC9h51oD2XATOnMWuuxNE=\/0x0:1024x663\/984x0\/smart\/filters:strip_icc()\/i.s3.glbimg.com\/v1\/AUTH_59edd422c0c84a879bd37670ae4f538a\/internal_photos\/bs\/2023\/D\/Z\/WcbEA0Q0ikNq7KFjKcfg\/000-33723ju.jpg 984w, https:\/\/s2.glbimg.com\/2TBiXShpoUck4UJhhRtfrDtTx1I=\/0x0:1024x663\/640x0\/smart\/filters:strip_icc()\/i.s3.glbimg.com\/v1\/AUTH_59edd422c0c84a879bd37670ae4f538a\/internal_photos\/bs\/2023\/D\/Z\/WcbEA0Q0ikNq7KFjKcfg\/000-33723ju.jpg 640w, https:\/\/s2.glbimg.com\/IW_OzZXzUVEdsZVCfas1KsrkGZg=\/0x0:1024x663\/600x0\/smart\/filters:strip_icc()\/i.s3.glbimg.com\/v1\/AUTH_59edd422c0c84a879bd37670ae4f538a\/internal_photos\/bs\/2023\/D\/Z\/WcbEA0Q0ikNq7KFjKcfg\/000-33723ju.jpg 600w\" alt=\"Bolsonaro em foto de 30 de outubro de 2022 \u2014 Foto: MAURO PIMENTEL \/ AFP\" \/><\/p>\n<\/div>\n<\/div>\n<\/div>\n<\/div>\n<div class=\"mc-article-body\">\n<article>\n<div id=\"chunk-4fk1p\">\n<div class=\"row medium-uncollapsed content-media content-photo\" data-block-type=\"backstage-photo\" data-block-id=\"1\">\n<div class=\"mc-column content-media__container\">\n<p class=\"content-media__description \">Bolsonaro em foto de 30 de outubro de 2022 \u2014 Foto: MAURO PIMENTEL \/ AFP<\/p>\n<\/div>\n<\/div>\n<\/div>\n<div id=\"chunk-cve6u\">\n<div class=\"mc-column content-text active-extra-styles \" data-block-type=\"unstyled\" data-block-weight=\"33\" data-block-id=\"3\">\n<p class=\"content-text__container \" data-track-category=\"Link no Texto\" data-track-links=\"\">O ministro do\u00a0<a href=\"https:\/\/g1.globo.com\/tudo-sobre\/tribunal-superior-eleitoral\/\">Tribunal Superior Eleitoral<\/a> (TSE) e corregedor-geral da Justi\u00e7a Eleitoral, Benedito Gon\u00e7alves, admitiu ontem\u00a0 (19) mais uma a\u00e7\u00e3o de investiga\u00e7\u00e3o judicial eleitoral (Aije) contra o ex-presidente <a href=\"https:\/\/g1.globo.com\/politica\/politico\/jair-bolsonaro\/\">Jair Bolsonaro<\/a>\u00a0(<a href=\"https:\/\/g1.globo.com\/politica\/partido\/pl\/\">PL<\/a>).<\/p>\n<\/div>\n<\/div>\n<div class=\"wall protected-content\">\n<div id=\"chunk-3clb0\">\n<div class=\"mc-column content-text active-extra-styles \" data-block-type=\"unstyled\" data-block-weight=\"39\" data-block-id=\"5\">\n<p class=\"content-text__container \" data-track-category=\"Link no Texto\" data-track-links=\"\">No total, a Corte j\u00e1 soma 16 a\u00e7\u00f5es para investigar o ex-presidente. Com a decis\u00e3o de Benedito Gon\u00e7alves desta quinta-feira, pelo menos sete procedimentos j\u00e1 foram admitidos.<\/p>\n<\/div>\n<\/div>\n<div id=\"chunk-4gdnp\">\n<div class=\"mc-column content-text active-extra-styles \" data-block-type=\"unstyled\" data-block-weight=\"18\" data-block-id=\"6\">\n<p class=\"content-text__container \" data-track-category=\"Link no Texto\" data-track-links=\"\">O procedimento aberto apura eventual abuso de poder pol\u00edtico e econ\u00f4mico e pode levar Bolsonaro \u00e0 inelegibilidade.<\/p>\n<\/div>\n<\/div>\n<div id=\"chunk-23tgr\">\n<div class=\"mc-column content-text active-extra-styles \" data-block-type=\"unstyled\" data-block-weight=\"58\" data-block-id=\"7\">\n<p class=\"content-text__container \" data-track-category=\"Link no Texto\" data-track-links=\"\">Na a\u00e7\u00e3o, a coliga\u00e7\u00e3o do presidente eleito, Luiz In\u00e1cio\u00a0<a href=\"https:\/\/g1.globo.com\/politica\/politico\/lula\/\">Lula<\/a>\u00a0da Silva (<a href=\"https:\/\/g1.globo.com\/politica\/partido\/pt\/\">PT<\/a>), autora do pedido, aponta como\u00a0<span class=\"highlight highlighted\">justificativa para a investiga\u00e7\u00e3o a realiza\u00e7\u00e3o de atos de campanha por Bolsonaro nas depend\u00eancias do Pal\u00e1cio do Planalto e do Pal\u00e1cio da Alvorada<\/span>, incluindo o an\u00fancio de apoios para sua candidatura na disputa do segundo turno das elei\u00e7\u00f5es de 2022.<\/p>\n<\/div>\n<\/div>\n<div id=\"chunk-ail5u\">\n<div class=\"mc-column content-text active-extra-styles \" data-block-type=\"unstyled\" data-block-weight=\"34\" data-block-id=\"9\">\n<p class=\"content-text__container \" data-track-category=\"Link no Texto\" data-track-links=\"\">De acordo com a coliga\u00e7\u00e3o, ao utilizar os pal\u00e1cios como &#8220;palco de encontro&#8221; com\u00a0<a href=\"https:\/\/g1.globo.com\/politica\/eleicoes\/2022\/noticia\/2022\/10\/04\/governador-reeleito-de-minas-zema-anuncia-apoio-a-bolsonaro-no-segundo-turno.ghtml\">governadores<\/a>,\u00a0<a href=\"https:\/\/g1.globo.com\/politica\/eleicoes\/2022\/noticia\/2022\/10\/06\/em-campanha-bolsonaro-recebe-governadores-e-deputados-reeleitos-e-pede-desculpas-falei-demais-muitas-vezes.ghtml\">deputados federais<\/a>\u00a0e\u00a0<a href=\"https:\/\/g1.globo.com\/df\/distrito-federal\/eleicoes\/2022\/noticia\/2022\/10\/17\/bolsonaro-cantores-sertanejos-brasilia.ghtml\">celebridades<\/a>,\u00a0<span class=\"highlight highlighted\">Bolsonaro desvirtuou a finalidade dos bens p\u00fablicos com o objetivo de alavancar a sua candidatura.<\/span><\/p>\n<\/div>\n<\/div>\n<div class=\"mc-column content-text active-extra-styles\" data-block-type=\"raw\" data-block-weight=\"4\" data-block-id=\"10\">\n<div class=\"content-intertitle\">\n<h2>&#8216;Atos ostensivos de campanha&#8217;<\/h2>\n<\/div>\n<\/div>\n<div id=\"chunk-5aj0i\">\n<div class=\"mc-column content-text active-extra-styles \" data-block-type=\"unstyled\" data-block-weight=\"21\" data-block-id=\"11\">\n<p class=\"content-text__container \" data-track-category=\"Link no Texto\" data-track-links=\"\">O ministro pontuou que a legisla\u00e7\u00e3o eleitoral n\u00e3o concedeu &#8220;autoriza\u00e7\u00e3o irrestrita&#8221; para o uso de bens p\u00fablicos com fins privados.<\/p>\n<\/div>\n<\/div>\n<div id=\"chunk-cjabu\">\n<div class=\"mc-column content-text active-extra-styles \" data-block-type=\"unstyled\" data-block-weight=\"68\" data-block-id=\"12\">\n<p class=\"content-text__container \" data-track-category=\"Link no Texto\" data-track-links=\"\">&#8220;Conforme se observa, n\u00e3o foi concedida autoriza\u00e7\u00e3o irrestrita que convertesse bens p\u00fablicos de uso privativo dos Chefes do Executivo, custeados pelo Er\u00e1rio, em bens disponibilizados, sem reservas, \u00e0 conveni\u00eancia da campanha \u00e0 reelei\u00e7\u00e3o. No caso da resid\u00eancia oficial, os atos de campanha que a lei autoriza s\u00e3o eminentemente voltados para arranjos internos, permitindo-se ao Presidente receber interlocutores reservadamente, com o objetivo de tra\u00e7ar estrat\u00e9gias e alian\u00e7as pol\u00edticas.&#8221;<\/p>\n<\/div>\n<\/div>\n<div id=\"chunk-5jgeq\">\n<div class=\"mc-column content-text active-extra-styles \" data-block-type=\"unstyled\" data-block-weight=\"15\" data-block-id=\"13\">\n<p class=\"content-text__container \" data-track-category=\"Link no Texto\" data-track-links=\"\">Gon\u00e7alves tamb\u00e9m ressaltou que os espa\u00e7os p\u00fablicos &#8220;serviram de palco&#8221; para &#8220;atos ostensivos de campanha&#8221;.<\/p>\n<\/div>\n<\/div>\n<div id=\"chunk-9qop5\">\n<div class=\"mc-column content-text active-extra-styles \" data-block-type=\"unstyled\" data-block-weight=\"83\" data-block-id=\"14\">\n<p class=\"content-text__container \" data-track-category=\"Link no Texto\" data-track-links=\"\">&#8220;Extrai-se do material analisado que espa\u00e7os tradicionalmente usados para a realiza\u00e7\u00e3o de coletivas pelo Presidente da Rep\u00fablica, no desempenho de sua fun\u00e7\u00e3o de Chefe de Estado, serviram de palco para a realiza\u00e7\u00e3o de atos ostensivos de campanha, nos quais se buscou projetar uma imagem de for\u00e7a pol\u00edtica da candidatura de Jair Bolsonaro, que se evidenciaria nas alian\u00e7as com governadores que alcan\u00e7aram mais de 50% dos votos em seus estados j\u00e1 no primeiro turno e na expressividade de sua base de apoio no Congresso.&#8221;<\/p>\n<\/div>\n<\/div>\n<div id=\"chunk-122sd\">\n<div class=\"content-ads content-ads--reveal\" data-block-type=\"ads\" data-block-id=\"15\">\n<div id=\"banner_materia__cd2d36f5-3a12-409d-80bf-b6b6dd152cc6\" class=\"tag-manager-publicidade-container mc-has-reveal mc-has-ad-lazyload tag-manager-publicidade-banner_materia__cd2d36f5-3a12-409d-80bf-b6b6dd152cc6 tag-manager-publicidade-container--carregado tag-manager-publicidade-container--visivel\" data-id=\"banner_materia__cd2d36f5-3a12-409d-80bf-b6b6dd152cc6\" data-google-query-id=\"CKaLptrr1fwCFeu7lQIdcIID0Q\">\n<div id=\"google_ads_iframe_\/95377733\/tvg_G1\/Politica_4__container__\">O ministro considerou ainda que a conduta de Bolsonaro &#8220;\u00e9 pass\u00edvel de se amoldar \u00e0 figura t\u00edpica do abuso de poder pol\u00edtico, havendo elementos suficientes para autorizar a apura\u00e7\u00e3o dos fatos e de sua gravidade no contexto das Elei\u00e7\u00f5es 2022&#8221;.<\/div>\n<\/div>\n<\/div>\n<\/div>\n<div class=\"mc-column content-text active-extra-styles\" data-block-type=\"raw\" data-block-weight=\"3\" data-block-id=\"17\">\n<div class=\"content-intertitle\">\n<h2>7 a\u00e7\u00f5es admitidas<\/h2>\n<\/div>\n<\/div>\n<div id=\"chunk-aid5s\">\n<div class=\"mc-column content-text active-extra-styles \" data-block-type=\"unstyled\" data-block-weight=\"23\" data-block-id=\"18\">\n<p class=\"content-text__container \" data-track-category=\"Link no Texto\" data-track-links=\"\">Das 16 a\u00e7\u00f5es que tramitam na Corte, pelo menos 7 j\u00e1 foram abertas, ou seja, foram admitidas pelo ministro relator. As a\u00e7\u00f5es investigam:<\/p>\n<\/div>\n<\/div>\n<div class=\"mc-column content-text active-extra-styles\" data-block-type=\"raw\" data-block-weight=\"174\" data-block-id=\"19\">\n<ul class=\"content-unordered-list\">\n<li>declara\u00e7\u00f5es e atos de Bolsonaro que tentaram colocar em d\u00favida o sistema eleitoral brasileiro;<\/li>\n<li>concess\u00e3o de benef\u00edcios financeiros durante o per\u00edodo eleitoral, como antecipa\u00e7\u00e3o da transfer\u00eancia do benef\u00edcio do Aux\u00edlio-Brasil e do Aux\u00edlio-G\u00e1s.<\/li>\n<li>realiza\u00e7\u00e3o de atos de campanha nas depend\u00eancias do Pal\u00e1cio do Planalto e do Pal\u00e1cio da Alvorada, como o an\u00fancio de apoios obtidos pela candidatura na disputa do segundo turno;<\/li>\n<li>tratamento privilegiado da Jovem Pan \u00e0 candidatura de Bolsonaro, com utiliza\u00e7\u00e3o de not\u00edcias fraudulentas contra o sistema eleitoral, ministros do STF e do TSE e candidatos advers\u00e1rios;<\/li>\n<li>utiliza\u00e7\u00e3o, pela campanha de Bolsonaro, de uma rede de apoiadores composta por pastores, entidades religiosas e empres\u00e1rios sem que os valores recebidos e os gastos realizados fossem submetidos ao controle da Justi\u00e7a Eleitoral;<\/li>\n<li>realiza\u00e7\u00e3o de disparos autom\u00e1ticos de mensagens de SMS com \u201cevidente cunho eleitoral&#8221;, com conte\u00fado antidemocr\u00e1tico e ilegal, a partir de um n\u00famero que antes pertenciam a institui\u00e7\u00f5es do estado do Paran\u00e1;<\/li>\n<li>realiza\u00e7\u00e3o de atos de campanha durante o desfile c\u00edvico de 7 de setembro, usando o cargo para promo\u00e7\u00e3o de sua candidatura.<\/li>\n<\/ul>\n<\/div>\n<\/div>\n<\/article>\n<\/div>\n","protected":false},"excerpt":{"rendered":"<p>Procedimento apura suposto abuso de poder por uso indevido do Alvorada e pode deixar ex-presidente ineleg\u00edvel. Bolsonaro \u00e9 investigado em pelo menos 7 a\u00e7\u00f5es na Corte Eleitoral. Por Fernanda Vivas e Luiz Felipe Barbi\u00e9ri, TV Globo e g1\u00a0\u2014 Bras\u00edlia Bolsonaro em foto de 30 de outubro de 2022 \u2014 Foto: MAURO PIMENTEL \/ AFP O [&hellip;]<\/p>\n","protected":false},"author":2,"featured_media":0,"comment_status":"open","ping_status":"open","sticky":false,"template":"","format":"standard","meta":{"_links_to":"","_links_to_target":""},"categories":[7,9,8,1],"tags":[],"_links":{"self":[{"href":"https:\/\/www.ilheusnoticias.net.br\/v1\/wp-json\/wp\/v2\/posts\/30659"}],"collection":[{"href":"https:\/\/www.ilheusnoticias.net.br\/v1\/wp-json\/wp\/v2\/posts"}],"about":[{"href":"https:\/\/www.ilheusnoticias.net.br\/v1\/wp-json\/wp\/v2\/types\/post"}],"author":[{"embeddable":true,"href":"https:\/\/www.ilheusnoticias.net.br\/v1\/wp-json\/wp\/v2\/users\/2"}],"replies":[{"embeddable":true,"href":"https:\/\/www.ilheusnoticias.net.br\/v1\/wp-json\/wp\/v2\/comments?post=30659"}],"version-history":[{"count":1,"href":"https:\/\/www.ilheusnoticias.net.br\/v1\/wp-json\/wp\/v2\/posts\/30659\/revisions"}],"predecessor-version":[{"id":30660,"href":"https:\/\/www.ilheusnoticias.net.br\/v1\/wp-json\/wp\/v2\/posts\/30659\/revisions\/30660"}],"wp:attachment":[{"href":"https:\/\/www.ilheusnoticias.net.br\/v1\/wp-json\/wp\/v2\/media?parent=30659"}],"wp:term":[{"taxonomy":"category","embeddable":true,"href":"https:\/\/www.ilheusnoticias.net.br\/v1\/wp-json\/wp\/v2\/categories?post=30659"},{"taxonomy":"post_tag","embeddable":true,"href":"https:\/\/www.ilheusnoticias.net.br\/v1\/wp-json\/wp\/v2\/tags?post=30659"}],"curies":[{"name":"wp","href":"https:\/\/api.w.org\/{rel}","templated":true}]}}