{"id":30657,"date":"2023-01-20T06:31:35","date_gmt":"2023-01-20T09:31:35","guid":{"rendered":"https:\/\/www.ilheusnoticias.net.br\/v1\/?p=30657"},"modified":"2023-01-20T06:31:35","modified_gmt":"2023-01-20T09:31:35","slug":"governo-lula-comeca-sob-pressao-e-sem-a-folga-dos-100-dias-na-economia","status":"publish","type":"post","link":"https:\/\/www.ilheusnoticias.net.br\/v1\/2023\/01\/20\/governo-lula-comeca-sob-pressao-e-sem-a-folga-dos-100-dias-na-economia\/","title":{"rendered":"Governo Lula come\u00e7a sob press\u00e3o e sem a \u2018folga\u2019 dos 100 dias na economia"},"content":{"rendered":"<div class=\"row content-head non-featured \">\n<div class=\"title\" data-block-type=\"title\" data-block-id=\"0\">\n<h1 class=\"content-head__title\"><span style=\"font-size: 16px;\">Novos governantes costumavam ter um voto de confian\u00e7a de eleitores e tomadores de decis\u00e3o em in\u00edcio de governo, mas contexto global de acirramento pol\u00edtico tem for\u00e7ado os mandat\u00e1rios a \u2018mostrar as cartas\u2019 mais cedo.<\/span><\/h1>\n<\/div>\n<\/div>\n<div class=\"content__signa-share\">\n<div class=\"content__signature\">\n<div class=\"content-publication-data\">\n<div class=\"content-publication-data__text\">\n<p class=\"content-publication-data__from\" title=\"Raphael Martins, g1\">Por Raphael Martins, g1<\/p>\n<p class=\"content-publication-data__updated\">\n<\/div>\n<\/div>\n<\/div>\n<\/div>\n<div class=\"mc-article-body\">\n<article>\n<div id=\"chunk-4sjis\">\n<div class=\"row medium-uncollapsed content-media content-photo\" data-block-type=\"backstage-photo\" data-block-id=\"1\">\n<div class=\"column medium-22 large-20 medium-centered content-media__container\">\n<div class=\"content-media-container glb-skeleton-box\">\n<figure class=\"content-media-figure\"><img loading=\"lazy\" class=\"i-amphtml-fill-content i-amphtml-replaced-content\" src=\"https:\/\/s2.glbimg.com\/huDfHk7N3bivmCaHqfPU2nYuxRQ=\/0x0:3000x2000\/1008x0\/smart\/filters:strip_icc()\/i.s3.glbimg.com\/v1\/AUTH_59edd422c0c84a879bd37670ae4f538a\/internal_photos\/bs\/2022\/j\/O\/BSQ9mtTTKKHnVnD9ifWg\/fup20220820520.jpg\" srcset=\"\" alt=\"Fernando Haddad e Lula durante o primeiro com\u00edcio da campanha da chapa em SP, no Vale do Anhangaba\u00fa \u2014 Foto: WAGNER ORIGENES\/FUTURA PRESS\/ESTAD\u00c3O CONTE\u00daDO\" width=\"552\" height=\"368\" \/><\/figure>\n<\/div>\n<p class=\"content-media__description \">Fernando Haddad e Lula durante o primeiro com\u00edcio da campanha da chapa em SP, no Vale do Anhangaba\u00fa \u2014 Foto: WAGNER ORIGENES\/FUTURA PRESS\/ESTAD\u00c3O CONTE\u00daDO<\/p>\n<\/div>\n<\/div>\n<\/div>\n<div id=\"chunk-188jk\">\n<div class=\"mc-column mc-side-item__container\" data-block-type=\"ads\" data-block-id=\"2\">\n<div class=\"mc-side-item mc-side-item--right content-ads content-ads--side-ad\">\n<div id=\"banner_materia1\" class=\"tag-manager-publicidade-container tag-manager-publicidade-banner_materia1 tag-manager-publicidade-container--carregado tag-manager-publicidade-container--visivel\" data-google-query-id=\"CPz2ud7p1fwCFQqzlQIdJi0L4g\">\n<div id=\"google_ads_iframe_\/95377733\/tvg_G1\/Economia_0__container__\">Os primeiros 100 dias de governo s\u00e3o conhecidos como uma esp\u00e9cie de \u201clua de mel\u201d entre o pol\u00edtico que chega a um cargo e seu eleitorado. Mas o in\u00edcio do terceiro mandato de Luiz In\u00e1cio <a href=\"https:\/\/g1.globo.com\/politica\/politico\/lula\/\">Lula<\/a>\u00a0da Silva (<a href=\"https:\/\/g1.globo.com\/politica\/partido\/pt\/\">PT<\/a>) n\u00e3o desfruta do tradicional tempo de tranquilidade, em especial na economia.<\/div>\n<\/div>\n<\/div>\n<\/div>\n<\/div>\n<div class=\"wall protected-content\">\n<div id=\"chunk-fm1bc\">\n<div class=\"mc-column content-text active-extra-styles \" data-block-type=\"unstyled\" data-block-weight=\"47\" data-block-id=\"4\">\n<p class=\"content-text__container \" data-track-category=\"Link no Texto\" data-track-links=\"\">Analistas de mercado e economistas ouvidos pelo\u00a0<a href=\"http:\/\/www.g1.com.br\/\" target=\"_blank\" rel=\"noopener\"><strong>g1<\/strong><\/a><strong>\u00a0<\/strong>reconhecem que a cobran\u00e7a \u00e9 mais intensa que a m\u00e9dia \u2014 visto que, a rigor, o mandato come\u00e7ou h\u00e1 apenas 20 dias \u2014, mas atribuem parte da culpa aos sinais d\u00fabios do presidente e de seus novos ministros.<\/p>\n<\/div>\n<\/div>\n<div id=\"chunk-b0dsk\">\n<div class=\"mc-column content-text active-extra-styles \" data-block-type=\"unstyled\" data-block-weight=\"31\" data-block-id=\"5\">\n<p class=\"content-text__container \" data-track-category=\"Link no Texto\" data-track-links=\"\">Certa forma, o que antecipou a press\u00e3o contra o governo Lula foi a completa abdica\u00e7\u00e3o de um processo de transi\u00e7\u00e3o da gest\u00e3o de\u00a0<a href=\"https:\/\/g1.globo.com\/politica\/politico\/jair-bolsonaro\/\">Jair Bolsonaro<\/a> (PL) depois da derrota nas urnas<\/p>\n<\/div>\n<\/div>\n<div class=\"mc-column content-text active-extra-styles\" data-block-type=\"raw\" data-block-weight=\"38\" data-block-id=\"8\">\n<p>Foram os ministros de Lula que tomaram a frente das negocia\u00e7\u00f5es para remendar o or\u00e7amento enviado ao <a href=\"https:\/\/g1.globo.com\/tudo-sobre\/congresso-nacional\/\">Congresso Nacional<\/a>\u00a0pelos bolsonaristas. O documento n\u00e3o previa recursos para o funcionamento de programas b\u00e1sicos em 2023, entre eles o\u00a0<a href=\"https:\/\/g1.globo.com\/economia\/de-olho-no-orcamento\/noticia\/2022\/11\/22\/orcamento-do-farmacia-popular-para-2023-esta-defasado-em-quase-r-18-bilhao-diz-instituto.ghtml\">Farm\u00e1cia Popular<\/a>\u00a0e o\u00a0<a href=\"https:\/\/g1.globo.com\/tudo-sobre\/bolsa-familia\/\">Bolsa Fam\u00edlia<\/a>\u00a0de R$ 600.<\/p>\n<\/div>\n<div id=\"chunk-41l4q\">\n<div class=\"mc-column content-text active-extra-styles \" data-block-type=\"unstyled\" data-block-weight=\"53\" data-block-id=\"10\">\n<p class=\"content-text__container \" data-track-category=\"Link no Texto\" data-track-links=\"\">Antes mesmo de subir a rampa do Pal\u00e1cio do Planalto, Lula precisou gastar capital pol\u00edtico para aprovar a\u00a0<a href=\"https:\/\/g1.globo.com\/politica\/noticia\/2022\/12\/21\/votacao-da-pec-da-transicao-na-camara-dos-deputados.ghtml\">Proposta de Emenda \u00e0 Constitui\u00e7\u00e3o (PEC) da Transi\u00e7\u00e3o<\/a>, que desafogou os recursos para o funcionamento do estado e garantiu o aumento permanente do antigo\u00a0<a href=\"https:\/\/g1.globo.com\/tudo-sobre\/auxilio-brasil\/\">Aux\u00edlio Brasil<\/a> \u2014 uma promessa de campanha de ambos os candidatos.<\/p>\n<\/div>\n<\/div>\n<div class=\"mc-column content-text active-extra-styles\" data-block-type=\"raw\" data-block-weight=\"41\" data-block-id=\"11\">\n<blockquote class=\"content-blockquote theme-border-color-primary-before\"><p>\u201c\u00c9 como se esses 100 dias \u2014 e o desgaste que vem junto \u2014 fossem antecipados. Foi uma equipe de transi\u00e7\u00e3o que teve que negociar pautas e aprovar PEC sem estar na cadeira\u201d, diz Carla Argenta, economista-chefe da CM Capital Markets.<\/p><\/blockquote>\n<\/div>\n<div id=\"chunk-64k4d\">\n<div class=\"mc-column content-text active-extra-styles \" data-block-type=\"unstyled\" data-block-weight=\"49\" data-block-id=\"12\">\n<p class=\"content-text__container \" data-track-category=\"Link no Texto\" data-track-links=\"\">Ao mesmo tempo, pegou mal o desd\u00e9m petista com agentes econ\u00f4micos. O mercado financeiro se sentiu atacado no primeiro discurso do presidente eleito na sede do governo de transi\u00e7\u00e3o, no Centro Cultural Banco do Brasil (CCBB). A indisposi\u00e7\u00e3o veio em formato de\u00a0<a href=\"https:\/\/g1.globo.com\/economia\/noticia\/2022\/11\/11\/segunda-semana-de-lula-eleito-tem-bolsa-em-queda-dolar-em-alta.ghtml\">disparo do d\u00f3lar e bolsa em queda.<\/a><\/p>\n<\/div>\n<\/div>\n<div id=\"chunk-ai38o\">\n<div class=\"content-ads content-ads--reveal\" data-block-type=\"ads\" data-block-id=\"13\">\n<div id=\"banner_materia__30bbbd70-4bad-44f1-995f-93683cb564b0\" class=\"tag-manager-publicidade-container mc-has-reveal mc-has-ad-lazyload tag-manager-publicidade-banner_materia__30bbbd70-4bad-44f1-995f-93683cb564b0 tag-manager-publicidade-container--carregado tag-manager-publicidade-container--visivel\" data-id=\"banner_materia__30bbbd70-4bad-44f1-995f-93683cb564b0\" data-google-query-id=\"CLnMvuHp1fwCFT-UlQIdnlIHEg\">\n<div id=\"google_ads_iframe_\/95377733\/tvg_G1\/Economia_4__container__\">Ficou \u201cengasgada\u201d tamb\u00e9m a promessa do petista de acabar com o teto de gastos antes mesmo de apresentar uma alternativa. E a <a href=\"https:\/\/g1.globo.com\/politica\/noticia\/2022\/12\/13\/lula-anuncia-aloizio-mercadante-como-futuro-presidente-do-bndes.ghtml\">indica\u00e7\u00e3o de Aloizio Mercadante<\/a>\u00a0como presidente do Banco Nacional de Desenvolvimento Econ\u00f4mico e Social (BNDES) n\u00e3o agradou.<\/div>\n<\/div>\n<\/div>\n<\/div>\n<div id=\"chunk-4062c\">\n<div class=\"mc-column content-text active-extra-styles \" data-block-type=\"unstyled\" data-block-weight=\"55\" data-block-id=\"15\">\n<p class=\"content-text__container \" data-track-category=\"Link no Texto\" data-track-links=\"\">O economista e ex-diretor do Banco Central Tony Volpon faz uma analogia com um jogo de t\u00eanis, e chama as decis\u00f5es de Lula de \u201cerros n\u00e3o for\u00e7ados\u201d. Para ele, as declara\u00e7\u00f5es n\u00e3o trouxeram pistas sobre os planos de governo e serviram apenas para dar um tom \u201cbeligerante\u201d (conflituoso) \u00e0 rela\u00e7\u00e3o com os agentes econ\u00f4micos.<\/p>\n<\/div>\n<\/div>\n<div id=\"chunk-5861p\">\n<div class=\"bs-video-block mc-column  content-media content-video\" data-block-type=\"backstage-video\" data-block-id=\"16\">\n<div class=\"content-media__container\">\n<div class=\"content-video__bigger-player-description-fixer\">\n<article class=\"content-video\">\n<section class=\"content-video__video-container\">\n<div class=\"content-video__video\">\n<div class=\"content-video__placeholder\" data-video-id=\"11286800\" data-video-has-viewport-play=\"True\"><img class=\"content-video__placeholder__thumb\" title=\"Haddad afirma que ir\u00e1 &quot;reequilibrar o sistema tribut\u00e1rio brasileiro pra melhorar a distribui\u00e7\u00e3o de renda&quot;\" src=\"https:\/\/s01.video.glbimg.com\/x240\/11286800.jpg\" alt=\"Haddad afirma que ir\u00e1 &quot;reequilibrar o sistema tribut\u00e1rio brasileiro pra melhorar a distribui\u00e7\u00e3o de renda&quot;\" \/><\/div>\n<div id=\"wp3-player-2\" class=\"clappr-player\" tabindex=\"9999\" data-player=\"\">\n<div class=\"dfp-ad-overlay dfp-ad-overlay--poster-mode\">\n<div><\/div>\n<\/div>\n<div class=\"media-control media-control-hide h720 w960\">\n<div class=\"media-control-panel\">\n<div class=\"media-control-panel__lower\" data-controls=\"\">\n<div class=\"opposites-container\">\n<div class=\"media-control-position__right\">Hadad: \u201cO mercado sempre vai ficar na defensiva com um governo de esquerda. Se voc\u00ea d\u00e1 raz\u00e3o para essa defensiva, h\u00e1 um pre\u00e7o que vem em forma de aumento de juros. Isso tem um custo para a economia, para o Tesouro\u201d, diz Volpon.Por outro lado, o economista tamb\u00e9m lembra que o mercado projetou expectativas irreais quanto \u00e0 pauta de gastos sociais e montagem da equipe econ\u00f4mica do novo governo.<\/div>\n<\/div>\n<\/div>\n<\/div>\n<\/div>\n<\/div>\n<\/div>\n<\/section>\n<\/article>\n<\/div>\n<\/div>\n<\/div>\n<\/div>\n<div id=\"chunk-9ksbm\">\n<div class=\"mc-column content-text active-extra-styles \" data-block-type=\"unstyled\" data-block-weight=\"30\" data-block-id=\"20\">\n<p class=\"content-text__container \" data-track-category=\"Link no Texto\" data-track-links=\"\">\u201cQuebra de expectativa \u00e9 quando se espera algo prov\u00e1vel, mas que n\u00e3o acontece. Era extremamente improv\u00e1vel que o ministro da Fazenda n\u00e3o fosse um quadro do PT, por exemplo\u201d, afirma Sem tr\u00e9gua<\/p>\n<\/div>\n<\/div>\n<div class=\"mc-column content-text active-extra-styles\" data-block-type=\"raw\" data-block-weight=\"2\" data-block-id=\"21\">\n<div class=\"content-intertitle\">\n<h2>Ao menos quatro planos do governo est\u00e3o, desde a elei\u00e7\u00e3o, sob escrut\u00ednio intenso dos investidores: o reajuste do sal\u00e1rio m\u00ednimo, a amplia\u00e7\u00e3o do Bolsa Fam\u00edlia para R$ 600, a elimina\u00e7\u00e3o do teto de gastos como \u00e2ncora fiscal do pa\u00eds e a amplia\u00e7\u00e3o da <a style=\"font-size: 16px;\" href=\"https:\/\/g1.globo.com\/politica\/noticia\/2023\/01\/18\/lula-defende-isentar-do-imposto-de-renda-quem-ganha-ate-r-5-mil.ghtml\">isen\u00e7\u00e3o do Imposto de Renda para sal\u00e1rios at\u00e9 R$ 5 mil<\/a><span style=\"font-size: 16px;\">.<\/span><\/h2>\n<\/div>\n<\/div>\n<div id=\"chunk-bm28\">\n<div class=\"mc-column content-text active-extra-styles \" data-block-type=\"unstyled\" data-block-weight=\"59\" data-block-id=\"23\">\n<p class=\"content-text__container \" data-track-category=\"Link no Texto\" data-track-links=\"\">As medidas fazem parte de um plano de refor\u00e7o de resgate social do novo governo, que define a empreitada como forma de \u201ccolocar o pobre no or\u00e7amento\u201d. O mercado torce o nariz porque as medidas geram aumento das despesas do governo, e h\u00e1 expectativa de que seja criada uma compensa\u00e7\u00e3o para financi\u00e1-las sem comprometer ainda mais as contas p\u00fablicas.<\/p>\n<\/div>\n<\/div>\n<div id=\"chunk-amhgm\">\n<div class=\"mc-column content-text active-extra-styles \" data-block-type=\"unstyled\" data-block-weight=\"33\" data-block-id=\"24\">\n<p class=\"content-text__container \" data-track-category=\"Link no Texto\" data-track-links=\"\">Em entrevista nesta semana \u00e0\u00a0<strong>GloboNews<\/strong>, Lula comentou a quest\u00e3o. Perguntado se via responsabilidade fiscal e social como antag\u00f4nicas, o presidente disse que \u201cs\u00e3o antag\u00f4nicas por causa da gan\u00e2ncia das pessoas mais ricas\u201d.<\/p>\n<\/div>\n<\/div>\n<div class=\"mc-column content-text active-extra-styles\" data-block-type=\"raw\" data-block-weight=\"31\" data-block-id=\"26\">\n<blockquote class=\"content-blockquote theme-border-color-primary-before\"><p>\u201cO que n\u00f3s queremos \u00e9 que haja a contrapartida no social. N\u00e3o interessa a gente ter uma sociedade de miser\u00e1veis. N\u00f3s queremos ter uma sociedade de classe m\u00e9dia\u201d, disse o petista.<\/p><\/blockquote>\n<\/div>\n<div id=\"chunk-dvb3k\">\n<div class=\"mc-column content-text active-extra-styles \" data-block-type=\"unstyled\" data-block-weight=\"19\" data-block-id=\"27\">\n<p class=\"content-text__container \" data-track-category=\"Link no Texto\" data-track-links=\"\">\u201cOs \u00e2nimos estavam aflorados dos dois lados. Isso passou e podemos julgar os atos concretos do governo federal\u201d, afirma.<\/p>\n<\/div>\n<\/div>\n<div id=\"chunk-dcu89\">\n<div class=\"bs-video-block mc-column  content-media content-video\" data-block-type=\"backstage-video\" data-block-id=\"28\">\n<div class=\"content-media__container\">\n<div class=\"content-video__bigger-player-description-fixer\">\n<article class=\"content-video\">\n<section class=\"content-video__video-container\">\n<div class=\"content-video__video\">\n<div class=\"content-video__placeholder\" data-video-id=\"11291615\" data-video-has-viewport-play=\"True\"><img class=\"content-video__placeholder__thumb\" title=\"Lula defende isen\u00e7\u00e3o de IR para quem ganha at\u00e9 R$ 5 mil\" src=\"https:\/\/s04.video.glbimg.com\/x240\/11291615.jpg\" alt=\"Lula defende isen\u00e7\u00e3o de IR para quem ganha at\u00e9 R$ 5 mil\" \/><\/div>\n<div id=\"wp3-player-3\" class=\"clappr-player\" tabindex=\"9999\" data-player=\"\">\n<div class=\"dfp-ad-overlay dfp-ad-overlay--poster-mode\">\n<div><\/div>\n<\/div>\n<div class=\"media-control media-control-hide h720 w960\">\n<div class=\"media-control-panel\">\n<div class=\"media-control-panel__lower\" data-controls=\"\">\n<div class=\"opposites-container\">\n<div class=\"media-control-position__right\">Lula defende isen\u00e7\u00e3o de IR para quem ganha at\u00e9 R$ 5 mil<\/div>\n<\/div>\n<\/div>\n<\/div>\n<\/div>\n<\/div>\n<\/div>\n<\/section>\n<\/article>\n<\/div>\n<\/div>\n<\/div>\n<\/div>\n<div id=\"chunk-bsun4\">\n<div class=\"mc-column content-text active-extra-styles \" data-block-type=\"unstyled\" data-block-weight=\"43\" data-block-id=\"29\">\n<p class=\"content-text__container \" data-track-category=\"Link no Texto\" data-track-links=\"\">Enquanto o presidente avan\u00e7a no discurso, os agentes financeiros cobram a origem do dinheiro. Ap\u00f3s a elei\u00e7\u00e3o, chegou-se a um consenso de que seria necess\u00e1rio ampliar a d\u00edvida do pa\u00eds para cobrir o momento de emerg\u00eancia, mas a dimens\u00e3o do pacote gerou ru\u00eddos.<\/p>\n<\/div>\n<\/div>\n<div id=\"chunk-4vk5\">\n<div class=\"mc-column content-text active-extra-styles \" data-block-type=\"unstyled\" data-block-weight=\"55\" data-block-id=\"30\">\n<p class=\"content-text__container \" data-track-category=\"Link no Texto\" data-track-links=\"\">Fonte do reajuste do Bolsa Fam\u00edlia, a PEC da Transi\u00e7\u00e3o, que libera R$ 145 bilh\u00f5es das amarras fiscais,\u00a0<a href=\"https:\/\/g1.globo.com\/politica\/noticia\/2022\/12\/21\/congresso-promulga-pec-que-amplia-teto-de-gastos-por-1-ano-e-permite.ghtml\">teve seu prazo de vig\u00eancia reduzido no Congresso Nacional para apenas um ano<\/a>. A determina\u00e7\u00e3o imp\u00f5e que se encontre um financiamento adequado para o programa nos anos seguintes, o que deve ser rediscutido no Or\u00e7amento de 2024.<\/p>\n<\/div>\n<\/div>\n<div id=\"chunk-amae3\">\n<div class=\"content-ads content-ads--reveal\" data-block-type=\"ads\" data-block-id=\"31\">\n<div id=\"banner_materia__14de457e-44f4-4e49-87bf-aec65082569c\" class=\"tag-manager-publicidade-container mc-has-reveal mc-has-ad-lazyload tag-manager-publicidade-banner_materia__14de457e-44f4-4e49-87bf-aec65082569c tag-manager-publicidade-container--carregado tag-manager-publicidade-container--visivel\" data-id=\"banner_materia__14de457e-44f4-4e49-87bf-aec65082569c\" data-google-query-id=\"CMPN9-bp1fwCFTJHuAQdyx8MVA\">\n<div id=\"google_ads_iframe_\/95377733\/tvg_G1\/Economia_7__container__\"><\/div>\n<\/div>\n<\/div>\n<\/div>\n<div id=\"chunk-covr2\">\n<div class=\"mc-column content-text active-extra-styles \" data-block-type=\"unstyled\" data-block-weight=\"54\" data-block-id=\"32\">\n<p class=\"content-text__container \" data-track-category=\"Link no Texto\" data-track-links=\"\">O tempo \u00e9 curto, pois, com o fim do teto de gastos, o governo precisar\u00e1 encaixar essa e outras medidas embaixo de uma nova regra fiscal para controlar os gastos p\u00fablicos. O ministro da Fazenda,\u00a0<a href=\"https:\/\/g1.globo.com\/politica\/politico\/fernando-haddad\/\">Fernando Haddad<\/a>\u00a0(PT)\u00a0<a href=\"https:\/\/g1.globo.com\/economia\/noticia\/2023\/01\/17\/no-maximo-ate-abril-diz-haddad-sobre-data-para-apresentar-nova-regra-fiscal-ao-congresso.ghtml\">promete entreg\u00e1-la at\u00e9 abril\u00a0<\/a>\u2014 pr\u00f3ximo, portanto, ao famoso prazo de 100 dias de governo.<\/p>\n<\/div>\n<\/div>\n<div id=\"chunk-8etdk\">\n<div class=\"mc-column content-text active-extra-styles \" data-block-type=\"unstyled\" data-block-weight=\"38\" data-block-id=\"33\">\n<p class=\"content-text__container \" data-track-category=\"Link no Texto\" data-track-links=\"\">Al\u00e9m do novo \u201carcabou\u00e7o fiscal\u201d \u2014 nome adotado pelo governo \u2014, Haddad apresentou um\u00a0<a href=\"https:\/\/g1.globo.com\/politica\/ao-vivo\/governo-pacote-economia-rombo-contas-publicas.ghtml\">plano de aumento de receitas e corte em algumas despesas<\/a>\u00a0para fazer frente ao d\u00e9ficit previsto no Or\u00e7amento deste ano, de R$ 231 bilh\u00f5es.<\/p>\n<\/div>\n<\/div>\n<div class=\"mc-column content-text active-extra-styles\" data-block-type=\"raw\" data-block-weight=\"40\" data-block-id=\"34\">\n<p class=\"content-text__container\">\n<blockquote class=\"content-blockquote theme-border-color-primary-before\"><p>\u201cO pr\u00f3prio ministro reconheceu que s\u00f3 conseguiria entregar cerca de metade desse montante para o ano, o que se aproxima do [valor] que era consenso de mercado. Isso deixa a not\u00edcia menos relevante\u201d, diz Paulo Val, economista-chefe da Occam Brasil.<\/p><\/blockquote>\n<p>&nbsp;<\/p>\n<\/div>\n<div id=\"chunk-4flje\">\n<div class=\"mc-column content-text active-extra-styles \" data-block-type=\"unstyled\" data-block-weight=\"60\" data-block-id=\"35\">\n<p class=\"content-text__container \" data-track-category=\"Link no Texto\" data-track-links=\"\">O especialista diz ainda que o pacote prioriza aumento de receita e ataca pouco a despesa p\u00fablica. \u201cEm um pa\u00eds com o tamanho do gasto que temos, n\u00e3o \u00e9 o mais adequado. O ajuste precisa vir nas duas frentes. S\u00f3 pelo lado do gasto, seria muito dif\u00edcil. E, s\u00f3 pelo lado da receita, seria muito custoso para a sociedade\u201d, explica.<\/p>\n<\/div>\n<\/div>\n<div id=\"chunk-6igu0\">\n<div class=\"bs-video-block mc-column  content-media content-video\" data-block-type=\"backstage-video\" data-block-id=\"36\">\n<div class=\"content-media__container\">\n<div class=\"content-video__bigger-player-description-fixer\">\n<article class=\"content-video\">\n<section class=\"content-video__video-container\">\n<div class=\"content-video__video\">\n<div class=\"content-video__placeholder\" data-video-id=\"11276630\" data-video-has-viewport-play=\"True\"><\/div>\n<\/div>\n<\/section>\n<\/article>\n<\/div>\n<\/div>\n<\/div>\n<\/div>\n<div id=\"chunk-c6n8k\">\n<div class=\"content-ads content-ads--reveal\" data-block-type=\"ads\" data-block-id=\"37\">\n<div id=\"banner_materia__1b10c641-881b-45f0-af1c-2b7fd3f7fafd\" class=\"tag-manager-publicidade-container mc-has-reveal mc-has-ad-lazyload tag-manager-publicidade-banner_materia__1b10c641-881b-45f0-af1c-2b7fd3f7fafd tag-manager-publicidade-container--carregado tag-manager-publicidade-container--visivel\" data-id=\"banner_materia__1b10c641-881b-45f0-af1c-2b7fd3f7fafd\" data-google-query-id=\"CKbc7efp1fwCFfOolQIdb5cPlA\">\n<div id=\"google_ads_iframe_\/95377733\/tvg_G1\/Economia_8__container__\">Por fim, Haddad caminha para negociar e <a href=\"https:\/\/g1.globo.com\/politica\/noticia\/2022\/12\/06\/haddad-defende-reforma-tributaria-como-forma-de-dar-longevidade-a-novo-arcabouco-fiscal.ghtml\">votar a reforma tribut\u00e1ria ainda no primeiro semestre<\/a> deste ano. A cria\u00e7\u00e3o de um Imposto sobre Valor Agregado (IVA) pretende estimular investimentos no pa\u00eds, restabelecer a competitividade da ind\u00fastria e melhorar a arrecada\u00e7\u00e3o.<\/div>\n<\/div>\n<\/div>\n<\/div>\n<div class=\"mc-column content-text active-extra-styles\" data-block-type=\"raw\" data-block-weight=\"34\" data-block-id=\"39\">\n<blockquote class=\"content-blockquote theme-border-color-primary-before\"><p>\u201cO cen\u00e1rio base, que est\u00e1 no pre\u00e7o do mercado, \u00e9 um processo de matura\u00e7\u00e3o da reforma tribut\u00e1ria nesses 100 dias, mas para tramitar e aprovar depois do recesso parlamentar\u201d, diz Carla Argenta, da CM.<\/p><\/blockquote>\n<\/div>\n<div id=\"chunk-8piv5\">\n<div class=\"mc-column content-text active-extra-styles \" data-block-type=\"unstyled\" data-block-weight=\"56\" data-block-id=\"40\">\n<p class=\"content-text__container \" data-track-category=\"Link no Texto\" data-track-links=\"\">A economista pondera, contudo, sobre a capacidade do governo de manter o foco em meio \u00e0 cena pol\u00edtica ainda conturbada em Bras\u00edlia. N\u00e3o bastasse o resultado apertado das elei\u00e7\u00f5es, que cria uma animosidade logo no in\u00edcio do governo, a\u00a0<a href=\"https:\/\/g1.globo.com\/economia\/noticia\/2023\/01\/17\/apos-ataques-em-brasilia-proximos-passos-da-agenda-economica-dividem-opinioes-de-analistas.ghtml\">invas\u00e3o terrorista dos pr\u00e9dios dos Tr\u00eas Poderes<\/a>\u00a0mobilizou tempo e esfor\u00e7o da alta c\u00fapula de Lula.<\/p>\n<\/div>\n<\/div>\n<div class=\"mc-column content-text active-extra-styles\" data-block-type=\"raw\" data-block-weight=\"34\" data-block-id=\"41\">\n<blockquote class=\"content-blockquote theme-border-color-primary-before\"><p>\u201cSeria terr\u00edvel que o assunto travasse a pauta do Congresso, sem deixar as casas votarem as propostas. Seria um desgaste pol\u00edtico muito grande e o tempo perdido traria problemas aos indicadores econ\u00f4micos\u201d, diz ela.<\/p><\/blockquote>\n<\/div>\n<div id=\"chunk-clf4c\">\n<div class=\"bs-video-block mc-column  content-media content-video\" data-block-type=\"backstage-video\" data-block-id=\"42\">\n<div class=\"content-media__container\">\n<div class=\"content-video__bigger-player-description-fixer\">\n<article class=\"content-video\">\n<section class=\"content-video__video-container\">\n<div class=\"content-video__video\">\n<div class=\"content-video__placeholder\" data-video-id=\"11290799\" data-video-has-viewport-play=\"True\"><img class=\"content-video__placeholder__thumb\" title=\"Davos: Haddad diz que governo avalia termos para entrar na OCDE\" src=\"https:\/\/s04.video.glbimg.com\/x240\/11290799.jpg\" alt=\"Davos: Haddad diz que governo avalia termos para entrar na OCDE\" \/><\/div>\n<div id=\"wp3-player-5\" class=\"clappr-player\" tabindex=\"9999\" data-player=\"\">\n<div class=\"dfp-ad-overlay dfp-ad-overlay--poster-mode\">\n<div><\/div>\n<\/div>\n<div class=\"media-control media-control-hide h720 w960\">\n<div class=\"media-control-panel\">\n<div class=\"media-control-panel__lower\" data-controls=\"\">\n<div class=\"opposites-container\">\n<div class=\"media-control-position__right\">Davos: Haddad diz que governo avalia termos para entrar na OCDE<\/div>\n<\/div>\n<\/div>\n<\/div>\n<\/div>\n<\/div>\n<\/div>\n<\/section>\n<\/article>\n<\/div>\n<\/div>\n<\/div>\n<\/div>\n<div id=\"chunk-d6q4j\">\n<div class=\"content-ads content-ads--reveal\" data-block-type=\"ads\" data-block-id=\"43\">\n<div id=\"banner_materia__fd951422-f313-4d23-8db0-68449c2e2655\" class=\"tag-manager-publicidade-container mc-has-reveal mc-has-ad-lazyload tag-manager-publicidade-banner_materia__fd951422-f313-4d23-8db0-68449c2e2655 tag-manager-publicidade-container--carregado tag-manager-publicidade-container--visivel\" data-id=\"banner_materia__fd951422-f313-4d23-8db0-68449c2e2655\" data-google-query-id=\"CLz8jOnp1fwCFcONlQIdxcEIsA\">\n<div id=\"google_ads_iframe_\/95377733\/tvg_G1\/Economia_9__container__\">O que vem primeiro?<\/div>\n<\/div>\n<\/div>\n<\/div>\n<div class=\"mc-column content-text active-extra-styles\" data-block-type=\"raw\" data-block-weight=\"4\" data-block-id=\"44\">\n<p>O <a href=\"https:\/\/g1.globo.com\/\"><strong>g1\u00a0<\/strong><\/a>procurou o Minist\u00e9rio da Fazenda para aprofundar o cronograma de medidas, mas a pasta n\u00e3o concedeu entrevista.<\/p>\n<\/div>\n<div id=\"chunk-blu42\">\n<div class=\"mc-column content-text active-extra-styles \" data-block-type=\"unstyled\" data-block-weight=\"37\" data-block-id=\"46\">\n<p class=\"content-text__container \" data-track-category=\"Link no Texto\" data-track-links=\"\">Em viagem a Davos, para participa\u00e7\u00e3o no F\u00f3rum Econ\u00f4mico Mundial, o ministro Fernando Haddad deu as mesmas pistas que repetia no Brasil: diminui\u00e7\u00e3o do d\u00e9ficit, envio de arcabou\u00e7o fiscal at\u00e9 abril e reforma tribut\u00e1ria no primeiro semestre.<\/p>\n<\/div>\n<\/div>\n<div id=\"chunk-e4hde\">\n<div class=\"mc-column content-text active-extra-styles \" data-block-type=\"unstyled\" data-block-weight=\"18\" data-block-id=\"47\">\n<p class=\"content-text__container \" data-track-category=\"Link no Texto\" data-track-links=\"\">Mas tamb\u00e9m afirma que a rela\u00e7\u00e3o com o mercado melhorou nas \u00faltimas semanas com o alinhamento de expectativas.<\/p>\n<\/div>\n<\/div>\n<div id=\"chunk-9thin\">\n<div class=\"mc-column content-text active-extra-styles \" data-block-type=\"unstyled\" data-block-weight=\"35\" data-block-id=\"48\">\n<p class=\"content-text__container \" data-track-category=\"Link no Texto\" data-track-links=\"\">Antes de um jantar com investidores e banqueiros, o ministro afirmou que a agenda proposta \u00e9 uma oportunidade de \u201ctransformar essa heran\u00e7a delicada\u201d deixada pelo governo anterior, mas que procura tamb\u00e9m realizar mudan\u00e7as estruturais.<\/p>\n<\/div>\n<\/div>\n<div class=\"mc-column content-text active-extra-styles\" data-block-type=\"raw\" data-block-weight=\"42\" data-block-id=\"49\">\n<p class=\"content-text__container\">\n<blockquote class=\"content-blockquote theme-border-color-primary-before\"><p>\u201cVamos combinar: o fiscal \u00e9 pressuposto do desenvolvimento, mas n\u00e3o \u00e9 um fim em si mesmo. Voc\u00ea tem que estar com as contas arrumadas, mas para desenvolver o pa\u00eds, voc\u00ea precisa de uma certa pol\u00edtica proativa de mapear as oportunidades\u201d, afirmou Haddad.<\/p><\/blockquote>\n<\/div>\n<div id=\"chunk-36bhj\">\n<div class=\"mc-column content-text active-extra-styles \" data-block-type=\"unstyled\" data-block-weight=\"22\" data-block-id=\"50\">\n<p class=\"content-text__container \" data-track-category=\"Link no Texto\" data-track-links=\"\">Ainda que o plano de aumento de arrecada\u00e7\u00e3o apresentado pela Fazenda seja um primeiro passo em dire\u00e7\u00e3o positiva, os analistas esperam mais.<\/p>\n<\/div>\n<\/div>\n<div id=\"chunk-dgbsv\">\n<div class=\"mc-column content-text active-extra-styles \" data-block-type=\"unstyled\" data-block-weight=\"41\" data-block-id=\"51\">\n<p class=\"content-text__container \" data-track-category=\"Link no Texto\" data-track-links=\"\">Tony Volpon acredita que houve alguma acomoda\u00e7\u00e3o dos planos do governo, e principalmente uma defini\u00e7\u00e3o de m\u00e9todo: Lula montou um contrapeso de economistas ortodoxos por meio do Minist\u00e9rio do Planejamento,\u00a0<a href=\"https:\/\/g1.globo.com\/politica\/noticia\/2023\/01\/05\/simone-tebet-assume-hoje-o-ministerio-do-planejamento.ghtml\">comandado por Simone Tebet<\/a>, e ser\u00e1 a voz final nos encaminhamentos.<\/p>\n<\/div>\n<\/div>\n<div class=\"mc-column content-text active-extra-styles\" data-block-type=\"raw\" data-block-weight=\"40\" data-block-id=\"53\">\n<blockquote class=\"content-blockquote theme-border-color-primary-before\"><p>\u201cCom o passar do tempo foi caindo a ficha: esse \u00e9 um governo que vai gastar mais, vai tributar mais. O equil\u00edbrio \u00e9 infla\u00e7\u00e3o e juro maior, porque esse \u00e9 um contraponto a um impulso fiscal maior\u201d, diz o economista.<\/p><\/blockquote>\n<\/div>\n<\/div>\n<\/article>\n<\/div>\n","protected":false},"excerpt":{"rendered":"<p>Novos governantes costumavam ter um voto de confian\u00e7a de eleitores e tomadores de decis\u00e3o em in\u00edcio de governo, mas contexto global de acirramento pol\u00edtico tem for\u00e7ado os mandat\u00e1rios a \u2018mostrar as cartas\u2019 mais cedo. Por Raphael Martins, g1 Fernando Haddad e Lula durante o primeiro com\u00edcio da campanha da chapa em SP, no Vale do [&hellip;]<\/p>\n","protected":false},"author":2,"featured_media":0,"comment_status":"open","ping_status":"open","sticky":false,"template":"","format":"standard","meta":{"_links_to":"","_links_to_target":""},"categories":[7,9,8,1],"tags":[],"_links":{"self":[{"href":"https:\/\/www.ilheusnoticias.net.br\/v1\/wp-json\/wp\/v2\/posts\/30657"}],"collection":[{"href":"https:\/\/www.ilheusnoticias.net.br\/v1\/wp-json\/wp\/v2\/posts"}],"about":[{"href":"https:\/\/www.ilheusnoticias.net.br\/v1\/wp-json\/wp\/v2\/types\/post"}],"author":[{"embeddable":true,"href":"https:\/\/www.ilheusnoticias.net.br\/v1\/wp-json\/wp\/v2\/users\/2"}],"replies":[{"embeddable":true,"href":"https:\/\/www.ilheusnoticias.net.br\/v1\/wp-json\/wp\/v2\/comments?post=30657"}],"version-history":[{"count":1,"href":"https:\/\/www.ilheusnoticias.net.br\/v1\/wp-json\/wp\/v2\/posts\/30657\/revisions"}],"predecessor-version":[{"id":30658,"href":"https:\/\/www.ilheusnoticias.net.br\/v1\/wp-json\/wp\/v2\/posts\/30657\/revisions\/30658"}],"wp:attachment":[{"href":"https:\/\/www.ilheusnoticias.net.br\/v1\/wp-json\/wp\/v2\/media?parent=30657"}],"wp:term":[{"taxonomy":"category","embeddable":true,"href":"https:\/\/www.ilheusnoticias.net.br\/v1\/wp-json\/wp\/v2\/categories?post=30657"},{"taxonomy":"post_tag","embeddable":true,"href":"https:\/\/www.ilheusnoticias.net.br\/v1\/wp-json\/wp\/v2\/tags?post=30657"}],"curies":[{"name":"wp","href":"https:\/\/api.w.org\/{rel}","templated":true}]}}