{"id":30655,"date":"2023-01-20T06:23:08","date_gmt":"2023-01-20T09:23:08","guid":{"rendered":"https:\/\/www.ilheusnoticias.net.br\/v1\/?p=30655"},"modified":"2023-01-20T06:23:08","modified_gmt":"2023-01-20T09:23:08","slug":"prefeitura-realiza-melhorias-na-rua-maria-luiza-morada-do-porto-e-maramata-confira-cronograma","status":"publish","type":"post","link":"https:\/\/www.ilheusnoticias.net.br\/v1\/2023\/01\/20\/prefeitura-realiza-melhorias-na-rua-maria-luiza-morada-do-porto-e-maramata-confira-cronograma\/","title":{"rendered":"Prefeitura realiza melhorias na Rua Maria Lu\u00edza; Morada do Porto e Maramata; confira cronograma"},"content":{"rendered":"<p class=\"ds_chamada\">O trabalho visa resolver as demandas emergenciais de manuten\u00e7\u00e3o, em atendimento \u00e0 solicita\u00e7\u00e3o dos moradores<\/p>\n<p class=\"dt_materia\">\n<div class=\"imagem thumbnail col-xs-12 col-sm-8 col-md-6 col-lg-6 imagem-materia\"><a class=\"fresco\" title=\"Rua Maria Lu\u00edza\" href=\"https:\/\/portalfacilarquivos.blob.core.windows.net\/uploads\/ILHEUS\/imgOrig\/%7BCCE4BCD7-2DE3-A3A3-268B-1A6A7C2C0ABB%7D.jpg\" data-fresco-caption=\"Rua Maria Lu\u00edza\"><img loading=\"lazy\" title=\"Rua Maria Lu\u00edza\" src=\"https:\/\/portalfacilarquivos.blob.core.windows.net\/uploads\/ILHEUS\/img\/%7BCCE4BCD7-2DE3-A3A3-268B-1A6A7C2C0ABB%7D\/%7BCCE4BCD7-2DE3-A3A3-268B-1A6A7C2C0ABB%7D_650X450.jpg\" alt=\"Rua Maria Lu\u00edza\" width=\"650\" height=\"450\" \/><\/a><\/p>\n<p class=\"bg-primary\">Rua Maria Lu\u00edza<\/p>\n<\/div>\n<p>A Prefeitura de Ilh\u00e9us d\u00e1 continuidade ao pacote de servi\u00e7os em diversos pontos da cidade. O trabalho visa resolver as demandas emergenciais de manuten\u00e7\u00e3o, em atendimento \u00e0 solicita\u00e7\u00e3o dos moradores. Nesta etapa, as equipes se concentram nos bairros Iguape, Esperan\u00e7a, Jardim Atl\u00e2ntico, Teot\u00f4nio Vilela, Pacheco, Conquista, Nelson Costa, Malhado, Barra do Ita\u00edpe, Centro e Pontal.<\/p>\n<p>\u201cS\u00e3o diversas frentes de trabalho para garantir mobilidade, seguran\u00e7a e conforto \u00e0 nossa popula\u00e7\u00e3o. Agrade\u00e7o ao Governo do Estado, que presta um apoio importante, atrav\u00e9s da opera\u00e7\u00e3o tapa-buracos na Zona Norte da cidade. A nossa gest\u00e3o dialoga e escuta a comunidade. Ent\u00e3o, com muita luta, esfor\u00e7o e compromisso a gente consegue atender as demandas do nosso povo\u201d, frisou o prefeito M\u00e1rio Alexandre.<\/p>\n<p>&nbsp;<\/p>\n<div class=\"imagem thumbnail col-xs-12 col-sm-8 col-md-6 col-lg-6 imagem-materia\"><a class=\"fresco\" title=\"Pra\u00e7a Castro Alves\" href=\"https:\/\/portalfacilarquivos.blob.core.windows.net\/uploads\/ILHEUS\/imgOrig\/%7BD55CDDCD-A3E5-AD2D-DBAA-BE743C64ADD6%7D.jpg\" data-fresco-caption=\"Pra\u00e7a Castro Alves\"><img loading=\"lazy\" title=\"Pra\u00e7a Castro Alves\" src=\"https:\/\/portalfacilarquivos.blob.core.windows.net\/uploads\/ILHEUS\/img\/%7BD55CDDCD-A3E5-AD2D-DBAA-BE743C64ADD6%7D\/%7BD55CDDCD-A3E5-AD2D-DBAA-BE743C64ADD6%7D_650X450.jpg\" alt=\"Pra\u00e7a Castro Alves\" width=\"650\" height=\"450\" \/><\/a><\/p>\n<p class=\"bg-primary\">Pra\u00e7a Castro Alves<\/p>\n<\/div>\n<p>&nbsp;<\/p>\n<p><strong>Servi\u00e7os em andamento<\/strong><\/p>\n<p>&#8211; Rua Maria Lu\u00edza (Iguape) &#8211; desobstru\u00e7\u00e3o de rede de drenagem, troca de manilhas e reposi\u00e7\u00e3o de paralelos;<\/p>\n<p>&#8211; Rua Coronel F\u00e9lix (Pontal)- acesso ao Aeroporto Jorge Amado &#8211; reparo com Brita Graduada Simples (BGS);<\/p>\n<p>&#8211; Rua Juca Pinto (Pontal)- acesso ao Aeroporto Jorge Amado &#8211; desobstru\u00e7\u00e3o da rede de drenagem e troca de manilhas;<\/p>\n<p>&#8211; Encosta Dois de Julho (Alto do Amparo &#8211; Malhado) &#8211; retirada de terra, execu\u00e7\u00e3o de talude e perfura\u00e7\u00e3o de buraco para o grampo;<\/p>\n<p>&#8211; Maramata (Pontal) \u2013 reaterro, desobstru\u00e7\u00e3o e compacta\u00e7\u00e3o da rede de drenagem e troca de manilhas;<\/p>\n<p>&nbsp;<\/p>\n<div class=\"imagem thumbnail col-xs-12 col-sm-8 col-md-6 col-lg-6 imagem-materia\"><a class=\"fresco\" title=\"Vila Freitas\" href=\"https:\/\/portalfacilarquivos.blob.core.windows.net\/uploads\/ILHEUS\/imgOrig\/%7BBBDC51DA-55BC-C3CC-B7C4-5B2B0BBD405A%7D.jpg\" data-fresco-caption=\"Vila Freitas\"><img loading=\"lazy\" title=\"Vila Freitas\" src=\"https:\/\/portalfacilarquivos.blob.core.windows.net\/uploads\/ILHEUS\/img\/%7BBBDC51DA-55BC-C3CC-B7C4-5B2B0BBD405A%7D\/%7BBBDC51DA-55BC-C3CC-B7C4-5B2B0BBD405A%7D_650X450.jpg\" alt=\"Vila Freitas\" width=\"650\" height=\"450\" \/><\/a><\/p>\n<p class=\"bg-primary\">Vila Freitas<\/p>\n<\/div>\n<p>&#8211; Morada do Porto &#8211; reassentamento de paralelo;<\/p>\n<p>&#8211; Vila Freitas (Esperan\u00e7a) &#8211; colch\u00e3o de rua e assentamento de paralelo;<\/p>\n<p>&#8211; Pra\u00e7a da Maramata (Pontal) &#8211; execu\u00e7\u00e3o de passeio e assentamento de piso intertravado no estacionamento;<\/p>\n<p>&#8211; Pavimenta\u00e7\u00e3o da Rua Boa Vista (Nelson Costa) \u2013 escava\u00e7\u00e3o, assentamento da tubula\u00e7\u00e3o de drenagem e adequa\u00e7\u00e3o da rede de esgoto e \u00e1gua;<\/p>\n<p>&#8211; Pavimenta\u00e7\u00e3o das ruas do Jardim Atl\u00e2ntico &#8211; \u00a0Rua B (compacta\u00e7\u00e3o de piso sextavado), Rua C (finaliza\u00e7\u00e3o de assentamento de piso sextavado) e Rua D (assentamento de meio-fio);<\/p>\n<p>&nbsp;<\/p>\n<div class=\"imagem thumbnail col-xs-12 col-sm-8 col-md-6 col-lg-6 imagem-materia\"><a class=\"fresco\" title=\"Morada do Porto\" href=\"https:\/\/portalfacilarquivos.blob.core.windows.net\/uploads\/ILHEUS\/imgOrig\/%7B28DCCC84-B2B0-454D-BCBD-B488CCBCDD8E%7D.jpg\" data-fresco-caption=\"Morada do Porto\"><img loading=\"lazy\" title=\"Morada do Porto\" src=\"https:\/\/portalfacilarquivos.blob.core.windows.net\/uploads\/ILHEUS\/img\/%7B28DCCC84-B2B0-454D-BCBD-B488CCBCDD8E%7D\/%7B28DCCC84-B2B0-454D-BCBD-B488CCBCDD8E%7D_650X450.jpg\" alt=\"Morada do Porto\" width=\"650\" height=\"450\" \/><\/a><\/p>\n<p class=\"bg-primary\">Morada do Porto<\/p>\n<\/div>\n<p>&#8211; Requalifica\u00e7\u00e3o da Avenida Vereador Jos\u00e9 Fernandes (Teot\u00f4nio Vilela) \u2013 execu\u00e7\u00e3o de passeio e de meio-fio;<\/p>\n<p>&#8211; Canal do Malhado &#8211; instala\u00e7\u00e3o de estaca prancha, ensacamento para desvio de fluxo do canal e execu\u00e7\u00e3o de bota-fora;<\/p>\n<p>&#8211; Moderniza\u00e7\u00e3o da Pra\u00e7a Misael Tavares &#8211; levante de alvenaria dos quiosques;<\/p>\n<p>&#8211; Moderniza\u00e7\u00e3o da Pra\u00e7a Castro Alves &#8211; assentamento de revestimento, assentamento do tapete de grama, pintura e assentamento do intertravado;<\/p>\n<p>&#8211; Avenida Dois de Julho (Centro) \u2013 reposi\u00e7\u00e3o de caixa e requalifica\u00e7\u00e3o de passeio;<\/p>\n<p>&#8211; Alto do Socorro (Conquista) &#8211; execu\u00e7\u00e3o de aterro do muro de flex\u00e3o, limpeza e regulariza\u00e7\u00e3o de talude;<\/p>\n<p>&nbsp;<\/p>\n<div class=\"imagem thumbnail col-xs-12 col-sm-8 col-md-6 col-lg-6 imagem-materia\"><a class=\"fresco\" title=\"Maramata\" href=\"https:\/\/portalfacilarquivos.blob.core.windows.net\/uploads\/ILHEUS\/imgOrig\/%7B75CA5A85-AECE-ACE6-CCA0-AC5CE2AC6A5E%7D.jpg\" data-fresco-caption=\"Maramata\"><img loading=\"lazy\" src=\"https:\/\/portalfacilarquivos.blob.core.windows.net\/uploads\/ILHEUS\/img\/%7B75CA5A85-AECE-ACE6-CCA0-AC5CE2AC6A5E%7D\/%7B75CA5A85-AECE-ACE6-CCA0-AC5CE2AC6A5E%7D_450X650.jpg\" alt=\"Maramata\" width=\"450\" height=\"650\" \/><\/a>Maramata<\/p>\n<\/div>\n<p>&#8211; Pavimenta\u00e7\u00e3o da Rua Am\u00e9lia Pacheco &#8211; execu\u00e7\u00e3o de pavimenta\u00e7\u00e3o em paralelep\u00edpedo;<\/p>\n<p>&#8211; 6\u00aa Travessa do Nerival (Barra do Ita\u00edpe) &#8211; perfura\u00e7\u00e3o de buraco para o grampo;<\/p>\n<p>&#8211; Rua Santar\u00e9m (Conquista) &#8211; \u00a0execu\u00e7\u00e3o de meio-fio, sarjeta com extrusora, escava\u00e7\u00e3o e execu\u00e7\u00e3o de boca-de-lobo.<\/p>\n","protected":false},"excerpt":{"rendered":"<p>O trabalho visa resolver as demandas emergenciais de manuten\u00e7\u00e3o, em atendimento \u00e0 solicita\u00e7\u00e3o dos moradores Rua Maria Lu\u00edza A Prefeitura de Ilh\u00e9us d\u00e1 continuidade ao pacote de servi\u00e7os em diversos pontos da cidade. O trabalho visa resolver as demandas emergenciais de manuten\u00e7\u00e3o, em atendimento \u00e0 solicita\u00e7\u00e3o dos moradores. Nesta etapa, as equipes se concentram nos [&hellip;]<\/p>\n","protected":false},"author":2,"featured_media":0,"comment_status":"open","ping_status":"open","sticky":false,"template":"","format":"standard","meta":{"_links_to":"","_links_to_target":""},"categories":[7,9,8,1],"tags":[],"_links":{"self":[{"href":"https:\/\/www.ilheusnoticias.net.br\/v1\/wp-json\/wp\/v2\/posts\/30655"}],"collection":[{"href":"https:\/\/www.ilheusnoticias.net.br\/v1\/wp-json\/wp\/v2\/posts"}],"about":[{"href":"https:\/\/www.ilheusnoticias.net.br\/v1\/wp-json\/wp\/v2\/types\/post"}],"author":[{"embeddable":true,"href":"https:\/\/www.ilheusnoticias.net.br\/v1\/wp-json\/wp\/v2\/users\/2"}],"replies":[{"embeddable":true,"href":"https:\/\/www.ilheusnoticias.net.br\/v1\/wp-json\/wp\/v2\/comments?post=30655"}],"version-history":[{"count":1,"href":"https:\/\/www.ilheusnoticias.net.br\/v1\/wp-json\/wp\/v2\/posts\/30655\/revisions"}],"predecessor-version":[{"id":30656,"href":"https:\/\/www.ilheusnoticias.net.br\/v1\/wp-json\/wp\/v2\/posts\/30655\/revisions\/30656"}],"wp:attachment":[{"href":"https:\/\/www.ilheusnoticias.net.br\/v1\/wp-json\/wp\/v2\/media?parent=30655"}],"wp:term":[{"taxonomy":"category","embeddable":true,"href":"https:\/\/www.ilheusnoticias.net.br\/v1\/wp-json\/wp\/v2\/categories?post=30655"},{"taxonomy":"post_tag","embeddable":true,"href":"https:\/\/www.ilheusnoticias.net.br\/v1\/wp-json\/wp\/v2\/tags?post=30655"}],"curies":[{"name":"wp","href":"https:\/\/api.w.org\/{rel}","templated":true}]}}