{"id":30647,"date":"2023-01-19T06:42:26","date_gmt":"2023-01-19T09:42:26","guid":{"rendered":"https:\/\/www.ilheusnoticias.net.br\/v1\/?p=30647"},"modified":"2023-01-19T06:42:26","modified_gmt":"2023-01-19T09:42:26","slug":"mae-acusada-de-matar-seu-filho-rafael-de-apenas-11-anos-e-condenado-a-30-anos-de-cadeia","status":"publish","type":"post","link":"https:\/\/www.ilheusnoticias.net.br\/v1\/2023\/01\/19\/mae-acusada-de-matar-seu-filho-rafael-de-apenas-11-anos-e-condenado-a-30-anos-de-cadeia\/","title":{"rendered":"M\u00e3e acusada de matar seu  filho Rafael, de apenas 11 anos,  \u00e9 condenado a 30 anos de cadeia"},"content":{"rendered":"<div class=\"row content-head non-featured \">\n<div class=\"title\" data-block-type=\"title\" data-block-id=\"0\">\n<h1 class=\"content-head__title\"><span style=\"font-size: 16px;\">M\u00e3e do menino dever\u00e1 cumprir mais de 30 anos de pris\u00e3o em regime inicial fechado. Rafael Mateus Winques, de 11 anos, foi encontrado morto em maio de 2020.<\/span><\/h1>\n<\/div>\n<\/div>\n<div class=\"content__signa-share\">\n<div class=\"content__signature\">\n<div class=\"content-publication-data\">\n<div class=\"content-publication-data__text\">\n<p class=\"content-publication-data__from\" title=\"Reda\u00e7\u00e3o, RBS TV Passo Fundo e g1 RS\">Por Reda\u00e7\u00e3o, RBS TV Passo Fundo e g1 RS<\/p>\n<p class=\"content-publication-data__updated\"><img class=\"content-video__placeholder__thumb\" title=\"Caso Rafael: veja leitura da senten\u00e7a contra Alexandra Dougokenski\" src=\"https:\/\/s01.video.glbimg.com\/x240\/11292476.jpg\" alt=\"Caso Rafael: veja leitura da senten\u00e7a contra Alexandra Dougokenski\" \/><\/p>\n<\/div>\n<\/div>\n<\/div>\n<\/div>\n<div class=\"mc-article-body\">\n<article>\n<div id=\"chunk-2n4ok\">\n<div class=\"bs-video-block mc-column  content-media content-video\" data-block-type=\"backstage-video\" data-block-id=\"1\">\n<div class=\"content-media__container\">\n<div class=\"content-video__bigger-player-description-fixer\">\n<article class=\"content-video\">\n<section class=\"content-video__video-container\">\n<div class=\"content-video__video\">\n<div id=\"wp3-player-1\" class=\"clappr-player\" tabindex=\"9999\" data-player=\"\">\n<div class=\"media-control media-control-hide h720 w960\">\n<div class=\"media-control-panel\">\n<div class=\"media-control-panel__lower\" data-controls=\"\">\n<div class=\"opposites-container\">\n<div class=\"media-control-position__right\">Caso Rafael: veja leitura da senten\u00e7a contra Alexandra Dougokensk<\/div>\n<\/div>\n<\/div>\n<\/div>\n<\/div>\n<\/div>\n<\/div>\n<\/section>\n<\/article>\n<\/div>\n<\/div>\n<\/div>\n<\/div>\n<div id=\"chunk-26v7l\">\n<div class=\"mc-column content-text active-extra-styles \" data-block-type=\"unstyled\" data-block-weight=\"53\" data-block-id=\"3\">\n<p class=\"content-text__container \" data-track-category=\"Link no Texto\" data-track-links=\"\">A\u00a0<strong>mulher acusada de matar o pr\u00f3prio filho<\/strong>\u00a0em\u00a0<a href=\"https:\/\/g1.globo.com\/rs\/rio-grande-do-sul\/cidade\/planalto-rs\/\">Planalto<\/a>, no Norte do Rio Grande do Sul, em maio de 2020, foi\u00a0<span class=\"highlight highlighted\">condenada a 30 anos e dois meses de pris\u00e3o<\/span>\u00a0pelo crime nesta quarta-feira (18).\u00a0<strong>Alexandra Salete Dougokenski<\/strong>\u00a0respondia pela morte de\u00a0<strong>Rafael Mateus Winques, de 11 anos<\/strong>.\u00a0<em>Entenda o caso abaixo<\/em>.<\/p>\n<\/div>\n<\/div>\n<div class=\"wall protected-content\">\n<div id=\"chunk-ce4ga\">\n<div class=\"mc-column content-text active-extra-styles \" data-block-type=\"unstyled\" data-block-weight=\"30\" data-block-id=\"4\">\n<p class=\"content-text__container \" data-track-category=\"Link no Texto\" data-track-links=\"\">Alexandra dever\u00e1 iniciar o cumprimento da pena em\u00a0<strong>regime fechado<\/strong>, mantida sob pris\u00e3o preventiva. Al\u00e9m disso, ela tamb\u00e9m foi\u00a0<span class=\"highlight highlighted\">condenada a cumprir mais seis meses de deten\u00e7\u00e3o e 30 dias-multa<\/span>.<\/p>\n<\/div>\n<\/div>\n<div id=\"chunk-5bss7\">\n<div class=\"mc-column content-text active-extra-styles \" data-block-type=\"unstyled\" data-block-weight=\"31\" data-block-id=\"5\">\n<p class=\"content-text__container \" data-track-category=\"Link no Texto\" data-track-links=\"\">Os jurados consideraram a r\u00e9 culpada pelos crimes de\u00a0<strong>homic\u00eddio qualificado<\/strong>\u00a0(motivo torpe, motivo f\u00fatil, asfixia, dissimula\u00e7\u00e3o e recurso que dificultou a defesa),\u00a0<strong>oculta\u00e7\u00e3o de cad\u00e1ver<\/strong>,\u00a0<strong>falsidade ideol\u00f3gica<\/strong>\u00a0e\u00a0<strong>fraude processual<\/strong>.<\/p>\n<\/div>\n<\/div>\n<div class=\"mc-column content-text active-extra-styles\" data-block-type=\"raw\" data-block-weight=\"10\" data-block-id=\"7\">\n<p>Segundo o advogado de Alexandra, Jean Severo, a defesa deve recorrer da condena\u00e7\u00e3o e pedir a anula\u00e7\u00e3o do j\u00fari.<\/p>\n<\/div>\n<div id=\"chunk-dtqf8\">\n<div class=\"mc-column content-text active-extra-styles \" data-block-type=\"unstyled\" data-block-weight=\"16\" data-block-id=\"9\">\n<p class=\"content-text__container \" data-track-category=\"Link no Texto\" data-track-links=\"\">Do lado de fora, integrantes da promotoria, respons\u00e1vel pela acusa\u00e7\u00e3o, foram recebidos com festa por populares.<\/p>\n<\/div>\n<\/div>\n<div id=\"chunk-c1e39\">\n<div class=\"row medium-uncollapsed content-media content-photo\" data-block-type=\"backstage-photo\" data-block-id=\"10\">\n<div class=\"mc-column content-media__container\">\n<div class=\"content-media-container glb-skeleton-box\">\n<figure class=\"content-media-figure\"><img class=\"i-amphtml-fill-content i-amphtml-replaced-content\" src=\"https:\/\/s2.glbimg.com\/A5nMQrYFXdqV5rsgrVhcv4xpaFk=\/0x0:2048x1365\/984x0\/smart\/filters:strip_icc()\/i.s3.glbimg.com\/v1\/AUTH_59edd422c0c84a879bd37670ae4f538a\/internal_photos\/bs\/2023\/W\/8\/UyYiVQQH2BtA8sFFqQnA\/52635426126-56d3dd3d15-k.jpg\" sizes=\"(max-width: 1366px) 648px, 100vw\" srcset=\"https:\/\/s2.glbimg.com\/HykOVMRS98Y0wdzDSz2_OQtzgwQ=\/0x0:2048x1365\/1000x0\/smart\/filters:strip_icc()\/i.s3.glbimg.com\/v1\/AUTH_59edd422c0c84a879bd37670ae4f538a\/internal_photos\/bs\/2023\/W\/8\/UyYiVQQH2BtA8sFFqQnA\/52635426126-56d3dd3d15-k.jpg 1000w, https:\/\/s2.glbimg.com\/A5nMQrYFXdqV5rsgrVhcv4xpaFk=\/0x0:2048x1365\/984x0\/smart\/filters:strip_icc()\/i.s3.glbimg.com\/v1\/AUTH_59edd422c0c84a879bd37670ae4f538a\/internal_photos\/bs\/2023\/W\/8\/UyYiVQQH2BtA8sFFqQnA\/52635426126-56d3dd3d15-k.jpg 984w, https:\/\/s2.glbimg.com\/VBAOjNqZBGMz2KZ4rrxJHyEQ1hg=\/0x0:2048x1365\/640x0\/smart\/filters:strip_icc()\/i.s3.glbimg.com\/v1\/AUTH_59edd422c0c84a879bd37670ae4f538a\/internal_photos\/bs\/2023\/W\/8\/UyYiVQQH2BtA8sFFqQnA\/52635426126-56d3dd3d15-k.jpg 640w, https:\/\/s2.glbimg.com\/yxI14QKGMyQQaVvh8C5cPSAedZs=\/0x0:2048x1365\/600x0\/smart\/filters:strip_icc()\/i.s3.glbimg.com\/v1\/AUTH_59edd422c0c84a879bd37670ae4f538a\/internal_photos\/bs\/2023\/W\/8\/UyYiVQQH2BtA8sFFqQnA\/52635426126-56d3dd3d15-k.jpg 600w\" alt=\"Alexandra \u00e9 amparada pelo advogado durante j\u00fari em Planalto \u2014 Foto: Juliano Verardi\/TJRS\" \/><\/figure>\n<\/div>\n<p class=\"content-media__description \">Alexandra \u00e9 amparada pelo advogado durante j\u00fari em Planalto \u2014 Foto: Juliano Verardi\/TJRS<\/p>\n<\/div>\n<\/div>\n<\/div>\n<div class=\"mc-column content-text active-extra-styles\" data-block-type=\"raw\" data-block-weight=\"4\" data-block-id=\"11\">\n<p class=\"content-text__container\">\n<div class=\"content-intertitle\">\n<h2>Tr\u00eas dias de j\u00fari<\/h2>\n<\/div>\n<p>&nbsp;<\/p>\n<\/div>\n<div id=\"chunk-bk9cc\">\n<div class=\"mc-column content-text active-extra-styles \" data-block-type=\"unstyled\" data-block-weight=\"52\" data-block-id=\"12\">\n<p class=\"content-text__container \" data-track-category=\"Link no Texto\" data-track-links=\"\">Na segunda-feira (16),\u00a0<a href=\"https:\/\/g1.globo.com\/rs\/rio-grande-do-sul\/noticia\/2023\/01\/16\/caso-rafael-primeiro-dia-de-juri-depoimentos.ghtml\">primeiro dia do julgamento<\/a>, depuseram uma ex-professora de Rafael e dois delegados que participaram da investiga\u00e7\u00e3o. Na ter\u00e7a (17),\u00a0<a href=\"https:\/\/g1.globo.com\/rs\/rio-grande-do-sul\/noticia\/2023\/01\/17\/caso-rafael-filho-pede-absolvicao-de-mae-por-morte-do-irmao-pai-de-vitima-tambem-foi-ouvido.ghtml\">os jurados ouviram familiares da v\u00edtima e da r\u00e9<\/a>, como o irm\u00e3o de Rafael e filho de Alexandra, o pai do menino, al\u00e9m do irm\u00e3o e a m\u00e3e da acusada.<\/p>\n<\/div>\n<\/div>\n<div class=\"mc-column content-text active-extra-styles\" data-block-type=\"raw\" data-block-weight=\"7\" data-block-id=\"14\">\n<p>&nbsp;<\/p>\n<\/div>\n<div id=\"chunk-3moti\">\n<div class=\"row medium-uncollapsed content-media content-photo\" data-block-type=\"backstage-photo\" data-block-id=\"15\">\n<div class=\"mc-column content-media__container\">\n<div class=\"content-media-container glb-skeleton-box\">\n<figure class=\"content-media-figure\"><img class=\"i-amphtml-fill-content i-amphtml-replaced-content\" src=\"https:\/\/s2.glbimg.com\/Blcj24WtJgkSKFNv7X3dWlxKZd4=\/0x0:850x532\/984x0\/smart\/filters:strip_icc()\/i.s3.glbimg.com\/v1\/AUTH_59edd422c0c84a879bd37670ae4f538a\/internal_photos\/bs\/2020\/u\/2\/rhKA16TVyAToNNnQRQQg\/maeefilho.png\" sizes=\"(max-width: 1366px) 648px, 100vw\" srcset=\"https:\/\/s2.glbimg.com\/9zVGNgtCTb_uuuV-wIgNaTiZj94=\/0x0:850x532\/1000x0\/smart\/filters:strip_icc()\/i.s3.glbimg.com\/v1\/AUTH_59edd422c0c84a879bd37670ae4f538a\/internal_photos\/bs\/2020\/u\/2\/rhKA16TVyAToNNnQRQQg\/maeefilho.png 1000w, https:\/\/s2.glbimg.com\/Blcj24WtJgkSKFNv7X3dWlxKZd4=\/0x0:850x532\/984x0\/smart\/filters:strip_icc()\/i.s3.glbimg.com\/v1\/AUTH_59edd422c0c84a879bd37670ae4f538a\/internal_photos\/bs\/2020\/u\/2\/rhKA16TVyAToNNnQRQQg\/maeefilho.png 984w, https:\/\/s2.glbimg.com\/60RSCiQwUsD5ISdtiWGNCf2z8yY=\/0x0:850x532\/640x0\/smart\/filters:strip_icc()\/i.s3.glbimg.com\/v1\/AUTH_59edd422c0c84a879bd37670ae4f538a\/internal_photos\/bs\/2020\/u\/2\/rhKA16TVyAToNNnQRQQg\/maeefilho.png 640w, https:\/\/s2.glbimg.com\/s6BLr4OD6dgb-5KjdnU2v6bMqIA=\/0x0:850x532\/600x0\/smart\/filters:strip_icc()\/i.s3.glbimg.com\/v1\/AUTH_59edd422c0c84a879bd37670ae4f538a\/internal_photos\/bs\/2020\/u\/2\/rhKA16TVyAToNNnQRQQg\/maeefilho.png 600w\" alt=\"Rafael Mateus Winques est\u00e1 desaparecido desde sexta-feira  \u2014 Foto: Divulga\u00e7\u00e3o\/Pol\u00edcia Civil\" \/><\/figure>\n<\/div>\n<p class=\"content-media__description \">Rafael Mateus Winques est\u00e1 desaparecido desde sexta-feira \u2014 Foto: Divulga\u00e7\u00e3o\/Pol\u00edcia Civil<\/p>\n<\/div>\n<\/div>\n<\/div>\n<div id=\"chunk-3vn33\">\n<div class=\"mc-column content-text active-extra-styles \" data-block-type=\"unstyled\" data-block-weight=\"32\" data-block-id=\"16\">\n<p class=\"content-text__container \" data-track-category=\"Link no Texto\" data-track-links=\"\">No terceiro dia de j\u00fari,\u00a0<a href=\"https:\/\/g1.globo.com\/rs\/rio-grande-do-sul\/noticia\/2023\/01\/18\/alexandra-acusa-ex-por-morte-do-filho-e-relata-ameaca-em-juri-do-caso-rafael.ghtml\">houve interrogat\u00f3rio da r\u00e9 Alexandra Dougokenski<\/a>. Ela responsabilizou o ex-companheiro Rodrigo Winques pela morte do filho. Tanto Rodrigo quanto sua defesa\u00a0<a href=\"https:\/\/g1.globo.com\/rs\/rio-grande-do-sul\/noticia\/2023\/01\/18\/caso-rafael-entenda-o-juri-da-mae-acusada-de-matar-o-filho-em-planalto.ghtml#rodrigo\">negam a vers\u00e3o apresentada pela r\u00e9<\/a>.<\/p>\n<\/div>\n<\/div>\n<div id=\"chunk-flbvd\">\n<div class=\"mc-column content-text active-extra-styles \" data-block-type=\"unstyled\" data-block-weight=\"21\" data-block-id=\"17\">\n<p class=\"content-text__container \" data-track-category=\"Link no Texto\" data-track-links=\"\">&#8220;Me disse a todo momento que, se eu contasse alguma coisa, ele ia voltar e matar toda a minha fam\u00edlia&#8221;, afirmou.<\/p>\n<\/div>\n<\/div>\n<div id=\"chunk-bvejd\">\n<div class=\"bs-video-block mc-column  content-media content-video\" data-block-type=\"backstage-video\" data-block-id=\"18\">\n<div class=\"content-media__container\">\n<div class=\"content-video__bigger-player-description-fixer\">\n<article class=\"content-video\">\n<section class=\"content-video__video-container\">\n<div class=\"content-video__video\">\n<div class=\"content-video__placeholder\" data-video-id=\"11289680\" data-video-has-viewport-play=\"True\"><img class=\"content-video__placeholder__thumb\" title=\"V\u00cdDEO: m\u00e3e de Rafael Winques fala sobre dia da morte da crian\u00e7a\" src=\"https:\/\/s01.video.glbimg.com\/x240\/11289680.jpg\" alt=\"V\u00cdDEO: m\u00e3e de Rafael Winques fala sobre dia da morte da crian\u00e7a\" \/><\/div>\n<div id=\"wp3-player-2\" class=\"clappr-player\" tabindex=\"9999\" data-player=\"\">\n<div class=\"dfp-ad-overlay dfp-ad-overlay--poster-mode\">\n<div><\/div>\n<\/div>\n<\/div>\n<\/div>\n<\/section>\n<\/article>\n<\/div>\n<\/div>\n<\/div>\n<\/div>\n<div id=\"chunk-als6q\">\n<div class=\"mc-column content-text active-extra-styles \" data-block-type=\"unstyled\" data-block-weight=\"41\" data-block-id=\"20\">\n<p class=\"content-text__container \" data-track-category=\"Link no Texto\" data-track-links=\"\">Ap\u00f3s essa etapa, os jurados assistiram ao debate entre acusa\u00e7\u00e3o e defesa, antes de se reunirem para definir a senten\u00e7a de Alexandra. &#8220;M\u00e3e nenhuma colocaria o corpo do pr\u00f3prio filho no lixo, na casa do lado&#8221;, afirmou o promotor Diogo Taborda.<\/p>\n<\/div>\n<\/div>\n<div id=\"chunk-8o2i9\">\n<div class=\"mc-column content-text active-extra-styles \" data-block-type=\"unstyled\" data-block-weight=\"54\" data-block-id=\"21\">\n<p class=\"content-text__container \" data-track-category=\"Link no Texto\" data-track-links=\"\">A defesa sustentou que o pai de Rafael seria respons\u00e1vel pelo crime, sugerindo que ele havia mentido sobre sua localiza\u00e7\u00e3o no dia da morte do menino. &#8220;A absolvi\u00e7\u00e3o da Alexandra \u00e9 uma oportunidade de reconstruir a vida do filho. Voc\u00eas v\u00e3o estar absolvendo duas pessoas: ela e esse menino&#8221;, disse o advogado Jean Severo.<\/p>\n<\/div>\n<\/div>\n<div id=\"chunk-1jsbp\">\n<div class=\"mc-column content-text active-extra-styles \" data-block-type=\"unstyled\" data-block-weight=\"16\" data-block-id=\"22\">\n<p class=\"content-text__container \" data-track-category=\"Link no Texto\" data-track-links=\"\">Do lado de fora do f\u00f3rum, manifestantes pediram &#8220;justi\u00e7a&#8221; no caso e &#8220;pena m\u00e1xima&#8221; para Alexandra.<\/p>\n<\/div>\n<\/div>\n<div id=\"chunk-cu7ef\">\n<div class=\"row medium-uncollapsed content-media content-photo\" data-block-type=\"backstage-photo\" data-block-id=\"23\">\n<div class=\"mc-column content-media__container\">\n<div class=\"content-media-container glb-skeleton-box\">\n<figure class=\"content-media-figure\"><img class=\"i-amphtml-fill-content i-amphtml-replaced-content\" src=\"https:\/\/s2.glbimg.com\/H90Rtm2xeZmPoq9UVYjFao80gl0=\/0x0:2048x1365\/984x0\/smart\/filters:strip_icc()\/i.s3.glbimg.com\/v1\/AUTH_59edd422c0c84a879bd37670ae4f538a\/internal_photos\/bs\/2023\/J\/P\/wSJBQBT4SURVFfxC1ujw\/52635948165-ce214c9413-k.jpg\" sizes=\"(max-width: 1366px) 648px, 100vw\" srcset=\"https:\/\/s2.glbimg.com\/71j3VGqO7GzWcE3tlkyqlZa_6tQ=\/0x0:2048x1365\/1000x0\/smart\/filters:strip_icc()\/i.s3.glbimg.com\/v1\/AUTH_59edd422c0c84a879bd37670ae4f538a\/internal_photos\/bs\/2023\/J\/P\/wSJBQBT4SURVFfxC1ujw\/52635948165-ce214c9413-k.jpg 1000w, https:\/\/s2.glbimg.com\/H90Rtm2xeZmPoq9UVYjFao80gl0=\/0x0:2048x1365\/984x0\/smart\/filters:strip_icc()\/i.s3.glbimg.com\/v1\/AUTH_59edd422c0c84a879bd37670ae4f538a\/internal_photos\/bs\/2023\/J\/P\/wSJBQBT4SURVFfxC1ujw\/52635948165-ce214c9413-k.jpg 984w, https:\/\/s2.glbimg.com\/HJoga3S-lWEiAwDgbFLBtPo3Tmg=\/0x0:2048x1365\/640x0\/smart\/filters:strip_icc()\/i.s3.glbimg.com\/v1\/AUTH_59edd422c0c84a879bd37670ae4f538a\/internal_photos\/bs\/2023\/J\/P\/wSJBQBT4SURVFfxC1ujw\/52635948165-ce214c9413-k.jpg 640w, https:\/\/s2.glbimg.com\/LBiVMyLVQXHcaGOZtmVwzVwccuc=\/0x0:2048x1365\/600x0\/smart\/filters:strip_icc()\/i.s3.glbimg.com\/v1\/AUTH_59edd422c0c84a879bd37670ae4f538a\/internal_photos\/bs\/2023\/J\/P\/wSJBQBT4SURVFfxC1ujw\/52635948165-ce214c9413-k.jpg 600w\" alt=\"Manifesta\u00e7\u00e3o de populares no lado de fora do f\u00f3rum de Planalto \u2014 Foto: Juliano Verardi\/TJRS\" \/><\/figure>\n<\/div>\n<p class=\"content-media__description \">Manifesta\u00e7\u00e3o de populares no lado de fora do f\u00f3rum de Planalto \u2014 Foto: Juliano Verardi\/TJRS<\/p>\n<\/div>\n<\/div>\n<\/div>\n<div class=\"mc-column content-text active-extra-styles\" data-block-type=\"raw\" data-block-weight=\"2\" data-block-id=\"25\">\n<div class=\"content-intertitle\">\n<h2>Nova investiga\u00e7\u00e3o<\/h2>\n<\/div>\n<p>A Justi\u00e7a de <a href=\"https:\/\/g1.globo.com\/rs\/rio-grande-do-sul\/cidade\/farroupilha\/\">Farroupilha<\/a>, na Serra,\u00a0<a href=\"https:\/\/g1.globo.com\/rs\/rio-grande-do-sul\/noticia\/2023\/01\/18\/justica-determina-nova-investigacao-sobre-morte-de-ex-marido-de-alexandra-dougokenski.ghtml\">determinou que a Pol\u00edcia Civil realize novas investiga\u00e7\u00f5es sobre a morte de Jos\u00e9 Dougokenski<\/a>, ex-companheiro de Alexandra. Ele foi encontrado morto em 2007, num caso inicialmente conclu\u00eddo como suic\u00eddio. A fam\u00edlia suspeita que ele tenha sido morto e por isso o caso foi reaberto.<\/p>\n<\/div>\n<div id=\"chunk-4ab6p\">\n<div class=\"mc-column content-text active-extra-styles \" data-block-type=\"unstyled\" data-block-weight=\"63\" data-block-id=\"27\">\n<p class=\"content-text__container \" data-track-category=\"Link no Texto\" data-track-links=\"\">O juiz Enzo Carlo de Gesu determinou que a pol\u00edcia v\u00e1 at\u00e9 a casa da v\u00edtima, em Linha Julieta, interior de Farroupilha, para ver se ela ainda existe e para que l\u00e1 possa ser feita a reconstitui\u00e7\u00e3o do caso. Por fim, o juiz solicitou o registro de liga\u00e7\u00f5es \u00e0 Brigada Militar no dia 5 de fevereiro de 2007, quando Jos\u00e9 foi encontrado morto.<\/p>\n<\/div>\n<\/div>\n<div id=\"chunk-1g6bv\">\n<div class=\"row medium-uncollapsed content-media content-photo\" data-block-type=\"backstage-photo\" data-block-id=\"28\">\n<div class=\"mc-column content-media__container\">\n<div class=\"content-media-container glb-skeleton-box\">\n<figure class=\"content-media-figure\"><img class=\"i-amphtml-fill-content i-amphtml-replaced-content\" src=\"https:\/\/s2.glbimg.com\/q0H6R-qBR6vlyUgUmFSmsXYhK70=\/0x0:842x637\/984x0\/smart\/filters:strip_icc()\/i.s3.glbimg.com\/v1\/AUTH_59edd422c0c84a879bd37670ae4f538a\/internal_photos\/bs\/2020\/K\/G\/n2PQ1eRUSo9EIclsRNJw\/whatsapp-image-2020-10-06-at-13.51.59.jpeg\" sizes=\"(max-width: 1366px) 648px, 100vw\" srcset=\"https:\/\/s2.glbimg.com\/OITnn4MdvoulBcKl_Qag2UwYz1Y=\/0x0:842x637\/1000x0\/smart\/filters:strip_icc()\/i.s3.glbimg.com\/v1\/AUTH_59edd422c0c84a879bd37670ae4f538a\/internal_photos\/bs\/2020\/K\/G\/n2PQ1eRUSo9EIclsRNJw\/whatsapp-image-2020-10-06-at-13.51.59.jpeg 1000w, https:\/\/s2.glbimg.com\/q0H6R-qBR6vlyUgUmFSmsXYhK70=\/0x0:842x637\/984x0\/smart\/filters:strip_icc()\/i.s3.glbimg.com\/v1\/AUTH_59edd422c0c84a879bd37670ae4f538a\/internal_photos\/bs\/2020\/K\/G\/n2PQ1eRUSo9EIclsRNJw\/whatsapp-image-2020-10-06-at-13.51.59.jpeg 984w, https:\/\/s2.glbimg.com\/VhGr_qM0ylZmd_UP8vyXEmpmL7s=\/0x0:842x637\/640x0\/smart\/filters:strip_icc()\/i.s3.glbimg.com\/v1\/AUTH_59edd422c0c84a879bd37670ae4f538a\/internal_photos\/bs\/2020\/K\/G\/n2PQ1eRUSo9EIclsRNJw\/whatsapp-image-2020-10-06-at-13.51.59.jpeg 640w, https:\/\/s2.glbimg.com\/eo9iN6_Bj0SD36Deq6jHaQu8qg4=\/0x0:842x637\/600x0\/smart\/filters:strip_icc()\/i.s3.glbimg.com\/v1\/AUTH_59edd422c0c84a879bd37670ae4f538a\/internal_photos\/bs\/2020\/K\/G\/n2PQ1eRUSo9EIclsRNJw\/whatsapp-image-2020-10-06-at-13.51.59.jpeg 600w\" alt=\"Jos\u00e9 \u00e9 o primeiro marido de Alexandra Dougokenski, e morreu na casa do casal, em Farroupilha, em 2007 \u2014 Foto: Arquivo pessoal \" \/><\/figure>\n<\/div>\n<p class=\"content-media__description \">Jos\u00e9 \u00e9 o primeiro marido de Alexandra Dougokenski, e morreu na casa do casal, em Farroupilha, em 2007 \u2014 Foto: Arquivo pessoa<\/p>\n<\/div>\n<\/div>\n<\/div>\n<div class=\"mc-column content-text active-extra-styles\" data-block-type=\"raw\" data-block-weight=\"2\" data-block-id=\"30\">\n<div class=\"content-intertitle\">\n<h2>J\u00fari cancelado<\/h2>\n<\/div>\n<p>&nbsp;<\/p>\n<\/div>\n<div id=\"chunk-8cf55\">\n<div class=\"mc-column content-text active-extra-styles \" data-block-type=\"unstyled\" data-block-weight=\"65\" data-block-id=\"31\">\n<p class=\"content-text__container \" data-track-category=\"Link no Texto\" data-track-links=\"\">O julgamento havia come\u00e7ado em mar\u00e7o de 2022,\u00a0<a href=\"https:\/\/g1.globo.com\/rs\/rio-grande-do-sul\/noticia\/2022\/03\/21\/caso-rafael-comeca-julgamento-da-mae-acusada-de-matar-o-filho-de-11-anos-no-rs.ghtml\">mas foi encerrado cerca de 11 minutos depois<\/a>, devido a um desentendimento entre a defesa e a acusa\u00e7\u00e3o. Os defensores da r\u00e9 levantaram quest\u00e3o de ordem, mencionando a exist\u00eancia de um suposto \u00e1udio que foi encontrado no telefone do pai de Rafael, Rodrigo Winques, enviado \u00e0s 23h55 do dia 15 de maio, ou seja, depois do crime.<\/p>\n<\/div>\n<\/div>\n<div id=\"chunk-cptiq\">\n<div class=\"bs-video-block mc-column  content-media content-video\" data-block-type=\"backstage-video\" data-block-id=\"32\">\n<div class=\"content-media__container\">\n<div class=\"content-video__bigger-player-description-fixer\">\n<article class=\"content-video\">\n<section class=\"content-video__video-container\">\n<div class=\"content-video__video\">\n<div class=\"content-video__placeholder\" data-video-id=\"10408572\" data-video-has-viewport-play=\"True\"><img class=\"content-video__placeholder__thumb\" title=\"Caso Rafael: 1\u00ba sess\u00e3o de j\u00fari tem discuss\u00e3o e \u00e9 encerrada ap\u00f3s 11 minutos no RS\" src=\"https:\/\/s01.video.glbimg.com\/x240\/10408572.jpg\" alt=\"Caso Rafael: 1\u00ba sess\u00e3o de j\u00fari tem discuss\u00e3o e \u00e9 encerrada ap\u00f3s 11 minutos no RS\" \/><\/div>\n<\/div>\n<\/section>\n<\/article>\n<\/div>\n<\/div>\n<\/div>\n<\/div>\n<div id=\"chunk-9vami\">\n<div class=\"mc-column content-text active-extra-styles \" data-block-type=\"unstyled\" data-block-weight=\"56\" data-block-id=\"34\">\n<p class=\"content-text__container \" data-track-category=\"Link no Texto\" data-track-links=\"\">Rafael\u00a0<a href=\"https:\/\/g1.globo.com\/rs\/rio-grande-do-sul\/noticia\/2020\/05\/20\/policia-faz-buscas-por-menino-de-11-anos-desaparecido-em-planalto.ghtml\">desapareceu no dia 15 de maio de 2020<\/a>. A m\u00e3e dizia ter deixado a crian\u00e7a no quarto para dormir e quando acordou, no dia seguinte, ele n\u00e3o estava mais no local. Conforme o relato da m\u00e3e \u00e0 pol\u00edcia, a cama estava desarrumada e a porta da casa encostada. O local n\u00e3o tinha sinais de arrombamento.<\/p>\n<\/div>\n<\/div>\n<div id=\"chunk-bk3t4\">\n<div class=\"mc-column content-text active-extra-styles \" data-block-type=\"unstyled\" data-block-weight=\"48\" data-block-id=\"36\">\n<p class=\"content-text__container \" data-track-category=\"Link no Texto\" data-track-links=\"\">A m\u00e3e de Rafael, at\u00e9 ent\u00e3o considerado desaparecido,\u00a0<a href=\"https:\/\/g1.globo.com\/rs\/rio-grande-do-sul\/noticia\/2020\/05\/25\/so-queremos-ele-de-volta-diz-mae-de-menino-que-desapareceu-ha-10-dias-em-planalto-investigacao-segue-sem-pistas.ghtml\">deu uma entrevista pedindo ajuda para encontrar o filho<\/a>. &#8220;A gente quer uma luz, uma noticiazinha que, sabe, que diga &#8216;a gente viu esse menino em tal lugar'&#8221;, disse Alexandra. Na \u00e9poca, a pol\u00edcia n\u00e3o descartava nenhuma linha de investiga\u00e7\u00e3o.<\/p>\n<\/div>\n<\/div>\n<div id=\"chunk-anrb1\">\n<div class=\"mc-column content-text active-extra-styles \" data-block-type=\"unstyled\" data-block-weight=\"41\" data-block-id=\"37\">\n<p class=\"content-text__container \" data-track-category=\"Link no Texto\" data-track-links=\"\">A Pol\u00edcia Civil\u00a0<a href=\"https:\/\/g1.globo.com\/rs\/rio-grande-do-sul\/noticia\/2020\/05\/25\/encontrado-corpo-de-menino-desaparecido-ha-10-dias-em-planalto-diz-policia.ghtml\">encontrou o corpo de Rafael no dia 25 de maio<\/a>, por volta das 17h30. Alexandra Dougokenki confessou o crime, dizendo que teria dado um medicamento para o filho, considerado por ela um menino nervoso. A suspeita foi presa.<\/p>\n<\/div>\n<\/div>\n<div id=\"chunk-1ro3d\">\n<div class=\"mc-column content-text active-extra-styles \" data-block-type=\"unstyled\" data-block-weight=\"26\" data-block-id=\"38\">\n<p class=\"content-text__container \" data-track-category=\"Link no Texto\" data-track-links=\"\">Alexandra foi\u00a0<a href=\"https:\/\/g1.globo.com\/rs\/rio-grande-do-sul\/noticia\/2020\/07\/10\/ministerio-publico-do-rs-denuncia-mae-que-confessou-ter-matado-filho-em-planalto-por-quatro-crimes.ghtml\">denunciada pelo MP em junho daquele ano<\/a>. Em dezembro de 2020,\u00a0<a href=\"https:\/\/g1.globo.com\/rs\/rio-grande-do-sul\/noticia\/2020\/12\/18\/alexandra-dougokenski-depoe-no-ultimo-dia-de-audiencias-sobre-a-morte-do-filho-em-planalto.ghtml\">ela mudou sua vers\u00e3o<\/a>, passando a\u00a0<a href=\"https:\/\/g1.globo.com\/rs\/rio-grande-do-sul\/noticia\/2020\/12\/18\/alexandra-dougokenski-muda-versao-e-nega-ter-matado-filho-durante-audiencia-em-planalto.ghtml\">responsabilizar o pai do menino pela morte<\/a>.<\/p>\n<\/div>\n<\/div>\n<div id=\"chunk-30jou\">\n<div class=\"row medium-uncollapsed content-media content-photo\" data-block-type=\"backstage-photo\" data-block-id=\"39\">\n<div class=\"mc-column content-media__container\">\n<div class=\"content-media-container glb-skeleton-box\">\n<figure class=\"content-media-figure\"><img class=\"i-amphtml-fill-content i-amphtml-replaced-content\" src=\"https:\/\/s2.glbimg.com\/nlIUS4maEEucbQlrmbWQ4GD7ufY=\/0x0:1280x867\/984x0\/smart\/filters:strip_icc()\/i.s3.glbimg.com\/v1\/AUTH_59edd422c0c84a879bd37670ae4f538a\/internal_photos\/bs\/2021\/s\/k\/xwIbmBQMeq97PjjZgPmA\/rafael-planalto.jpeg\" sizes=\"(max-width: 1366px) 648px, 100vw\" srcset=\"https:\/\/s2.glbimg.com\/OHc0rTKOMGAavQnYCnCioKMwVfg=\/0x0:1280x867\/1000x0\/smart\/filters:strip_icc()\/i.s3.glbimg.com\/v1\/AUTH_59edd422c0c84a879bd37670ae4f538a\/internal_photos\/bs\/2021\/s\/k\/xwIbmBQMeq97PjjZgPmA\/rafael-planalto.jpeg 1000w, https:\/\/s2.glbimg.com\/nlIUS4maEEucbQlrmbWQ4GD7ufY=\/0x0:1280x867\/984x0\/smart\/filters:strip_icc()\/i.s3.glbimg.com\/v1\/AUTH_59edd422c0c84a879bd37670ae4f538a\/internal_photos\/bs\/2021\/s\/k\/xwIbmBQMeq97PjjZgPmA\/rafael-planalto.jpeg 984w, https:\/\/s2.glbimg.com\/zYWDhx_EynIhPAPICdum0LZe2gU=\/0x0:1280x867\/640x0\/smart\/filters:strip_icc()\/i.s3.glbimg.com\/v1\/AUTH_59edd422c0c84a879bd37670ae4f538a\/internal_photos\/bs\/2021\/s\/k\/xwIbmBQMeq97PjjZgPmA\/rafael-planalto.jpeg 640w, https:\/\/s2.glbimg.com\/4NzJQLHqAJkcTbeG10p8t77mqnY=\/0x0:1280x867\/600x0\/smart\/filters:strip_icc()\/i.s3.glbimg.com\/v1\/AUTH_59edd422c0c84a879bd37670ae4f538a\/internal_photos\/bs\/2021\/s\/k\/xwIbmBQMeq97PjjZgPmA\/rafael-planalto.jpeg 600w\" alt=\"Rafael Winques, menino morto em Planalto \u2014 Foto: Reprodu\u00e7\u00e3o\/RBS TV\" \/><\/figure>\n<\/div>\n<p class=\"content-media__description \">Rafael Winques, menino morto em Planalto \u2014 Foto: Reprodu\u00e7\u00e3o\/RBS TV<\/p>\n<\/div>\n<\/div>\n<\/div>\n<\/div>\n<\/article>\n<\/div>\n","protected":false},"excerpt":{"rendered":"<p>M\u00e3e do menino dever\u00e1 cumprir mais de 30 anos de pris\u00e3o em regime inicial fechado. Rafael Mateus Winques, de 11 anos, foi encontrado morto em maio de 2020. Por Reda\u00e7\u00e3o, RBS TV Passo Fundo e g1 RS Caso Rafael: veja leitura da senten\u00e7a contra Alexandra Dougokensk A\u00a0mulher acusada de matar o pr\u00f3prio filho\u00a0em\u00a0Planalto, no Norte [&hellip;]<\/p>\n","protected":false},"author":2,"featured_media":0,"comment_status":"open","ping_status":"open","sticky":false,"template":"","format":"standard","meta":{"_links_to":"","_links_to_target":""},"categories":[7,9,8,1,5],"tags":[],"_links":{"self":[{"href":"https:\/\/www.ilheusnoticias.net.br\/v1\/wp-json\/wp\/v2\/posts\/30647"}],"collection":[{"href":"https:\/\/www.ilheusnoticias.net.br\/v1\/wp-json\/wp\/v2\/posts"}],"about":[{"href":"https:\/\/www.ilheusnoticias.net.br\/v1\/wp-json\/wp\/v2\/types\/post"}],"author":[{"embeddable":true,"href":"https:\/\/www.ilheusnoticias.net.br\/v1\/wp-json\/wp\/v2\/users\/2"}],"replies":[{"embeddable":true,"href":"https:\/\/www.ilheusnoticias.net.br\/v1\/wp-json\/wp\/v2\/comments?post=30647"}],"version-history":[{"count":1,"href":"https:\/\/www.ilheusnoticias.net.br\/v1\/wp-json\/wp\/v2\/posts\/30647\/revisions"}],"predecessor-version":[{"id":30648,"href":"https:\/\/www.ilheusnoticias.net.br\/v1\/wp-json\/wp\/v2\/posts\/30647\/revisions\/30648"}],"wp:attachment":[{"href":"https:\/\/www.ilheusnoticias.net.br\/v1\/wp-json\/wp\/v2\/media?parent=30647"}],"wp:term":[{"taxonomy":"category","embeddable":true,"href":"https:\/\/www.ilheusnoticias.net.br\/v1\/wp-json\/wp\/v2\/categories?post=30647"},{"taxonomy":"post_tag","embeddable":true,"href":"https:\/\/www.ilheusnoticias.net.br\/v1\/wp-json\/wp\/v2\/tags?post=30647"}],"curies":[{"name":"wp","href":"https:\/\/api.w.org\/{rel}","templated":true}]}}